{"id":491035,"date":"2026-01-08T10:41:50","date_gmt":"2026-01-08T15:41:50","guid":{"rendered":"https:\/\/www.medellin.gov.co\/es\/?p=491035"},"modified":"2026-01-08T10:41:50","modified_gmt":"2026-01-08T15:41:50","slug":"medellin-cerro-el-ano-con-9-5-millones-de-dolares-de-inversion-por-cooperacion-internacional","status":"publish","type":"post","link":"https:\/\/www.medellin.gov.co\/es\/sala-de-prensa\/noticias\/medellin-cerro-el-ano-con-9-5-millones-de-dolares-de-inversion-por-cooperacion-internacional\/","title":{"rendered":"Medell\u00edn cerr\u00f3 el a\u00f1o con 9.5 millones de d\u00f3lares de inversi\u00f3n por cooperaci\u00f3n internacional"},"content":{"rendered":"<ul>\n<li>Se consolidaron alianzas con organizaciones como The Carter Center, <a href=\"https:\/\/www.hiltonfoundation.org\/\" target=\"_blank\" rel=\"noopener\">Bloomberg Philanthropies<\/a>, Hilton Foundation y Sparkassen Stiftung.<\/li>\n<li>Para 2026 se espera ampliar la presencia en redes globales, atraer nuevas fuentes de cooperaci\u00f3n y escalar proyectos en sostenibilidad, g\u00e9nero e innovaci\u00f3n social.<\/li>\n<\/ul>\n<!--[if lt IE 9]><script>document.createElement('audio');<\/script><![endif]-->\n\t<div class=\"wp-playlist wp-audio-playlist wp-playlist-light\">\n\t\t\t<div class=\"wp-playlist-current-item\"><\/div>\n\t\t<audio controls=\"controls\" preload=\"none\" width=\"640\"\n\t\t\t><\/audio>\n\t<div class=\"wp-playlist-next\"><\/div>\n\t<div class=\"wp-playlist-prev\"><\/div>\n\t<noscript>\n\t<ol>\n\t\t<li><a href='https:\/\/www.medellin.gov.co\/es\/wp-content\/uploads\/2026\/01\/Declaraciones-de-la-directora-ejecutiva-de-la-ACI-Medellin-Cristina-Zambrano.mp3'>Declaraciones de la directora ejecutiva de la ACI Medell\u00edn, Cristina Zambrano<\/a><\/li>\t<\/ol>\n\t<\/noscript>\n\t<script type=\"application\/json\" class=\"wp-playlist-script\">{\"type\":\"audio\",\"tracklist\":true,\"tracknumbers\":true,\"images\":true,\"artists\":true,\"tracks\":[{\"src\":\"https:\\\/\\\/www.medellin.gov.co\\\/es\\\/wp-content\\\/uploads\\\/2026\\\/01\\\/Declaraciones-de-la-directora-ejecutiva-de-la-ACI-Medellin-Cristina-Zambrano.mp3\",\"type\":\"audio\\\/mpeg\",\"title\":\"Declaraciones de la directora ejecutiva de la ACI Medell\\u00edn, Cristina Zambrano\",\"caption\":\"\",\"description\":\"\\u00abDeclaraciones de la directora ejecutiva de la ACI Medell\\u00edn, Cristina Zambrano\\u00bb. \",\"meta\":{\"genre\":\"Blues\",\"length_formatted\":\"0:58\"},\"image\":{\"src\":\"https:\\\/\\\/www.medellin.gov.co\\\/es\\\/wp-includes\\\/images\\\/media\\\/audio.png\",\"width\":48,\"height\":64},\"thumb\":{\"src\":\"https:\\\/\\\/www.medellin.gov.co\\\/es\\\/wp-includes\\\/images\\\/media\\\/audio.png\",\"width\":48,\"height\":64}}]}<\/script>\n<\/div>\n\t\n<p>La Agencia de Cooperaci\u00f3n e Inversi\u00f3n de Medell\u00edn y el \u00c1rea Metropolitana (ACI Medell\u00edn), cerr\u00f3 2025 con resultados sobresalientes en materia de cooperaci\u00f3n internacional, lo que consolida a la ciudad como referente en alianzas para el desarrollo, la innovaci\u00f3n social y la sostenibilidad. Se pas\u00f3 de gestionar 3 millones de d\u00f3lares en 2024 a cerca de 9.5 millones en 2025, a partir del relacionamiento con actores multilaterales, fundaciones globales y redes internacionales.<\/p>\n<p>\u201c<em>A trav\u00e9s de alianzas con organizaciones globales, fondos de cooperaci\u00f3n y redes de ciudades es posible fortalecer proyectos sociales, econ\u00f3micos y ambientales, que generan oportunidades y mejoran la calidad de vida de la ciudadan\u00eda. Estas relaciones abren puertas a nuevos recursos, conocimiento t\u00e9cnico especializado y conexiones estrat\u00e9gicas que potencian la capacidad de gesti\u00f3n del territorio. El prop\u00f3sito es seguir ampliando v\u00ednculos e identificar oportunidades relevantes y trabajar de manera articulada con actores internacionales que compartan una visi\u00f3n de progreso com\u00fan<\/em>\u201d, explic\u00f3 la directora ejecutiva de la ACI Medell\u00edn, Cristina Zambrano.<\/p>\n<p><a href=\"https:\/\/www.medellin.gov.co\/es\/wp-content\/uploads\/2025\/11\/Imagen-panoramica-del-Metrocable.jpg\" target=\"_blank\" rel=\"noopener\"><img loading=\"lazy\" class=\"alignnone wp-image-478254 size-full\" title=\"panor\u00e1mica del Metrocable\" src=\"https:\/\/www.medellin.gov.co\/es\/wp-content\/uploads\/2025\/11\/Imagen-panoramica-del-Metrocable.jpg\" alt=\"Imagen panor\u00e1mica del Metrocable\" width=\"1141\" height=\"760\" srcset=\"https:\/\/www.medellin.gov.co\/es\/wp-content\/uploads\/2025\/11\/Imagen-panoramica-del-Metrocable.jpg 1141w, https:\/\/www.medellin.gov.co\/es\/wp-content\/uploads\/2025\/11\/Imagen-panoramica-del-Metrocable-300x200.jpg 300w, https:\/\/www.medellin.gov.co\/es\/wp-content\/uploads\/2025\/11\/Imagen-panoramica-del-Metrocable-1024x682.jpg 1024w, https:\/\/www.medellin.gov.co\/es\/wp-content\/uploads\/2025\/11\/Imagen-panoramica-del-Metrocable-150x100.jpg 150w, https:\/\/www.medellin.gov.co\/es\/wp-content\/uploads\/2025\/11\/Imagen-panoramica-del-Metrocable-768x512.jpg 768w\" sizes=\"(max-width: 1141px) 100vw, 1141px\" \/><\/a><\/p>\n<p>Se destaca la alianza con The Carter Center, que destin\u00f3 recursos para acompa\u00f1amiento t\u00e9cnico al proyecto Informando a las Mujeres, Transformando Vidas, orientado a fortalecer estrategias de comunicaci\u00f3n con enfoque de g\u00e9nero para mujeres cuidadoras. Adicionalmente, la ciudad afianz\u00f3 v\u00ednculos con Bloomberg Philanthropies, Hilton Foundation y Sparkassen Stiftung, que apoyaron iniciativas sociales, ambientales y de desarrollo econ\u00f3mico.<\/p>\n<p>En paralelo, se profundiz\u00f3 la participaci\u00f3n en redes como C40, Mercociudades, CIDEU y Metropolis, lo que permiti\u00f3 acceder a asistencia t\u00e9cnica especializada, mentor\u00edas y visibilidad en escenarios globales. Gracias a esta articulaci\u00f3n, proyectos estrat\u00e9gicos del Plan de Desarrollo, como Primavera Norte, impulsado por C40 y GIZ, recibieron apoyo clave. Asimismo, la ciudad avanz\u00f3 en formaci\u00f3n de funcionarios, alianzas para proyectos clim\u00e1ticos y presencia en microrredes tem\u00e1ticas.<\/p>\n<p>As\u00ed mismo, Medell\u00edn fue anfitriona de la Academia de Descarbonizaci\u00f3n de Edificios P\u00fablicos de C40, recibi\u00f3 delegaciones de 10 ciudades del mundo y present\u00f3 avances ambientales en la Semana de Acci\u00f3n por el Clima en Londres, donde fue reconocida por su capacidad de ejecutar proyectos verdes, incluso en escenarios financieros complejos.<\/p>\n","protected":false},"excerpt":{"rendered":"<p>Se consolidaron alianzas con organizaciones como The Carter Center, Bloomberg Philanthropies, Hilton Foundation y Sparkassen Stiftung. Para 2026 se espera ampliar la presencia en redes globales, atraer nuevas fuentes de cooperaci\u00f3n y escalar proyectos en &#8230;<\/p>\n","protected":false},"author":21,"featured_media":419068,"comment_status":"open","ping_status":"open","sticky":false,"template":"","format":"standard","meta":[],"categories":[26,17],"tags":[634,434],"formato_nota":[],"programas_tax":[],"acf":[],"_links":{"self":[{"href":"https:\/\/www.medellin.gov.co\/es\/wp-json\/wp\/v2\/posts\/491035"}],"collection":[{"href":"https:\/\/www.medellin.gov.co\/es\/wp-json\/wp\/v2\/posts"}],"about":[{"href":"https:\/\/www.medellin.gov.co\/es\/wp-json\/wp\/v2\/types\/post"}],"author":[{"embeddable":true,"href":"https:\/\/www.medellin.gov.co\/es\/wp-json\/wp\/v2\/users\/21"}],"replies":[{"embeddable":true,"href":"https:\/\/www.medellin.gov.co\/es\/wp-json\/wp\/v2\/comments?post=491035"}],"version-history":[{"count":1,"href":"https:\/\/www.medellin.gov.co\/es\/wp-json\/wp\/v2\/posts\/491035\/revisions"}],"predecessor-version":[{"id":491063,"href":"https:\/\/www.medellin.gov.co\/es\/wp-json\/wp\/v2\/posts\/491035\/revisions\/491063"}],"wp:featuredmedia":[{"embeddable":true,"href":"https:\/\/www.medellin.gov.co\/es\/wp-json\/wp\/v2\/media\/419068"}],"wp:attachment":[{"href":"https:\/\/www.medellin.gov.co\/es\/wp-json\/wp\/v2\/media?parent=491035"}],"wp:term":[{"taxonomy":"category","embeddable":true,"href":"https:\/\/www.medellin.gov.co\/es\/wp-json\/wp\/v2\/categories?post=491035"},{"taxonomy":"post_tag","embeddable":true,"href":"https:\/\/www.medellin.gov.co\/es\/wp-json\/wp\/v2\/tags?post=491035"},{"taxonomy":"formato_nota","embeddable":true,"href":"https:\/\/www.medellin.gov.co\/es\/wp-json\/wp\/v2\/formato_nota?post=491035"},{"taxonomy":"programas_tax","embeddable":true,"href":"https:\/\/www.medellin.gov.co\/es\/wp-json\/wp\/v2\/programas_tax?post=491035"}],"curies":[{"name":"wp","href":"https:\/\/api.w.org\/{rel}","templated":true}]}}