{"id":491405,"date":"2026-01-11T19:42:22","date_gmt":"2026-01-12T00:42:22","guid":{"rendered":"https:\/\/www.medellin.gov.co\/es\/?p=491405"},"modified":"2026-01-11T19:42:22","modified_gmt":"2026-01-12T00:42:22","slug":"la-alcaldia-de-medellin-amplia-la-cobertura-del-subsidio-para-el-mejoramiento-de-vivienda","status":"publish","type":"post","link":"https:\/\/www.medellin.gov.co\/es\/sala-de-prensa\/noticias\/la-alcaldia-de-medellin-amplia-la-cobertura-del-subsidio-para-el-mejoramiento-de-vivienda\/","title":{"rendered":"La Alcald\u00eda de Medell\u00edn ampl\u00eda la cobertura del subsidio para el mejoramiento de vivienda"},"content":{"rendered":"<ul>\n<li>El subsidio de mejoramiento llegar\u00e1, por primera vez, a familias con ingresos entre dos y cuatro salarios m\u00ednimos.<\/li>\n<li>M\u00e1s de 3.500 hogares ya han sido beneficiados con recursos por $72.400 millones, una apuesta construida en alianza con el sector privado.<\/li>\n<\/ul>\n<!--[if lt IE 9]><script>document.createElement('audio');<\/script><![endif]-->\n\t<div class=\"wp-playlist wp-audio-playlist wp-playlist-light\">\n\t\t\t<div class=\"wp-playlist-current-item\"><\/div>\n\t\t<audio controls=\"controls\" preload=\"none\" width=\"640\"\n\t\t\t><\/audio>\n\t<div class=\"wp-playlist-next\"><\/div>\n\t<div class=\"wp-playlist-prev\"><\/div>\n\t<noscript>\n\t<ol>\n\t\t<li><a href='https:\/\/www.medellin.gov.co\/es\/wp-content\/uploads\/2026\/01\/Declaraciones-directora-de-Isvimed-Valentina-Aguilar-Ramirez.mp3'>Declaraciones directora de Isvimed, Valentina Aguilar Ram\u00edrez<\/a><\/li>\t<\/ol>\n\t<\/noscript>\n\t<script type=\"application\/json\" class=\"wp-playlist-script\">{\"type\":\"audio\",\"tracklist\":true,\"tracknumbers\":true,\"images\":true,\"artists\":true,\"tracks\":[{\"src\":\"https:\\\/\\\/www.medellin.gov.co\\\/es\\\/wp-content\\\/uploads\\\/2026\\\/01\\\/Declaraciones-directora-de-Isvimed-Valentina-Aguilar-Ramirez.mp3\",\"type\":\"audio\\\/mpeg\",\"title\":\"Declaraciones directora de Isvimed, Valentina Aguilar Ram\\u00edrez\",\"caption\":\"\",\"description\":\"\\u00abDeclaraciones directora de Isvimed, Valentina Aguilar Ram\\u00edrez\\u00bb. G\\u00e9nero: Blues.\",\"meta\":{\"genre\":\"Blues\",\"length_formatted\":\"1:04\"},\"image\":{\"src\":\"https:\\\/\\\/www.medellin.gov.co\\\/es\\\/wp-includes\\\/images\\\/media\\\/audio.png\",\"width\":48,\"height\":64},\"thumb\":{\"src\":\"https:\\\/\\\/www.medellin.gov.co\\\/es\\\/wp-includes\\\/images\\\/media\\\/audio.png\",\"width\":48,\"height\":64}}]}<\/script>\n<\/div>\n\t\n<p>La Alcald\u00eda de Medell\u00edn ampli\u00f3 la cobertura del subsidio de mejoramiento de vivienda, una de las necesidades m\u00e1s grandes y urgentes de la ciudad. Con esta apuesta, se fortalece el acceso de los hogares a soluciones dignas y seguras. Las familias con ingresos hasta de dos salarios m\u00ednimos mensuales legales vigentes continuar\u00e1n recibiendo el 100 % del subsidio, lo que garantiza que los hogares m\u00e1s vulnerables cuenten con apoyo integral para mejorar pisos, ba\u00f1os, cocinas y otras necesidades locativas.<\/p>\n<p><img loading=\"lazy\" class=\"alignnone wp-image-491409 size-full\" title=\"Subsidio para el mejoramiento de vivienda \" src=\"https:\/\/www.medellin.gov.co\/es\/wp-content\/uploads\/2026\/01\/Imagen-cobertura-del-subsidio-para-el-mejoramiento-de-vivienda-1.jpg\" alt=\"Imagen cobertura del subsidio para el mejoramiento de vivienda (1)\" width=\"1276\" height=\"850\" srcset=\"https:\/\/www.medellin.gov.co\/es\/wp-content\/uploads\/2026\/01\/Imagen-cobertura-del-subsidio-para-el-mejoramiento-de-vivienda-1.jpg 1276w, https:\/\/www.medellin.gov.co\/es\/wp-content\/uploads\/2026\/01\/Imagen-cobertura-del-subsidio-para-el-mejoramiento-de-vivienda-1-300x200.jpg 300w, https:\/\/www.medellin.gov.co\/es\/wp-content\/uploads\/2026\/01\/Imagen-cobertura-del-subsidio-para-el-mejoramiento-de-vivienda-1-1024x682.jpg 1024w, https:\/\/www.medellin.gov.co\/es\/wp-content\/uploads\/2026\/01\/Imagen-cobertura-del-subsidio-para-el-mejoramiento-de-vivienda-1-150x100.jpg 150w, https:\/\/www.medellin.gov.co\/es\/wp-content\/uploads\/2026\/01\/Imagen-cobertura-del-subsidio-para-el-mejoramiento-de-vivienda-1-768x512.jpg 768w\" sizes=\"(max-width: 1276px) 100vw, 1276px\" \/><\/p>\n<p>\u201cA la fecha, ya se han asignado 3.534 subsidios, equivalentes a una inversi\u00f3n total de $72.400 millones, de los cuales $26.400 millones provienen de aliados privados. Este hito demuestra que la vivienda digna se construye en equipo y que la articulaci\u00f3n p\u00fablico-privada es clave para transformar el bienestar de la ciudad\u201d, asegur\u00f3 la directora de Isvimed, Valentina Aguilar Ram\u00edrez.<\/p>\n<p>Por primera vez, la Administraci\u00f3n Distrital incluy\u00f3 a los hogares con ingresos entre dos y cuatro salarios m\u00ednimos mensuales legales vigentes, que ahora podr\u00e1n acceder a cr\u00e9ditos de mejoramiento con subsidio, duplicando el valor financiado y obteniendo beneficios en la tasa, gracias a la alianza estrat\u00e9gica con la Empresa de Vivienda de Antioquia -VIVA-, CrediAntioquia y Confiar.<\/p>\n<p><img loading=\"lazy\" class=\"alignnone wp-image-491407 size-full\" title=\"Subsidio para el mejoramiento de vivienda \" src=\"https:\/\/www.medellin.gov.co\/es\/wp-content\/uploads\/2026\/01\/Imagen-cobertura-del-subsidio-para-el-mejoramiento-de-vivienda-2.jpg\" alt=\"Imagen cobertura del subsidio para el mejoramiento de vivienda (2)\" width=\"1276\" height=\"850\" srcset=\"https:\/\/www.medellin.gov.co\/es\/wp-content\/uploads\/2026\/01\/Imagen-cobertura-del-subsidio-para-el-mejoramiento-de-vivienda-2.jpg 1276w, https:\/\/www.medellin.gov.co\/es\/wp-content\/uploads\/2026\/01\/Imagen-cobertura-del-subsidio-para-el-mejoramiento-de-vivienda-2-300x200.jpg 300w, https:\/\/www.medellin.gov.co\/es\/wp-content\/uploads\/2026\/01\/Imagen-cobertura-del-subsidio-para-el-mejoramiento-de-vivienda-2-1024x682.jpg 1024w, https:\/\/www.medellin.gov.co\/es\/wp-content\/uploads\/2026\/01\/Imagen-cobertura-del-subsidio-para-el-mejoramiento-de-vivienda-2-150x100.jpg 150w, https:\/\/www.medellin.gov.co\/es\/wp-content\/uploads\/2026\/01\/Imagen-cobertura-del-subsidio-para-el-mejoramiento-de-vivienda-2-768x512.jpg 768w\" sizes=\"(max-width: 1276px) 100vw, 1276px\" \/><\/p>\n<p>Adem\u00e1s, Medell\u00edn logr\u00f3, en 2025, una votaci\u00f3n hist\u00f3rica en el proceso de Presupuesto Participativo, lo que impulsa la capacidad de inversi\u00f3n en mejoramientos para 2026. Gracias a esta participaci\u00f3n masiva, se priorizar\u00e1n intervenciones en las comunas 2-Santa Cruz, 4-Aranjuez, 16-Bel\u00e9n, 7-Robledo, 8-Villa Hermosa, 13-San Javier y 6-Doce de Octubre, y los corregimientos San Crist\u00f3bal y San Sebasti\u00e1n de Palmitas.<\/p>\n<p>Durante los primeros meses de 2026, se realizar\u00e1n jornadas de habilitaci\u00f3n en estos territorios, lo que permitir\u00e1 avanzar r\u00e1pidamente en la identificaci\u00f3n, selecci\u00f3n y atenci\u00f3n de m\u00e1s hogares que necesitan mejorar sus viviendas.<\/p>\n","protected":false},"excerpt":{"rendered":"<p>El subsidio de mejoramiento llegar\u00e1, por primera vez, a familias con ingresos entre dos y cuatro salarios m\u00ednimos. M\u00e1s de 3.500 hogares ya han sido beneficiados con recursos por $72.400 millones, una apuesta construida en &#8230;<\/p>\n","protected":false},"author":95,"featured_media":491409,"comment_status":"open","ping_status":"open","sticky":false,"template":"","format":"standard","meta":[],"categories":[26,17],"tags":[455],"formato_nota":[],"programas_tax":[],"acf":[],"_links":{"self":[{"href":"https:\/\/www.medellin.gov.co\/es\/wp-json\/wp\/v2\/posts\/491405"}],"collection":[{"href":"https:\/\/www.medellin.gov.co\/es\/wp-json\/wp\/v2\/posts"}],"about":[{"href":"https:\/\/www.medellin.gov.co\/es\/wp-json\/wp\/v2\/types\/post"}],"author":[{"embeddable":true,"href":"https:\/\/www.medellin.gov.co\/es\/wp-json\/wp\/v2\/users\/95"}],"replies":[{"embeddable":true,"href":"https:\/\/www.medellin.gov.co\/es\/wp-json\/wp\/v2\/comments?post=491405"}],"version-history":[{"count":1,"href":"https:\/\/www.medellin.gov.co\/es\/wp-json\/wp\/v2\/posts\/491405\/revisions"}],"predecessor-version":[{"id":491413,"href":"https:\/\/www.medellin.gov.co\/es\/wp-json\/wp\/v2\/posts\/491405\/revisions\/491413"}],"wp:featuredmedia":[{"embeddable":true,"href":"https:\/\/www.medellin.gov.co\/es\/wp-json\/wp\/v2\/media\/491409"}],"wp:attachment":[{"href":"https:\/\/www.medellin.gov.co\/es\/wp-json\/wp\/v2\/media?parent=491405"}],"wp:term":[{"taxonomy":"category","embeddable":true,"href":"https:\/\/www.medellin.gov.co\/es\/wp-json\/wp\/v2\/categories?post=491405"},{"taxonomy":"post_tag","embeddable":true,"href":"https:\/\/www.medellin.gov.co\/es\/wp-json\/wp\/v2\/tags?post=491405"},{"taxonomy":"formato_nota","embeddable":true,"href":"https:\/\/www.medellin.gov.co\/es\/wp-json\/wp\/v2\/formato_nota?post=491405"},{"taxonomy":"programas_tax","embeddable":true,"href":"https:\/\/www.medellin.gov.co\/es\/wp-json\/wp\/v2\/programas_tax?post=491405"}],"curies":[{"name":"wp","href":"https:\/\/api.w.org\/{rel}","templated":true}]}}