{"id":491427,"date":"2026-01-11T20:17:52","date_gmt":"2026-01-12T01:17:52","guid":{"rendered":"https:\/\/www.medellin.gov.co\/es\/?p=491427"},"modified":"2026-01-11T20:17:52","modified_gmt":"2026-01-12T01:17:52","slug":"la-alcaldia-de-medellin-invierte-2-000-millones-para-posicionar-a-la-ciudad-como-destino-audiovisual-global","status":"publish","type":"post","link":"https:\/\/www.medellin.gov.co\/es\/sala-de-prensa\/noticias\/la-alcaldia-de-medellin-invierte-2-000-millones-para-posicionar-a-la-ciudad-como-destino-audiovisual-global\/","title":{"rendered":"La Alcald\u00eda de Medell\u00edn invierte $2.000 millones para posicionar a la ciudad como destino audiovisual global"},"content":{"rendered":"<ul>\n<li>En 2025, en total 140 producciones se beneficiaron con estos recursos.<\/li>\n<li>42 producciones cinematogr\u00e1ficas y audiovisuales fueron acompa\u00f1adas por la <a href=\"https:\/\/comisionfilmicacolombia.com\/\" target=\"_blank\" rel=\"noopener\">Comisi\u00f3n F\u00edlmica<\/a>.<\/li>\n<\/ul>\n<!--[if lt IE 9]><script>document.createElement('audio');<\/script><![endif]-->\n\t<div class=\"wp-playlist wp-audio-playlist wp-playlist-light\">\n\t\t\t<div class=\"wp-playlist-current-item\"><\/div>\n\t\t<audio controls=\"controls\" preload=\"none\" width=\"640\"\n\t\t\t><\/audio>\n\t<div class=\"wp-playlist-next\"><\/div>\n\t<div class=\"wp-playlist-prev\"><\/div>\n\t<noscript>\n\t<ol>\n\t\t<li><a href='https:\/\/www.medellin.gov.co\/es\/wp-content\/uploads\/2026\/01\/Declaraciones-secretaria-de-Desarrollo-Economico-de-Medellin-Maria-Fernanda-Galeano.mp3'>Declaraciones secretaria de Desarrollo Econ\u00f3mico de Medell\u00edn, Mar\u00eda Fernanda Galeano}<\/a><\/li>\t<\/ol>\n\t<\/noscript>\n\t<script type=\"application\/json\" class=\"wp-playlist-script\">{\"type\":\"audio\",\"tracklist\":true,\"tracknumbers\":true,\"images\":true,\"artists\":true,\"tracks\":[{\"src\":\"https:\\\/\\\/www.medellin.gov.co\\\/es\\\/wp-content\\\/uploads\\\/2026\\\/01\\\/Declaraciones-secretaria-de-Desarrollo-Economico-de-Medellin-Maria-Fernanda-Galeano.mp3\",\"type\":\"audio\\\/mpeg\",\"title\":\"Declaraciones secretaria de Desarrollo Econ\\u00f3mico de Medell\\u00edn, Mar\\u00eda Fernanda Galeano}\",\"caption\":\"\",\"description\":\"\\u00abDeclaraciones secretaria de Desarrollo Econ\\u00f3mico de Medell\\u00edn, Mar\\u00eda Fernanda Galeano}\\u00bb. G\\u00e9nero: Blues.\",\"meta\":{\"genre\":\"Blues\",\"length_formatted\":\"0:42\"},\"image\":{\"src\":\"https:\\\/\\\/www.medellin.gov.co\\\/es\\\/wp-includes\\\/images\\\/media\\\/audio.png\",\"width\":48,\"height\":64},\"thumb\":{\"src\":\"https:\\\/\\\/www.medellin.gov.co\\\/es\\\/wp-includes\\\/images\\\/media\\\/audio.png\",\"width\":48,\"height\":64}}]}<\/script>\n<\/div>\n\t\n<p>La capital antioque\u00f1a ha tenido avances significativos en su consolidaci\u00f3n como hub audiovisual estrat\u00e9gico en Latinoam\u00e9rica, impulsado por el Incentivo Cinematogr\u00e1fico y Audiovisual de Medell\u00edn -ICAM-, entregado por la Administraci\u00f3n Distrital, a trav\u00e9s de su Comisi\u00f3n F\u00edlmica. La confianza en el sector local se refleja en la \u00faltima convocatoria del ICAM 2025, que registr\u00f3 un incremento de 331 % en las postulaciones, pasando de 54 en 2024 a 179 en 2025. Los proyectos beneficiados crecieron de 45 a 140, lo cual ratifica el incentivo como un motor clave para el fortalecimiento de la industria. \u201cMedell\u00edn se ha consolidado como territorio l\u00edder en producci\u00f3n, talento y oportunidades para el sector audiovisual y cinematogr\u00e1fico. A trav\u00e9s de la Comisi\u00f3n F\u00edlmica, hemos entregado incentivos por $2.000 millones, que contribuyeron al fortalecimiento del ecosistema audiovisual local. Tambi\u00e9n hemos acompa\u00f1ado 42 producciones locales, nacionales e internacionales, mediante la gesti\u00f3n de permisos, b\u00fasqueda de locaciones y conexi\u00f3n con el talento local. Gracias a estos logros hoy Medell\u00edn es reconocida como un destino confiable, competitivo y atractivo para grandes estudios y productoras\u201d, dijo la secretaria de Desarrollo Econ\u00f3mico, Mar\u00eda Fernanda Galeano Rojo.<\/p>\n\n\t\t<style type=\"text\/css\">\n\t\t\t#gallery-1 {\n\t\t\t\tmargin: auto;\n\t\t\t}\n\t\t\t#gallery-1 .gallery-item {\n\t\t\t\tfloat: left;\n\t\t\t\tmargin-top: 10px;\n\t\t\t\ttext-align: center;\n\t\t\t\twidth: 50%;\n\t\t\t}\n\t\t\t#gallery-1 img {\n\t\t\t\tborder: 2px solid #cfcfcf;\n\t\t\t}\n\t\t\t#gallery-1 .gallery-caption {\n\t\t\t\tmargin-left: 0;\n\t\t\t}\n\t\t\t\/* see gallery_shortcode() in wp-includes\/media.php *\/\n\t\t<\/style>\n\t\t<div id='gallery-1' class='gallery galleryid-491427 gallery-columns-2 gallery-size-full'><dl class='gallery-item'>\n\t\t\t<dt class='gallery-icon landscape'>\n\t\t\t\t<a href='https:\/\/www.medellin.gov.co\/es\/sala-de-prensa\/noticias\/la-alcaldia-de-medellin-invierte-2-000-millones-para-posicionar-a-la-ciudad-como-destino-audiovisual-global\/imagen-medellin-destino-audiovisual-global-5\/'><img width=\"1133\" height=\"850\" src=\"https:\/\/www.medellin.gov.co\/es\/wp-content\/uploads\/2026\/01\/Imagen-Medellin-destino-audiovisual-global-5.jpg\" class=\"attachment-full size-full\" alt=\"Imagen Medell\u00edn destino audiovisual global (5)\" loading=\"lazy\" srcset=\"https:\/\/www.medellin.gov.co\/es\/wp-content\/uploads\/2026\/01\/Imagen-Medellin-destino-audiovisual-global-5.jpg 1133w, https:\/\/www.medellin.gov.co\/es\/wp-content\/uploads\/2026\/01\/Imagen-Medellin-destino-audiovisual-global-5-300x225.jpg 300w, https:\/\/www.medellin.gov.co\/es\/wp-content\/uploads\/2026\/01\/Imagen-Medellin-destino-audiovisual-global-5-1024x768.jpg 1024w, https:\/\/www.medellin.gov.co\/es\/wp-content\/uploads\/2026\/01\/Imagen-Medellin-destino-audiovisual-global-5-150x113.jpg 150w, https:\/\/www.medellin.gov.co\/es\/wp-content\/uploads\/2026\/01\/Imagen-Medellin-destino-audiovisual-global-5-768x576.jpg 768w\" sizes=\"(max-width: 1133px) 100vw, 1133px\" \/><\/a>\n\t\t\t<\/dt><\/dl><dl class='gallery-item'>\n\t\t\t<dt class='gallery-icon landscape'>\n\t\t\t\t<a href='https:\/\/www.medellin.gov.co\/es\/sala-de-prensa\/noticias\/la-alcaldia-de-medellin-invierte-2-000-millones-para-posicionar-a-la-ciudad-como-destino-audiovisual-global\/imagen-medellin-destino-audiovisual-global-4\/'><img width=\"1133\" height=\"850\" src=\"https:\/\/www.medellin.gov.co\/es\/wp-content\/uploads\/2026\/01\/Imagen-Medellin-destino-audiovisual-global-4.jpg\" class=\"attachment-full size-full\" alt=\"Imagen Medell\u00edn destino audiovisual global (4)\" loading=\"lazy\" srcset=\"https:\/\/www.medellin.gov.co\/es\/wp-content\/uploads\/2026\/01\/Imagen-Medellin-destino-audiovisual-global-4.jpg 1133w, https:\/\/www.medellin.gov.co\/es\/wp-content\/uploads\/2026\/01\/Imagen-Medellin-destino-audiovisual-global-4-300x225.jpg 300w, https:\/\/www.medellin.gov.co\/es\/wp-content\/uploads\/2026\/01\/Imagen-Medellin-destino-audiovisual-global-4-1024x768.jpg 1024w, https:\/\/www.medellin.gov.co\/es\/wp-content\/uploads\/2026\/01\/Imagen-Medellin-destino-audiovisual-global-4-150x113.jpg 150w, https:\/\/www.medellin.gov.co\/es\/wp-content\/uploads\/2026\/01\/Imagen-Medellin-destino-audiovisual-global-4-768x576.jpg 768w\" sizes=\"(max-width: 1133px) 100vw, 1133px\" \/><\/a>\n\t\t\t<\/dt><\/dl><br style=\"clear: both\" \/>\n\t\t<\/div>\n\n<p>La derrama econ\u00f3mica generada por los proyectos postulados en 2025 es de m\u00e1s de $14.862 millones. Adem\u00e1s, Medell\u00edn es la \u00fanica ciudad en el pa\u00eds con un incentivo de cash rebate, una herramienta que impulsa la llegada de producciones nacionales e internacionales, lo que eleva su posicionamiento en Latinoam\u00e9rica.<\/p>\n<p>La ciudad ha fortalecido su estrategia de atracci\u00f3n de grandes estudios y productoras internacionales para que conozcan el talento y las locaciones. Entre los rodajes acompa\u00f1ados se encuentran proyectos de la BBC y Volvo; producciones con artistas como Karol G y Feid; y largometrajes como Un poeta y Uno vuelve siempre.<\/p>\n<p><img loading=\"lazy\" class=\"alignnone wp-image-491438 size-full\" title=\"Medell\u00edn\" src=\"https:\/\/www.medellin.gov.co\/es\/wp-content\/uploads\/2026\/01\/Imagen-Medellin-destino-audiovisual-global-2.jpg\" alt=\"Imagen Medell\u00edn destino audiovisual global (2)\" width=\"1280\" height=\"720\" srcset=\"https:\/\/www.medellin.gov.co\/es\/wp-content\/uploads\/2026\/01\/Imagen-Medellin-destino-audiovisual-global-2.jpg 1280w, https:\/\/www.medellin.gov.co\/es\/wp-content\/uploads\/2026\/01\/Imagen-Medellin-destino-audiovisual-global-2-300x169.jpg 300w, https:\/\/www.medellin.gov.co\/es\/wp-content\/uploads\/2026\/01\/Imagen-Medellin-destino-audiovisual-global-2-1024x576.jpg 1024w, https:\/\/www.medellin.gov.co\/es\/wp-content\/uploads\/2026\/01\/Imagen-Medellin-destino-audiovisual-global-2-150x84.jpg 150w, https:\/\/www.medellin.gov.co\/es\/wp-content\/uploads\/2026\/01\/Imagen-Medellin-destino-audiovisual-global-2-768x432.jpg 768w\" sizes=\"(max-width: 1280px) 100vw, 1280px\" \/><\/p>\n<p>Adem\u00e1s, se realizaron seis fam trips (viajes de familiarizaci\u00f3n), que contaron con la participaci\u00f3n de productoras y estudios de la talla de Netflix, Hammerstone Studios, Gaumont, CatchLight Studios, Plan B y Centropolis Entertainment, que exploraron el potencial de la ciudad. La Comisi\u00f3n F\u00edlmica tuvo presencia en escenarios internacionales clave como NALIP (Los \u00c1ngeles), C2 Montreal, Cineposium 2025 (Cincinnati) y Ventana Sur, fortaleciendo v\u00ednculos con Disney, Amazon Studios, Warner Brothers y el Sundance Festival.<\/p>\n<p><img loading=\"lazy\" class=\"alignnone wp-image-491435 size-full\" title=\"Medell\u00edn\" src=\"https:\/\/www.medellin.gov.co\/es\/wp-content\/uploads\/2026\/01\/Imagen-Medellin-destino-audiovisual-global-3.jpg\" alt=\"Imagen Medell\u00edn destino audiovisual global (3)\" width=\"1280\" height=\"720\" srcset=\"https:\/\/www.medellin.gov.co\/es\/wp-content\/uploads\/2026\/01\/Imagen-Medellin-destino-audiovisual-global-3.jpg 1280w, https:\/\/www.medellin.gov.co\/es\/wp-content\/uploads\/2026\/01\/Imagen-Medellin-destino-audiovisual-global-3-300x169.jpg 300w, https:\/\/www.medellin.gov.co\/es\/wp-content\/uploads\/2026\/01\/Imagen-Medellin-destino-audiovisual-global-3-1024x576.jpg 1024w, https:\/\/www.medellin.gov.co\/es\/wp-content\/uploads\/2026\/01\/Imagen-Medellin-destino-audiovisual-global-3-150x84.jpg 150w, https:\/\/www.medellin.gov.co\/es\/wp-content\/uploads\/2026\/01\/Imagen-Medellin-destino-audiovisual-global-3-768x432.jpg 768w\" sizes=\"(max-width: 1280px) 100vw, 1280px\" \/><\/p>\n<p>Como parte de la estrategia de fortalecimiento empresarial, se realiz\u00f3 una rueda audiovisual con una proyecci\u00f3n de inversi\u00f3n de $2.250 millones destinados a la consolidaci\u00f3n de empresas locales del sector.<\/p>\n<p>Con una inversi\u00f3n hist\u00f3rica y la atracci\u00f3n de grandes proyectos, el Distrito se afianza como un destino competitivo para la producci\u00f3n cinematogr\u00e1fica y audiovisual.<\/p>\n","protected":false},"excerpt":{"rendered":"<p>En 2025, en total 140 producciones se beneficiaron con estos recursos. 42 producciones cinematogr\u00e1ficas y audiovisuales fueron acompa\u00f1adas por la Comisi\u00f3n F\u00edlmica. La capital antioque\u00f1a ha tenido avances significativos en su consolidaci\u00f3n como hub audiovisual &#8230;<\/p>\n","protected":false},"author":95,"featured_media":491436,"comment_status":"open","ping_status":"open","sticky":false,"template":"","format":"standard","meta":[],"categories":[3],"tags":[455,430],"formato_nota":[],"programas_tax":[],"acf":[],"_links":{"self":[{"href":"https:\/\/www.medellin.gov.co\/es\/wp-json\/wp\/v2\/posts\/491427"}],"collection":[{"href":"https:\/\/www.medellin.gov.co\/es\/wp-json\/wp\/v2\/posts"}],"about":[{"href":"https:\/\/www.medellin.gov.co\/es\/wp-json\/wp\/v2\/types\/post"}],"author":[{"embeddable":true,"href":"https:\/\/www.medellin.gov.co\/es\/wp-json\/wp\/v2\/users\/95"}],"replies":[{"embeddable":true,"href":"https:\/\/www.medellin.gov.co\/es\/wp-json\/wp\/v2\/comments?post=491427"}],"version-history":[{"count":1,"href":"https:\/\/www.medellin.gov.co\/es\/wp-json\/wp\/v2\/posts\/491427\/revisions"}],"predecessor-version":[{"id":491442,"href":"https:\/\/www.medellin.gov.co\/es\/wp-json\/wp\/v2\/posts\/491427\/revisions\/491442"}],"wp:featuredmedia":[{"embeddable":true,"href":"https:\/\/www.medellin.gov.co\/es\/wp-json\/wp\/v2\/media\/491436"}],"wp:attachment":[{"href":"https:\/\/www.medellin.gov.co\/es\/wp-json\/wp\/v2\/media?parent=491427"}],"wp:term":[{"taxonomy":"category","embeddable":true,"href":"https:\/\/www.medellin.gov.co\/es\/wp-json\/wp\/v2\/categories?post=491427"},{"taxonomy":"post_tag","embeddable":true,"href":"https:\/\/www.medellin.gov.co\/es\/wp-json\/wp\/v2\/tags?post=491427"},{"taxonomy":"formato_nota","embeddable":true,"href":"https:\/\/www.medellin.gov.co\/es\/wp-json\/wp\/v2\/formato_nota?post=491427"},{"taxonomy":"programas_tax","embeddable":true,"href":"https:\/\/www.medellin.gov.co\/es\/wp-json\/wp\/v2\/programas_tax?post=491427"}],"curies":[{"name":"wp","href":"https:\/\/api.w.org\/{rel}","templated":true}]}}