{"id":491458,"date":"2026-01-12T16:11:54","date_gmt":"2026-01-12T21:11:54","guid":{"rendered":"https:\/\/www.medellin.gov.co\/es\/?p=491458"},"modified":"2026-01-12T16:11:54","modified_gmt":"2026-01-12T21:11:54","slug":"con-mas-de-13-000-participantes-la-ciudadela-occidente-se-consolido-como-epicentro-educativo-y-cultural-de-medellin","status":"publish","type":"post","link":"https:\/\/www.medellin.gov.co\/es\/sala-de-prensa\/noticias\/con-mas-de-13-000-participantes-la-ciudadela-occidente-se-consolido-como-epicentro-educativo-y-cultural-de-medellin\/","title":{"rendered":"Con m\u00e1s de 13.000 participantes, la Ciudadela Occidente se consolid\u00f3 como epicentro educativo y cultural de Medell\u00edn"},"content":{"rendered":"<ul>\n<li>Entre los eventos destacados sobresalen el Festival de las Oportunidades, Medell\u00edn Music Lab, Comisi\u00f3n F\u00edlmica de Medell\u00edn y la \u00f3pera lituana Sun &amp; Sea.<\/li>\n<li>Para 2026, la Ciudadela Occidente continuar\u00e1 fortaleciendo su oferta como referente educativo.<\/li>\n<\/ul>\n<!--[if lt IE 9]><script>document.createElement('audio');<\/script><![endif]-->\n\t<div class=\"wp-playlist wp-audio-playlist wp-playlist-light\">\n\t\t\t<div class=\"wp-playlist-current-item\"><\/div>\n\t\t<audio controls=\"controls\" preload=\"none\" width=\"640\"\n\t\t\t><\/audio>\n\t<div class=\"wp-playlist-next\"><\/div>\n\t<div class=\"wp-playlist-prev\"><\/div>\n\t<noscript>\n\t<ol>\n\t\t<li><a href='https:\/\/www.medellin.gov.co\/es\/wp-content\/uploads\/2026\/01\/Declaraciones-director-general-de-Sapiencia-Salomon-Cruz-Zirene.mp3'>Declaraciones director general de Sapiencia, Salom\u00f3n Cruz Zirene<\/a><\/li>\t<\/ol>\n\t<\/noscript>\n\t<script type=\"application\/json\" class=\"wp-playlist-script\">{\"type\":\"audio\",\"tracklist\":true,\"tracknumbers\":true,\"images\":true,\"artists\":true,\"tracks\":[{\"src\":\"https:\\\/\\\/www.medellin.gov.co\\\/es\\\/wp-content\\\/uploads\\\/2026\\\/01\\\/Declaraciones-director-general-de-Sapiencia-Salomon-Cruz-Zirene.mp3\",\"type\":\"audio\\\/mpeg\",\"title\":\"Declaraciones director general de Sapiencia, Salom\\u00f3n Cruz Zirene\",\"caption\":\"\",\"description\":\"\\u00abDeclaraciones director general de Sapiencia, Salom\\u00f3n Cruz Zirene\\u00bb. G\\u00e9nero: Blues.\",\"meta\":{\"genre\":\"Blues\",\"length_formatted\":\"1:02\"},\"image\":{\"src\":\"https:\\\/\\\/www.medellin.gov.co\\\/es\\\/wp-includes\\\/images\\\/media\\\/audio.png\",\"width\":48,\"height\":64},\"thumb\":{\"src\":\"https:\\\/\\\/www.medellin.gov.co\\\/es\\\/wp-includes\\\/images\\\/media\\\/audio.png\",\"width\":48,\"height\":64}}]}<\/script>\n<\/div>\n\t\n<p>La Ciudadela de Occidente confirm\u00f3 su lugar como uno de los escenarios m\u00e1s din\u00e1micos y transformadores de Medell\u00edn. Con m\u00e1s de 13.000 personas participando en sus actividades y 300 culminando procesos formativos durante el 2025, este espacio, administrado por Sapiencia -la Agencia de Educaci\u00f3n Postsecundaria-, se proyect\u00f3 como un motor de oportunidades y aprendizaje.<\/p>\n<p><img loading=\"lazy\" class=\"alignnone wp-image-491462 size-full\" title=\"Ciudadela Occidente\" src=\"https:\/\/www.medellin.gov.co\/es\/wp-content\/uploads\/2026\/01\/Imagen-Ciudadela-Occidente-3.jpg\" alt=\"Imagen Ciudadela Occidente (3)\" width=\"1276\" height=\"850\" srcset=\"https:\/\/www.medellin.gov.co\/es\/wp-content\/uploads\/2026\/01\/Imagen-Ciudadela-Occidente-3.jpg 1276w, https:\/\/www.medellin.gov.co\/es\/wp-content\/uploads\/2026\/01\/Imagen-Ciudadela-Occidente-3-300x200.jpg 300w, https:\/\/www.medellin.gov.co\/es\/wp-content\/uploads\/2026\/01\/Imagen-Ciudadela-Occidente-3-1024x682.jpg 1024w, https:\/\/www.medellin.gov.co\/es\/wp-content\/uploads\/2026\/01\/Imagen-Ciudadela-Occidente-3-150x100.jpg 150w, https:\/\/www.medellin.gov.co\/es\/wp-content\/uploads\/2026\/01\/Imagen-Ciudadela-Occidente-3-768x512.jpg 768w\" sizes=\"(max-width: 1276px) 100vw, 1276px\" \/><\/p>\n<p>Su programaci\u00f3n diversa integr\u00f3 los sectores educativo, cultural, deportivo y comunitario, fortaleciendo capacidades locales y ampliando el acceso a experiencias formativas y creativas. Desde talleres t\u00e9cnicos y laboratorios especializados hasta grandes eventos culturales, cada acci\u00f3n consolid\u00f3 a la ciudadela como un espacio vivo, de puertas abiertas y con vocaci\u00f3n de innovaci\u00f3n.<\/p>\n<p>\u201cLa ciudadela es hoy uno de los s\u00edmbolos m\u00e1s potentes de lo que significa llevar la educaci\u00f3n y la creatividad al territorio: un lugar donde las personas transforman su proyecto de vida y donde Medell\u00edn encuentra nuevas formas de crecer. Lo que antes fue un espacio de sanci\u00f3n social, como la antigua c\u00e1rcel El Buen Pastor, hoy se convierte en un lugar abierto al conocimiento, a las oportunidades reales\u201d, afirm\u00f3 el director general de Sapiencia, Salom\u00f3n Cruz Zirene.<\/p>\n<p>Entre los eventos destacados de 2025 sobresale el Festival de las Oportunidades, Medell\u00edn Music Lab, procesos de formaci\u00f3n y muestras art\u00edsticas con Mutar y la Red Audiovisual, y m\u00faltiples iniciativas de la Comisi\u00f3n F\u00edlmica de Medell\u00edn. Uno de los momentos m\u00e1s memorables fue la presentaci\u00f3n de Sun &amp; Sea, \u00f3pera-performance ganadora del Le\u00f3n de Oro en la Bienal de Venecia, que convoc\u00f3 a m\u00e1s de 4.500 asistentes, posibilitando la visibilidad de la Ciudadela de Occidente a nivel nacional e internacional.<\/p>\n<p>Este protagonismo fue posible gracias a una red de alianzas con entidades del Conglomerado P\u00fablico y organizaciones culturales, as\u00ed como entre las secretar\u00edas de Desarrollo Econ\u00f3mico, Juventud, Cultura Ciudadana, Educaci\u00f3n, Inder, Buen Comienzo, Bureau y las instituciones universitarias del Distrito: ITM, Pascual Bravo y Colmayor.<\/p>\n<p><img loading=\"lazy\" class=\"alignnone wp-image-491461 size-full\" title=\"Ciudadela Occidente\" src=\"https:\/\/www.medellin.gov.co\/es\/wp-content\/uploads\/2026\/01\/Imagen-Ciudadela-Occidente-2.jpg\" alt=\"Imagen Ciudadela Occidente (2)\" width=\"1280\" height=\"732\" srcset=\"https:\/\/www.medellin.gov.co\/es\/wp-content\/uploads\/2026\/01\/Imagen-Ciudadela-Occidente-2.jpg 1280w, https:\/\/www.medellin.gov.co\/es\/wp-content\/uploads\/2026\/01\/Imagen-Ciudadela-Occidente-2-300x172.jpg 300w, https:\/\/www.medellin.gov.co\/es\/wp-content\/uploads\/2026\/01\/Imagen-Ciudadela-Occidente-2-1024x586.jpg 1024w, https:\/\/www.medellin.gov.co\/es\/wp-content\/uploads\/2026\/01\/Imagen-Ciudadela-Occidente-2-150x86.jpg 150w, https:\/\/www.medellin.gov.co\/es\/wp-content\/uploads\/2026\/01\/Imagen-Ciudadela-Occidente-2-768x439.jpg 768w\" sizes=\"(max-width: 1280px) 100vw, 1280px\" \/><\/p>\n<p>Adem\u00e1s, se sumaron actores clave como el <a href=\"https:\/\/www.sena.edu.co\/\" target=\"_blank\" rel=\"noopener\">SENA<\/a>, el Museo de Arte Moderno de Medell\u00edn, la Academia Colombiana de Artes y Ciencias Cinematogr\u00e1ficas, Smart Films, Tecnnova, la Universidad de Antioquia y el Festival de Cine Comuna 13.<\/p>\n<p>Con estos avances, la Ciudadela de Occidente cerr\u00f3 2025 como referente de educaci\u00f3n, cultura e industrias creativas, afirmando su papel como el gran laboratorio de oportunidades que tiene Sapiencia.<\/p>\n<p>Para 2026, el prop\u00f3sito de la Administraci\u00f3n Distrital es seguir consolidando a la Ciudadela de Occidente, abriendo las puertas a la educaci\u00f3n, la cultura y a eventos de ciudad, para que sea un referente en diferentes \u00e1reas.<\/p>\n","protected":false},"excerpt":{"rendered":"<p>Entre los eventos destacados sobresalen el Festival de las Oportunidades, Medell\u00edn Music Lab, Comisi\u00f3n F\u00edlmica de Medell\u00edn y la \u00f3pera lituana Sun &amp; Sea. Para 2026, la Ciudadela Occidente continuar\u00e1 fortaleciendo su oferta como referente &#8230;<\/p>\n","protected":false},"author":95,"featured_media":491464,"comment_status":"open","ping_status":"open","sticky":false,"template":"","format":"standard","meta":[],"categories":[17],"tags":[455],"formato_nota":[],"programas_tax":[],"acf":[],"_links":{"self":[{"href":"https:\/\/www.medellin.gov.co\/es\/wp-json\/wp\/v2\/posts\/491458"}],"collection":[{"href":"https:\/\/www.medellin.gov.co\/es\/wp-json\/wp\/v2\/posts"}],"about":[{"href":"https:\/\/www.medellin.gov.co\/es\/wp-json\/wp\/v2\/types\/post"}],"author":[{"embeddable":true,"href":"https:\/\/www.medellin.gov.co\/es\/wp-json\/wp\/v2\/users\/95"}],"replies":[{"embeddable":true,"href":"https:\/\/www.medellin.gov.co\/es\/wp-json\/wp\/v2\/comments?post=491458"}],"version-history":[{"count":1,"href":"https:\/\/www.medellin.gov.co\/es\/wp-json\/wp\/v2\/posts\/491458\/revisions"}],"predecessor-version":[{"id":491466,"href":"https:\/\/www.medellin.gov.co\/es\/wp-json\/wp\/v2\/posts\/491458\/revisions\/491466"}],"wp:featuredmedia":[{"embeddable":true,"href":"https:\/\/www.medellin.gov.co\/es\/wp-json\/wp\/v2\/media\/491464"}],"wp:attachment":[{"href":"https:\/\/www.medellin.gov.co\/es\/wp-json\/wp\/v2\/media?parent=491458"}],"wp:term":[{"taxonomy":"category","embeddable":true,"href":"https:\/\/www.medellin.gov.co\/es\/wp-json\/wp\/v2\/categories?post=491458"},{"taxonomy":"post_tag","embeddable":true,"href":"https:\/\/www.medellin.gov.co\/es\/wp-json\/wp\/v2\/tags?post=491458"},{"taxonomy":"formato_nota","embeddable":true,"href":"https:\/\/www.medellin.gov.co\/es\/wp-json\/wp\/v2\/formato_nota?post=491458"},{"taxonomy":"programas_tax","embeddable":true,"href":"https:\/\/www.medellin.gov.co\/es\/wp-json\/wp\/v2\/programas_tax?post=491458"}],"curies":[{"name":"wp","href":"https:\/\/api.w.org\/{rel}","templated":true}]}}