{"id":491476,"date":"2026-01-12T16:30:51","date_gmt":"2026-01-12T21:30:51","guid":{"rendered":"https:\/\/www.medellin.gov.co\/es\/?p=491476"},"modified":"2026-01-12T16:30:51","modified_gmt":"2026-01-12T21:30:51","slug":"medellin-sigue-impulsando-la-permanencia-escolar-y-se-prepara-para-las-matriculas-de-2026","status":"publish","type":"post","link":"https:\/\/www.medellin.gov.co\/es\/sala-de-prensa\/noticias\/medellin-sigue-impulsando-la-permanencia-escolar-y-se-prepara-para-las-matriculas-de-2026\/","title":{"rendered":"Medell\u00edn sigue impulsando la permanencia escolar y se prepara para las matr\u00edculas de 2026"},"content":{"rendered":"<ul>\n<li>Los recorridos de b\u00fasqueda activa fortalecen el acompa\u00f1amiento a las familias y previenen la deserci\u00f3n.<\/li>\n<li>Medell\u00edn proyecta un proceso de matr\u00edculas 2026 con mayor acompa\u00f1amiento, gesti\u00f3n oportuna y ampliaci\u00f3n de oportunidades educativas.<\/li>\n<\/ul>\n<!--[if lt IE 9]><script>document.createElement('audio');<\/script><![endif]-->\n\t<div class=\"wp-playlist wp-audio-playlist wp-playlist-light\">\n\t\t\t<div class=\"wp-playlist-current-item\"><\/div>\n\t\t<audio controls=\"controls\" preload=\"none\" width=\"640\"\n\t\t\t><\/audio>\n\t<div class=\"wp-playlist-next\"><\/div>\n\t<div class=\"wp-playlist-prev\"><\/div>\n\t<noscript>\n\t<ol>\n\t\t<li><a href='https:\/\/www.medellin.gov.co\/es\/wp-content\/uploads\/2026\/01\/Declaraciones-secretaria-de-Educacion-Carolina-Franco-Giraldo-3.mp3'>Declaraciones secretaria de Educaci\u00f3n, Carolina Franco Giraldo<\/a><\/li>\t<\/ol>\n\t<\/noscript>\n\t<script type=\"application\/json\" class=\"wp-playlist-script\">{\"type\":\"audio\",\"tracklist\":true,\"tracknumbers\":true,\"images\":true,\"artists\":true,\"tracks\":[{\"src\":\"https:\\\/\\\/www.medellin.gov.co\\\/es\\\/wp-content\\\/uploads\\\/2026\\\/01\\\/Declaraciones-secretaria-de-Educacion-Carolina-Franco-Giraldo-3.mp3\",\"type\":\"audio\\\/mpeg\",\"title\":\"Declaraciones secretaria de Educaci\\u00f3n, Carolina Franco Giraldo\",\"caption\":\"\",\"description\":\"\\u00abDeclaraciones secretaria de Educaci\\u00f3n, Carolina Franco Giraldo\\u00bb. G\\u00e9nero: Blues.\",\"meta\":{\"genre\":\"Blues\",\"length_formatted\":\"0:50\"},\"image\":{\"src\":\"https:\\\/\\\/www.medellin.gov.co\\\/es\\\/wp-includes\\\/images\\\/media\\\/audio.png\",\"width\":48,\"height\":64},\"thumb\":{\"src\":\"https:\\\/\\\/www.medellin.gov.co\\\/es\\\/wp-includes\\\/images\\\/media\\\/audio.png\",\"width\":48,\"height\":64}}]}<\/script>\n<\/div>\n\t\n<p>Medell\u00edn marca un hito en educaci\u00f3n. El Distrito, a trav\u00e9s de la Secretar\u00eda de Educaci\u00f3n, consolida resultados hist\u00f3ricos en permanencia escolar y se anticipa al proceso de matr\u00edculas 2026 con acciones contundentes, mayor acompa\u00f1amiento a las familias y ampliaci\u00f3n de oportunidades educativas en todo el territorio.<\/p>\n<p><img loading=\"lazy\" class=\"alignnone wp-image-491484 size-full\" title=\"Permanencia escolar\" src=\"https:\/\/www.medellin.gov.co\/es\/wp-content\/uploads\/2026\/01\/Imagen-permanencia-escolar-1.jpg\" alt=\"Imagen permanencia escolar (1)\" width=\"1276\" height=\"850\" srcset=\"https:\/\/www.medellin.gov.co\/es\/wp-content\/uploads\/2026\/01\/Imagen-permanencia-escolar-1.jpg 1276w, https:\/\/www.medellin.gov.co\/es\/wp-content\/uploads\/2026\/01\/Imagen-permanencia-escolar-1-300x200.jpg 300w, https:\/\/www.medellin.gov.co\/es\/wp-content\/uploads\/2026\/01\/Imagen-permanencia-escolar-1-1024x682.jpg 1024w, https:\/\/www.medellin.gov.co\/es\/wp-content\/uploads\/2026\/01\/Imagen-permanencia-escolar-1-150x100.jpg 150w, https:\/\/www.medellin.gov.co\/es\/wp-content\/uploads\/2026\/01\/Imagen-permanencia-escolar-1-768x512.jpg 768w\" sizes=\"(max-width: 1276px) 100vw, 1276px\" \/><\/p>\n<p>Con la estrategia En el Colegio Contamos con Vos, el Distrito super\u00f3 la meta del plan de desarrollo y logr\u00f3 recuperar m\u00e1s de 11.000 estudiantes que estaban por fuera del sistema educativo oficial, reafirmando el compromiso de que ninguna ni\u00f1a, ni\u00f1o, adolescente o joven se quede sin estudiar.<\/p>\n<p>\u201cEn 2025, con una inversi\u00f3n cercana a los $1.800 millones, superamos la meta del plan de desarrollo y recuperamos m\u00e1s de 11.000 estudiantes, gracias a 300 recorridos de b\u00fasqueda activa y nuevos procedimientos administrativos que hoy dan resultados\u201d, afirm\u00f3 la secretaria de Educaci\u00f3n, Carolina Franco Giraldo.<\/p>\n<p><img loading=\"lazy\" class=\"alignnone wp-image-491482 size-full\" title=\"Permanencia escolar\" src=\"https:\/\/www.medellin.gov.co\/es\/wp-content\/uploads\/2026\/01\/Imagen-permanencia-escolar-3.jpg\" alt=\"Imagen permanencia escolar (3)\" width=\"1276\" height=\"850\" srcset=\"https:\/\/www.medellin.gov.co\/es\/wp-content\/uploads\/2026\/01\/Imagen-permanencia-escolar-3.jpg 1276w, https:\/\/www.medellin.gov.co\/es\/wp-content\/uploads\/2026\/01\/Imagen-permanencia-escolar-3-300x200.jpg 300w, https:\/\/www.medellin.gov.co\/es\/wp-content\/uploads\/2026\/01\/Imagen-permanencia-escolar-3-1024x682.jpg 1024w, https:\/\/www.medellin.gov.co\/es\/wp-content\/uploads\/2026\/01\/Imagen-permanencia-escolar-3-150x100.jpg 150w, https:\/\/www.medellin.gov.co\/es\/wp-content\/uploads\/2026\/01\/Imagen-permanencia-escolar-3-768x512.jpg 768w\" sizes=\"(max-width: 1276px) 100vw, 1276px\" \/><\/p>\n<p>La ciudad alcanz\u00f3 un 107.3 % de cumplimiento de la meta cuatrienal de recuperaci\u00f3n de estudiantes desescolarizados (10.500). A la fecha, se reportan 6.352 alumnos recuperados en 2024 y 4.916 en 2025, cifras que evidencian el impacto de la gesti\u00f3n territorial, el seguimiento permanente y la articulaci\u00f3n institucional.<\/p>\n<p>Uno de los avances m\u00e1s relevantes es la implementaci\u00f3n del nuevo procedimiento de traslados y retiros escolares, que permite verificar cada solicitud, identificar causas como desmotivaci\u00f3n, situaciones socioemocionales, familiares o econ\u00f3micas, y orientar alternativas antes de abandonar el sistema. Gracias a este mecanismo, Medell\u00edn logr\u00f3 una disminuci\u00f3n de 27.5 % en los retiros escolares frente a 2024.<\/p>\n<p><img loading=\"lazy\" class=\"alignnone wp-image-491478 size-full\" title=\"Permanencia escolar\" src=\"https:\/\/www.medellin.gov.co\/es\/wp-content\/uploads\/2026\/01\/Imagen-permanencia-escolar-4.jpg\" alt=\"Imagen permanencia escolar (4)\" width=\"1276\" height=\"850\" srcset=\"https:\/\/www.medellin.gov.co\/es\/wp-content\/uploads\/2026\/01\/Imagen-permanencia-escolar-4.jpg 1276w, https:\/\/www.medellin.gov.co\/es\/wp-content\/uploads\/2026\/01\/Imagen-permanencia-escolar-4-300x200.jpg 300w, https:\/\/www.medellin.gov.co\/es\/wp-content\/uploads\/2026\/01\/Imagen-permanencia-escolar-4-1024x682.jpg 1024w, https:\/\/www.medellin.gov.co\/es\/wp-content\/uploads\/2026\/01\/Imagen-permanencia-escolar-4-150x100.jpg 150w, https:\/\/www.medellin.gov.co\/es\/wp-content\/uploads\/2026\/01\/Imagen-permanencia-escolar-4-768x512.jpg 768w\" sizes=\"(max-width: 1276px) 100vw, 1276px\" \/><\/p>\n<p>\u201cEn las comunas y corregimientos hemos trabajado de la mano de las familias para prevenir la deserci\u00f3n y prepararnos desde ya para las matr\u00edculas 2026, con m\u00e1s acompa\u00f1amiento y m\u00e1s oportunidades. Los esperamos en el colegio\u201d, agreg\u00f3 la secretaria de Educaci\u00f3n.<\/p>\n<p>La Alcald\u00eda de Medell\u00edn continuar\u00e1 fortaleciendo esta estrategia en 2026, con gesti\u00f3n oportuna, mayor presencia territorial y acompa\u00f1amiento integral, para asegurar que todas las familias accedan a la educaci\u00f3n y que cada estudiante encuentre en la escuela un proyecto de vida, protecci\u00f3n y oportunidades reales.<\/p>\n","protected":false},"excerpt":{"rendered":"<p>Los recorridos de b\u00fasqueda activa fortalecen el acompa\u00f1amiento a las familias y previenen la deserci\u00f3n. Medell\u00edn proyecta un proceso de matr\u00edculas 2026 con mayor acompa\u00f1amiento, gesti\u00f3n oportuna y ampliaci\u00f3n de oportunidades educativas. Medell\u00edn marca un &#8230;<\/p>\n","protected":false},"author":95,"featured_media":491480,"comment_status":"open","ping_status":"open","sticky":false,"template":"","format":"standard","meta":[],"categories":[4],"tags":[431],"formato_nota":[],"programas_tax":[],"acf":[],"_links":{"self":[{"href":"https:\/\/www.medellin.gov.co\/es\/wp-json\/wp\/v2\/posts\/491476"}],"collection":[{"href":"https:\/\/www.medellin.gov.co\/es\/wp-json\/wp\/v2\/posts"}],"about":[{"href":"https:\/\/www.medellin.gov.co\/es\/wp-json\/wp\/v2\/types\/post"}],"author":[{"embeddable":true,"href":"https:\/\/www.medellin.gov.co\/es\/wp-json\/wp\/v2\/users\/95"}],"replies":[{"embeddable":true,"href":"https:\/\/www.medellin.gov.co\/es\/wp-json\/wp\/v2\/comments?post=491476"}],"version-history":[{"count":1,"href":"https:\/\/www.medellin.gov.co\/es\/wp-json\/wp\/v2\/posts\/491476\/revisions"}],"predecessor-version":[{"id":491488,"href":"https:\/\/www.medellin.gov.co\/es\/wp-json\/wp\/v2\/posts\/491476\/revisions\/491488"}],"wp:featuredmedia":[{"embeddable":true,"href":"https:\/\/www.medellin.gov.co\/es\/wp-json\/wp\/v2\/media\/491480"}],"wp:attachment":[{"href":"https:\/\/www.medellin.gov.co\/es\/wp-json\/wp\/v2\/media?parent=491476"}],"wp:term":[{"taxonomy":"category","embeddable":true,"href":"https:\/\/www.medellin.gov.co\/es\/wp-json\/wp\/v2\/categories?post=491476"},{"taxonomy":"post_tag","embeddable":true,"href":"https:\/\/www.medellin.gov.co\/es\/wp-json\/wp\/v2\/tags?post=491476"},{"taxonomy":"formato_nota","embeddable":true,"href":"https:\/\/www.medellin.gov.co\/es\/wp-json\/wp\/v2\/formato_nota?post=491476"},{"taxonomy":"programas_tax","embeddable":true,"href":"https:\/\/www.medellin.gov.co\/es\/wp-json\/wp\/v2\/programas_tax?post=491476"}],"curies":[{"name":"wp","href":"https:\/\/api.w.org\/{rel}","templated":true}]}}