{"id":491940,"date":"2026-01-15T12:22:15","date_gmt":"2026-01-15T17:22:15","guid":{"rendered":"https:\/\/www.medellin.gov.co\/es\/?p=491940"},"modified":"2026-01-15T12:22:15","modified_gmt":"2026-01-15T17:22:15","slug":"con-asesorias-y-talleres-la-alcaldia-de-medellin-impulsa-y-apoya-el-sueno-de-tener-vivienda-propia","status":"publish","type":"post","link":"https:\/\/www.medellin.gov.co\/es\/sala-de-prensa\/noticias\/con-asesorias-y-talleres-la-alcaldia-de-medellin-impulsa-y-apoya-el-sueno-de-tener-vivienda-propia\/","title":{"rendered":"Con asesor\u00edas y talleres, la Alcald\u00eda de Medell\u00edn impulsa y apoya el sue\u00f1o de tener vivienda propia"},"content":{"rendered":"<ul>\n<li>M\u00e1s de 1.700 familias se han beneficiado con el semillero Vivienda, un Proyecto Familiar, que brinda talleres interactivos y asesor\u00edas personalizadas.<\/li>\n<li>Con alianzas p\u00fablico-privadas, la Administraci\u00f3n Distrital fortalece esta ruta de acompa\u00f1amiento.<\/li>\n<\/ul>\n<!--[if lt IE 9]><script>document.createElement('audio');<\/script><![endif]-->\n\t<div class=\"wp-playlist wp-audio-playlist wp-playlist-light\">\n\t\t\t<div class=\"wp-playlist-current-item\"><\/div>\n\t\t<audio controls=\"controls\" preload=\"none\" width=\"640\"\n\t\t\t><\/audio>\n\t<div class=\"wp-playlist-next\"><\/div>\n\t<div class=\"wp-playlist-prev\"><\/div>\n\t<noscript>\n\t<ol>\n\t\t<li><a href='https:\/\/www.medellin.gov.co\/es\/wp-content\/uploads\/2026\/01\/Declaraciones-de-la-directora-de-Isvimed-Valentina-Aguilar-Ramirez.mp3'>Declaraciones de la directora de Isvimed, Valentina Aguilar Ram\u00edrez<\/a><\/li>\t<\/ol>\n\t<\/noscript>\n\t<script type=\"application\/json\" class=\"wp-playlist-script\">{\"type\":\"audio\",\"tracklist\":true,\"tracknumbers\":true,\"images\":true,\"artists\":true,\"tracks\":[{\"src\":\"https:\\\/\\\/www.medellin.gov.co\\\/es\\\/wp-content\\\/uploads\\\/2026\\\/01\\\/Declaraciones-de-la-directora-de-Isvimed-Valentina-Aguilar-Ramirez.mp3\",\"type\":\"audio\\\/mpeg\",\"title\":\"Declaraciones de la directora de Isvimed, Valentina Aguilar Ram\\u00edrez\",\"caption\":\"\",\"description\":\"\\u00abDeclaraciones de la directora de Isvimed, Valentina Aguilar Ram\\u00edrez\\u00bb. \",\"meta\":{\"genre\":\"Blues\",\"length_formatted\":\"0:38\"},\"image\":{\"src\":\"https:\\\/\\\/www.medellin.gov.co\\\/es\\\/wp-includes\\\/images\\\/media\\\/audio.png\",\"width\":48,\"height\":64},\"thumb\":{\"src\":\"https:\\\/\\\/www.medellin.gov.co\\\/es\\\/wp-includes\\\/images\\\/media\\\/audio.png\",\"width\":48,\"height\":64}}]}<\/script>\n<\/div>\n\t\n<p>La Administraci\u00f3n Distrital, a trav\u00e9s del Instituto Social de Vivienda y H\u00e1bitat -Isvimed-, acompa\u00f1a a los hogares que quieren hacer realidad su sue\u00f1o de tener casa propia a trav\u00e9s del semillero Vivienda, un Proyecto Familiar.<\/p>\n<p>\u201c<em>Con el semillero Vivienda, un Proyecto Familiar, m\u00e1s de 1.700 familias han recibido asesor\u00edas personalizadas, tanto presenciales como virtuales, as\u00ed como talleres interactivos en ahorro y cr\u00e9dito, finanzas familiares, gesti\u00f3n de subsidios, proyecto de vida y diagn\u00f3stico socioecon\u00f3mico, entre otros<\/em>\u201d, asegur\u00f3 la directora de Isvimed, Valentina Aguilar Ram\u00edrez.<\/p>\n<p>Esta estrategia naci\u00f3 en 2024 como respuesta a la necesidad de los ciudadanos de contar con una ruta clara para comprar su casa, con el fin de prepararlos para que sean los compradores de los proyectos de vivienda nueva VIP o VIS que puedan ser generados por el Distrito y el sector privado.<\/p>\n<p><a href=\"https:\/\/www.medellin.gov.co\/es\/wp-content\/uploads\/2026\/01\/Imagen-de-reunion-con-la-comunidad.jpg\" target=\"_blank\" rel=\"noopener\"><img loading=\"lazy\" class=\"alignnone wp-image-491875 size-full\" title=\"reuni\u00f3n con la comunidad\" src=\"https:\/\/www.medellin.gov.co\/es\/wp-content\/uploads\/2026\/01\/Imagen-de-reunion-con-la-comunidad.jpg\" alt=\"Imagen de reuni\u00f3n con la comunidad\" width=\"1141\" height=\"760\" srcset=\"https:\/\/www.medellin.gov.co\/es\/wp-content\/uploads\/2026\/01\/Imagen-de-reunion-con-la-comunidad.jpg 1141w, https:\/\/www.medellin.gov.co\/es\/wp-content\/uploads\/2026\/01\/Imagen-de-reunion-con-la-comunidad-300x200.jpg 300w, https:\/\/www.medellin.gov.co\/es\/wp-content\/uploads\/2026\/01\/Imagen-de-reunion-con-la-comunidad-1024x682.jpg 1024w, https:\/\/www.medellin.gov.co\/es\/wp-content\/uploads\/2026\/01\/Imagen-de-reunion-con-la-comunidad-150x100.jpg 150w, https:\/\/www.medellin.gov.co\/es\/wp-content\/uploads\/2026\/01\/Imagen-de-reunion-con-la-comunidad-768x512.jpg 768w\" sizes=\"(max-width: 1141px) 100vw, 1141px\" \/><\/a><\/p>\n<p>Para hacer m\u00e1s completa la experiencia de las familias, la Alcald\u00eda de Medell\u00edn ha generado alianzas p\u00fablico-privadas con instituciones como Comfama, Davivienda, Fondo Nacional del Ahorro -FNA-, Confiar, Cootrafa, Vesta e Informe Inmobiliario.<\/p>\n<p>Las personas que est\u00e9n interesadas en vincularse a este semillero pueden hacerlo a trav\u00e9s de <a href=\"http:\/\/www.isvimed.gov.co\" target=\"_blank\" rel=\"noopener\">www.isvimed.gov.co<\/a>. Para inscribirse, deben ser mayores de edad, residentes de Medell\u00edn y no contar con una vivienda propia en el territorio nacional.<\/p>\n<p>El compromiso de Medell\u00edn con sus familias se refleja en cada taller, asesor\u00eda y acompa\u00f1amiento del semillero. Esta estrategia no solo acerca a los ciudadanos a su casa propia, sino que fortalece su confianza, su capacidad de proyectarse y mejorar su calidad de vida.<\/p>\n","protected":false},"excerpt":{"rendered":"<p>M\u00e1s de 1.700 familias se han beneficiado con el semillero Vivienda, un Proyecto Familiar, que brinda talleres interactivos y asesor\u00edas personalizadas. Con alianzas p\u00fablico-privadas, la Administraci\u00f3n Distrital fortalece esta ruta de acompa\u00f1amiento. La Administraci\u00f3n Distrital, &#8230;<\/p>\n","protected":false},"author":21,"featured_media":491876,"comment_status":"open","ping_status":"open","sticky":false,"template":"","format":"standard","meta":[],"categories":[17],"tags":[451,455,442],"formato_nota":[],"programas_tax":[],"acf":[],"_links":{"self":[{"href":"https:\/\/www.medellin.gov.co\/es\/wp-json\/wp\/v2\/posts\/491940"}],"collection":[{"href":"https:\/\/www.medellin.gov.co\/es\/wp-json\/wp\/v2\/posts"}],"about":[{"href":"https:\/\/www.medellin.gov.co\/es\/wp-json\/wp\/v2\/types\/post"}],"author":[{"embeddable":true,"href":"https:\/\/www.medellin.gov.co\/es\/wp-json\/wp\/v2\/users\/21"}],"replies":[{"embeddable":true,"href":"https:\/\/www.medellin.gov.co\/es\/wp-json\/wp\/v2\/comments?post=491940"}],"version-history":[{"count":1,"href":"https:\/\/www.medellin.gov.co\/es\/wp-json\/wp\/v2\/posts\/491940\/revisions"}],"predecessor-version":[{"id":491950,"href":"https:\/\/www.medellin.gov.co\/es\/wp-json\/wp\/v2\/posts\/491940\/revisions\/491950"}],"wp:featuredmedia":[{"embeddable":true,"href":"https:\/\/www.medellin.gov.co\/es\/wp-json\/wp\/v2\/media\/491876"}],"wp:attachment":[{"href":"https:\/\/www.medellin.gov.co\/es\/wp-json\/wp\/v2\/media?parent=491940"}],"wp:term":[{"taxonomy":"category","embeddable":true,"href":"https:\/\/www.medellin.gov.co\/es\/wp-json\/wp\/v2\/categories?post=491940"},{"taxonomy":"post_tag","embeddable":true,"href":"https:\/\/www.medellin.gov.co\/es\/wp-json\/wp\/v2\/tags?post=491940"},{"taxonomy":"formato_nota","embeddable":true,"href":"https:\/\/www.medellin.gov.co\/es\/wp-json\/wp\/v2\/formato_nota?post=491940"},{"taxonomy":"programas_tax","embeddable":true,"href":"https:\/\/www.medellin.gov.co\/es\/wp-json\/wp\/v2\/programas_tax?post=491940"}],"curies":[{"name":"wp","href":"https:\/\/api.w.org\/{rel}","templated":true}]}}