{"id":491957,"date":"2026-01-15T12:39:22","date_gmt":"2026-01-15T17:39:22","guid":{"rendered":"https:\/\/www.medellin.gov.co\/es\/?p=491957"},"modified":"2026-01-15T12:39:22","modified_gmt":"2026-01-15T17:39:22","slug":"5-905-personas-fueron-capacitadas-con-tejiendo-hogares-en-entornos-laborales","status":"publish","type":"post","link":"https:\/\/www.medellin.gov.co\/es\/sala-de-prensa\/noticias\/5-905-personas-fueron-capacitadas-con-tejiendo-hogares-en-entornos-laborales\/","title":{"rendered":"5.905 personas fueron capacitadas con Tejiendo Hogares en entornos laborales"},"content":{"rendered":"<ul>\n<li>El programa ha desarrollado talleres de bienestar emocional y fortalecimiento familiar en entornos laborales de la ciudad.<\/li>\n<li>A trav\u00e9s de 365 encuentros realizados en empresas de distintos sectores econ\u00f3micos.<\/li>\n<\/ul>\n<!--[if lt IE 9]><script>document.createElement('audio');<\/script><![endif]-->\n\t<div class=\"wp-playlist wp-audio-playlist wp-playlist-light\">\n\t\t\t<div class=\"wp-playlist-current-item\"><\/div>\n\t\t<audio controls=\"controls\" preload=\"none\" width=\"640\"\n\t\t\t><\/audio>\n\t<div class=\"wp-playlist-next\"><\/div>\n\t<div class=\"wp-playlist-prev\"><\/div>\n\t<noscript>\n\t<ol>\n\t\t<li><a href='https:\/\/www.medellin.gov.co\/es\/wp-content\/uploads\/2026\/01\/Declaraciones-de-la-primera-dama-Margarita-Maria-Gomez-Marin.mp3'>Declaraciones de la primera dama, Margarita Mar\u00eda G\u00f3mez Mar\u00edn<\/a><\/li><li><a href='https:\/\/www.medellin.gov.co\/es\/wp-content\/uploads\/2026\/01\/Declaraciones-de-la-directora-de-Innovacion-de-la-Cacharreria-Bombay-Ana-Maria-Ramirez-Mejia.mp3'>Declaraciones de la directora de Innovaci\u00f3n de la Cacharrer\u00eda Bombay, Ana Mar\u00eda Ram\u00edrez Mej\u00eda<\/a><\/li>\t<\/ol>\n\t<\/noscript>\n\t<script type=\"application\/json\" class=\"wp-playlist-script\">{\"type\":\"audio\",\"tracklist\":true,\"tracknumbers\":true,\"images\":true,\"artists\":true,\"tracks\":[{\"src\":\"https:\\\/\\\/www.medellin.gov.co\\\/es\\\/wp-content\\\/uploads\\\/2026\\\/01\\\/Declaraciones-de-la-primera-dama-Margarita-Maria-Gomez-Marin.mp3\",\"type\":\"audio\\\/mpeg\",\"title\":\"Declaraciones de la primera dama, Margarita Mar\\u00eda G\\u00f3mez Mar\\u00edn\",\"caption\":\"\",\"description\":\"\\u00abDeclaraciones de la primera dama, Margarita Mar\\u00eda G\\u00f3mez Mar\\u00edn\\u00bb. G\\u00e9nero: Blues.\",\"meta\":{\"genre\":\"Blues\",\"length_formatted\":\"0:35\"},\"image\":{\"src\":\"https:\\\/\\\/www.medellin.gov.co\\\/es\\\/wp-includes\\\/images\\\/media\\\/audio.png\",\"width\":48,\"height\":64},\"thumb\":{\"src\":\"https:\\\/\\\/www.medellin.gov.co\\\/es\\\/wp-includes\\\/images\\\/media\\\/audio.png\",\"width\":48,\"height\":64}},{\"src\":\"https:\\\/\\\/www.medellin.gov.co\\\/es\\\/wp-content\\\/uploads\\\/2026\\\/01\\\/Declaraciones-de-la-directora-de-Innovacion-de-la-Cacharreria-Bombay-Ana-Maria-Ramirez-Mejia.mp3\",\"type\":\"audio\\\/mpeg\",\"title\":\"Declaraciones de la directora de Innovaci\\u00f3n de la Cacharrer\\u00eda Bombay, Ana Mar\\u00eda Ram\\u00edrez Mej\\u00eda\",\"caption\":\"\",\"description\":\"\\u00abDeclaraciones de la directora de Innovaci\\u00f3n de la Cacharrer\\u00eda Bombay, Ana Mar\\u00eda Ram\\u00edrez Mej\\u00eda\\u00bb. \",\"meta\":{\"genre\":\"Blues\",\"length_formatted\":\"0:30\"},\"image\":{\"src\":\"https:\\\/\\\/www.medellin.gov.co\\\/es\\\/wp-includes\\\/images\\\/media\\\/audio.png\",\"width\":48,\"height\":64},\"thumb\":{\"src\":\"https:\\\/\\\/www.medellin.gov.co\\\/es\\\/wp-includes\\\/images\\\/media\\\/audio.png\",\"width\":48,\"height\":64}}]}<\/script>\n<\/div>\n\t\n<p>En Medell\u00edn, m\u00e1s de 120 empresas se han sumado al programa Tejiendo Hogares, una estrategia orientada a fortalecer el bienestar emocional y familiar de los colaboradores y sus familias, a trav\u00e9s de acciones desarrolladas en los entornos laborales.<\/p>\n<p>El programa parte del reconocimiento de que las din\u00e1micas familiares tambi\u00e9n inciden en el desempe\u00f1o y la convivencia en los lugares de trabajo. Por ello, Tejiendo Hogares acompa\u00f1a a madres, padres y cuidadores en el fortalecimiento de sus habilidades emocionales, relacionales y de liderazgo.<\/p>\n<p><a href=\"https:\/\/www.medellin.gov.co\/es\/wp-content\/uploads\/2026\/01\/Imagen-de-capacitacion-con-la-comunidad-en-salon.jpg\" target=\"_blank\" rel=\"noopener\"><img loading=\"lazy\" class=\"alignnone wp-image-491894 size-full\" title=\"capacitaci\u00f3n con la comunidad en sal\u00f3n\" src=\"https:\/\/www.medellin.gov.co\/es\/wp-content\/uploads\/2026\/01\/Imagen-de-capacitacion-con-la-comunidad-en-salon.jpg\" alt=\"Imagen de capacitaci\u00f3n con la comunidad en sal\u00f3n\" width=\"1140\" height=\"760\" srcset=\"https:\/\/www.medellin.gov.co\/es\/wp-content\/uploads\/2026\/01\/Imagen-de-capacitacion-con-la-comunidad-en-salon.jpg 1140w, https:\/\/www.medellin.gov.co\/es\/wp-content\/uploads\/2026\/01\/Imagen-de-capacitacion-con-la-comunidad-en-salon-300x200.jpg 300w, https:\/\/www.medellin.gov.co\/es\/wp-content\/uploads\/2026\/01\/Imagen-de-capacitacion-con-la-comunidad-en-salon-1024x683.jpg 1024w, https:\/\/www.medellin.gov.co\/es\/wp-content\/uploads\/2026\/01\/Imagen-de-capacitacion-con-la-comunidad-en-salon-150x100.jpg 150w, https:\/\/www.medellin.gov.co\/es\/wp-content\/uploads\/2026\/01\/Imagen-de-capacitacion-con-la-comunidad-en-salon-768x512.jpg 768w\" sizes=\"(max-width: 1140px) 100vw, 1140px\" \/><\/a><\/p>\n<p>En el marco de esta articulaci\u00f3n con el sector privado, se han realizado talleres en gesti\u00f3n emocional, liderazgo con prop\u00f3sito, prevenci\u00f3n del abuso sexual infantil y fortalecimiento de las relaciones familiares, dirigidos a colaboradores de diferentes empresas de la ciudad.<\/p>\n<p>\u201c<em>M\u00e1s que capacitaciones, son espacios de encuentro, escucha y reflexi\u00f3n que transforman la manera como nos relacionamos, tanto en el trabajo como en el hogar<\/em>\u201d, asegur\u00f3 la primera dama, Margarita Mar\u00eda G\u00f3mez Mar\u00edn.<\/p>\n<p>Las actividades desarrolladas buscan generar espacios de informaci\u00f3n, di\u00e1logo y reflexi\u00f3n, que contribuyan a mejorar las relaciones interpersonales tanto en el \u00e1mbito laboral como en el familiar.<\/p>\n<p><a href=\"https:\/\/www.medellin.gov.co\/es\/wp-content\/uploads\/2026\/01\/Imagen-de-capacitacion.jpg\" target=\"_blank\" rel=\"noopener\"><img loading=\"lazy\" class=\"alignnone wp-image-491887 size-full\" title=\"capacitaci\u00f3n\" src=\"https:\/\/www.medellin.gov.co\/es\/wp-content\/uploads\/2026\/01\/Imagen-de-capacitacion.jpg\" alt=\"Imagen de capacitaci\u00f3n\" width=\"1140\" height=\"760\" srcset=\"https:\/\/www.medellin.gov.co\/es\/wp-content\/uploads\/2026\/01\/Imagen-de-capacitacion.jpg 1140w, https:\/\/www.medellin.gov.co\/es\/wp-content\/uploads\/2026\/01\/Imagen-de-capacitacion-300x200.jpg 300w, https:\/\/www.medellin.gov.co\/es\/wp-content\/uploads\/2026\/01\/Imagen-de-capacitacion-1024x683.jpg 1024w, https:\/\/www.medellin.gov.co\/es\/wp-content\/uploads\/2026\/01\/Imagen-de-capacitacion-150x100.jpg 150w, https:\/\/www.medellin.gov.co\/es\/wp-content\/uploads\/2026\/01\/Imagen-de-capacitacion-768x512.jpg 768w\" sizes=\"(max-width: 1140px) 100vw, 1140px\" \/><\/a><\/p>\n<p>Al respecto, la directora de Innovaci\u00f3n de la <a href=\"https:\/\/bombay.net.co\/sitio\/\" target=\"_blank\" rel=\"noopener\">Cacharrer\u00eda Bombay<\/a>, Ana Mar\u00eda Ram\u00edrez Mej\u00eda, precis\u00f3 que \u201c<em>la experiencia de Tejiendo Hogares fue un regalo gigante para todos nosotros como equipo: nos lleg\u00f3 en un momento en el que estamos teniendo muchos cambios y nos sirvi\u00f3 para alinearnos, nos gener\u00f3 demasiadas herramientas para relacionarnos, reconocer las fortalezas que tienen los otros, reconocer la responsabilidad que tenemos nosotros como l\u00edderes dentro de la organizaci\u00f3n. As\u00ed que, terminamos el curso y creo que ninguno estaba pensando que iba a quedar as\u00ed de satisfecho y agradecido<\/em>\u201d.<\/p>\n<p>A la fecha, Tejiendo Hogares ha impactado a 5.905 personas mediante la realizaci\u00f3n de 365 encuentros en empresas de distintos sectores econ\u00f3micos de Medell\u00edn. Estas jornadas han permitido llevar los componentes del programa a organizaciones del sector social, la construcci\u00f3n, la moda, supermercados, sector salud y otros \u00e1mbitos productivos, ampliando su alcance. Desde Tejiendo Hogares se continuar\u00e1 promoviendo el trabajo conjunto con las empresas de Medell\u00edn, con el fin de fortalecer el bienestar integral de las personas y sus familias.<\/p>\n","protected":false},"excerpt":{"rendered":"<p>El programa ha desarrollado talleres de bienestar emocional y fortalecimiento familiar en entornos laborales de la ciudad. A trav\u00e9s de 365 encuentros realizados en empresas de distintos sectores econ\u00f3micos. En Medell\u00edn, m\u00e1s de 120 empresas &#8230;<\/p>\n","protected":false},"author":21,"featured_media":491891,"comment_status":"open","ping_status":"open","sticky":false,"template":"","format":"standard","meta":[],"categories":[285],"tags":[451],"formato_nota":[],"programas_tax":[],"acf":[],"_links":{"self":[{"href":"https:\/\/www.medellin.gov.co\/es\/wp-json\/wp\/v2\/posts\/491957"}],"collection":[{"href":"https:\/\/www.medellin.gov.co\/es\/wp-json\/wp\/v2\/posts"}],"about":[{"href":"https:\/\/www.medellin.gov.co\/es\/wp-json\/wp\/v2\/types\/post"}],"author":[{"embeddable":true,"href":"https:\/\/www.medellin.gov.co\/es\/wp-json\/wp\/v2\/users\/21"}],"replies":[{"embeddable":true,"href":"https:\/\/www.medellin.gov.co\/es\/wp-json\/wp\/v2\/comments?post=491957"}],"version-history":[{"count":1,"href":"https:\/\/www.medellin.gov.co\/es\/wp-json\/wp\/v2\/posts\/491957\/revisions"}],"predecessor-version":[{"id":491960,"href":"https:\/\/www.medellin.gov.co\/es\/wp-json\/wp\/v2\/posts\/491957\/revisions\/491960"}],"wp:featuredmedia":[{"embeddable":true,"href":"https:\/\/www.medellin.gov.co\/es\/wp-json\/wp\/v2\/media\/491891"}],"wp:attachment":[{"href":"https:\/\/www.medellin.gov.co\/es\/wp-json\/wp\/v2\/media?parent=491957"}],"wp:term":[{"taxonomy":"category","embeddable":true,"href":"https:\/\/www.medellin.gov.co\/es\/wp-json\/wp\/v2\/categories?post=491957"},{"taxonomy":"post_tag","embeddable":true,"href":"https:\/\/www.medellin.gov.co\/es\/wp-json\/wp\/v2\/tags?post=491957"},{"taxonomy":"formato_nota","embeddable":true,"href":"https:\/\/www.medellin.gov.co\/es\/wp-json\/wp\/v2\/formato_nota?post=491957"},{"taxonomy":"programas_tax","embeddable":true,"href":"https:\/\/www.medellin.gov.co\/es\/wp-json\/wp\/v2\/programas_tax?post=491957"}],"curies":[{"name":"wp","href":"https:\/\/api.w.org\/{rel}","templated":true}]}}