{"id":494045,"date":"2026-01-27T10:15:51","date_gmt":"2026-01-27T15:15:51","guid":{"rendered":"https:\/\/www.medellin.gov.co\/es\/?p=494045"},"modified":"2026-01-27T10:15:51","modified_gmt":"2026-01-27T15:15:51","slug":"bibliotecas-publicas-de-medellin-recibiran-el-hay-festival-del-26-al-28-de-enero-con-entrada-libre","status":"publish","type":"post","link":"https:\/\/www.medellin.gov.co\/es\/sala-de-prensa\/noticias\/bibliotecas-publicas-de-medellin-recibiran-el-hay-festival-del-26-al-28-de-enero-con-entrada-libre\/","title":{"rendered":"Bibliotecas p\u00fablicas de Medell\u00edn recibir\u00e1n el Hay Festival, del 26 al 28 de enero, con entrada libre"},"content":{"rendered":"<ul>\n<li>El evento regresa a la ciudad y encuentra en la Biblioteca P\u00fablica Piloto un escenario para el di\u00e1logo cultural y literario.<\/li>\n<\/ul>\n<!--[if lt IE 9]><script>document.createElement('audio');<\/script><![endif]-->\n\t<div class=\"wp-playlist wp-audio-playlist wp-playlist-light\">\n\t\t\t<div class=\"wp-playlist-current-item\"><\/div>\n\t\t<audio controls=\"controls\" preload=\"none\" width=\"640\"\n\t\t\t><\/audio>\n\t<div class=\"wp-playlist-next\"><\/div>\n\t<div class=\"wp-playlist-prev\"><\/div>\n\t<noscript>\n\t<ol>\n\t\t<li><a href='https:\/\/www.medellin.gov.co\/es\/wp-content\/uploads\/2026\/01\/Declaraciones-director-de-la-Biblioteca-Publica-Piloto-Esteban-Giraldo.mp3'>Declaraciones director de la Biblioteca P\u00fablica Piloto, Esteban Giraldo<\/a><\/li><li><a href='https:\/\/www.medellin.gov.co\/es\/wp-content\/uploads\/2026\/01\/Declaraciones-secretario-de-Cultura-Ciudadana-Santiago-Silva-Jaramillo-2.mp3'>Declaraciones secretario de Cultura Ciudadana, Santiago Silva Jaramillo<\/a><\/li>\t<\/ol>\n\t<\/noscript>\n\t<script type=\"application\/json\" class=\"wp-playlist-script\">{\"type\":\"audio\",\"tracklist\":true,\"tracknumbers\":true,\"images\":true,\"artists\":true,\"tracks\":[{\"src\":\"https:\\\/\\\/www.medellin.gov.co\\\/es\\\/wp-content\\\/uploads\\\/2026\\\/01\\\/Declaraciones-director-de-la-Biblioteca-Publica-Piloto-Esteban-Giraldo.mp3\",\"type\":\"audio\\\/mpeg\",\"title\":\"Declaraciones director de la Biblioteca P\\u00fablica Piloto, Esteban Giraldo\",\"caption\":\"\",\"description\":\"\\u00abDeclaraciones director de la Biblioteca P\\u00fablica Piloto, Esteban Giraldo\\u00bb. G\\u00e9nero: Blues.\",\"meta\":{\"genre\":\"Blues\",\"length_formatted\":\"1:02\"},\"image\":{\"src\":\"https:\\\/\\\/www.medellin.gov.co\\\/es\\\/wp-includes\\\/images\\\/media\\\/audio.png\",\"width\":48,\"height\":64},\"thumb\":{\"src\":\"https:\\\/\\\/www.medellin.gov.co\\\/es\\\/wp-includes\\\/images\\\/media\\\/audio.png\",\"width\":48,\"height\":64}},{\"src\":\"https:\\\/\\\/www.medellin.gov.co\\\/es\\\/wp-content\\\/uploads\\\/2026\\\/01\\\/Declaraciones-secretario-de-Cultura-Ciudadana-Santiago-Silva-Jaramillo-2.mp3\",\"type\":\"audio\\\/mpeg\",\"title\":\"Declaraciones secretario de Cultura Ciudadana, Santiago Silva Jaramillo\",\"caption\":\"\",\"description\":\"\\u00abDeclaraciones secretario de Cultura Ciudadana, Santiago Silva Jaramillo\\u00bb. G\\u00e9nero: Blues.\",\"meta\":{\"genre\":\"Blues\",\"length_formatted\":\"0:44\"},\"image\":{\"src\":\"https:\\\/\\\/www.medellin.gov.co\\\/es\\\/wp-includes\\\/images\\\/media\\\/audio.png\",\"width\":48,\"height\":64},\"thumb\":{\"src\":\"https:\\\/\\\/www.medellin.gov.co\\\/es\\\/wp-includes\\\/images\\\/media\\\/audio.png\",\"width\":48,\"height\":64}}]}<\/script>\n<\/div>\n\t\n<p>Una vez m\u00e1s, el Hay Festival 2026 confirma a Medell\u00edn como escenario para el di\u00e1logo cultural en Am\u00e9rica Latina. Escritores, pensadores, cient\u00edficos y creadores se re\u00fanen en torno a una programaci\u00f3n que acerca al p\u00fablico con las ideas y los libros. En este contexto, la <a href=\"https:\/\/bibliotecapiloto.gov.co\/\" target=\"_blank\" rel=\"noopener\">Biblioteca P\u00fablica Piloto<\/a> -BPP- se consolida como uno de los epicentros del evento, lo que reafirma su vocaci\u00f3n para el pensamiento, la lectura y el encuentro.<\/p>\n<p><img loading=\"lazy\" class=\"alignnone wp-image-494065 size-full\" title=\"Bibliotecas p\u00fablicas de Medell\u00ed\" src=\"https:\/\/www.medellin.gov.co\/es\/wp-content\/uploads\/2026\/01\/Imagen-Bibliotecas-publicas-de-Medellin-6.jpg\" alt=\"Imagen Bibliotecas p\u00fablicas de Medell\u00edn (6)\" width=\"1273\" height=\"850\" srcset=\"https:\/\/www.medellin.gov.co\/es\/wp-content\/uploads\/2026\/01\/Imagen-Bibliotecas-publicas-de-Medellin-6.jpg 1273w, https:\/\/www.medellin.gov.co\/es\/wp-content\/uploads\/2026\/01\/Imagen-Bibliotecas-publicas-de-Medellin-6-300x200.jpg 300w, https:\/\/www.medellin.gov.co\/es\/wp-content\/uploads\/2026\/01\/Imagen-Bibliotecas-publicas-de-Medellin-6-1024x684.jpg 1024w, https:\/\/www.medellin.gov.co\/es\/wp-content\/uploads\/2026\/01\/Imagen-Bibliotecas-publicas-de-Medellin-6-150x100.jpg 150w, https:\/\/www.medellin.gov.co\/es\/wp-content\/uploads\/2026\/01\/Imagen-Bibliotecas-publicas-de-Medellin-6-768x513.jpg 768w\" sizes=\"(max-width: 1273px) 100vw, 1273px\" \/><\/p>\n<p>La programaci\u00f3n inicia el lunes 26 de enero en el Parque Biblioteca Bel\u00e9n, con la charla del bi\u00f3logo, zo\u00f3logo y escritor mexicano Andr\u00e9s Cota Hiriart, denominada Fieras interiores, alrededor de un libro en el que comparte reflexiones cient\u00edficas con sus memorias familiares. El martes 27 de enero, a las 4:30 p. m., este mismo autor dialogar\u00e1 con Andr\u00e9s Rold\u00e1n acerca de ciencia y narrativa. A las 6:00 p. m., Yesenia Valencia y Andr\u00e9s Burgos conversar\u00e1n con el subsecretario de Bibliotecas, Lectura y Patrimonio de Medell\u00edn, Robinson Meneses, sobre formas de narrar el mundo desde lo audiovisual y los lenguajes contempor\u00e1neos. A las 7:30 p. m., Juan Esteban Consta\u00edn hablar\u00e1 con el ex director de la BPP, Juan Luis Mej\u00eda, en torno a la obra el El hijo del hombre.<\/p>\n<p>\u201cHemos sido el hogar de grandes escritores. Se recuerdan visitas de autores como Jorge Luis Borges, Juan Rulfo, el Nobel Camilo Jos\u00e9 Cela y el c\u00e9lebre autor argentino Manuel Puig; adem\u00e1s de los escritores que han sido de la casa: Manuel Mej\u00eda Vallejo, X-504, Juan Diego Mej\u00eda y toda una pl\u00e9yade que ha pasado por la biblioteca y la han convertido justamente en ese sitio en donde palpita la literatura\u201d, manifest\u00f3 el director de la Biblioteca P\u00fablica Piloto, Esteban Giraldo.<\/p>\n<p><img loading=\"lazy\" class=\"alignnone wp-image-494061 size-full\" title=\"Bibliotecas p\u00fablicas de Medell\u00edn\" src=\"https:\/\/www.medellin.gov.co\/es\/wp-content\/uploads\/2026\/01\/Imagen-Bibliotecas-publicas-de-Medellin-4.jpg\" alt=\"Imagen Bibliotecas p\u00fablicas de Medell\u00edn (4)\" width=\"1274\" height=\"850\" srcset=\"https:\/\/www.medellin.gov.co\/es\/wp-content\/uploads\/2026\/01\/Imagen-Bibliotecas-publicas-de-Medellin-4.jpg 1274w, https:\/\/www.medellin.gov.co\/es\/wp-content\/uploads\/2026\/01\/Imagen-Bibliotecas-publicas-de-Medellin-4-300x200.jpg 300w, https:\/\/www.medellin.gov.co\/es\/wp-content\/uploads\/2026\/01\/Imagen-Bibliotecas-publicas-de-Medellin-4-1024x683.jpg 1024w, https:\/\/www.medellin.gov.co\/es\/wp-content\/uploads\/2026\/01\/Imagen-Bibliotecas-publicas-de-Medellin-4-150x100.jpg 150w, https:\/\/www.medellin.gov.co\/es\/wp-content\/uploads\/2026\/01\/Imagen-Bibliotecas-publicas-de-Medellin-4-768x512.jpg 768w\" sizes=\"(max-width: 1274px) 100vw, 1274px\" \/><\/p>\n<p>La programaci\u00f3n en La Piloto sigue el mi\u00e9rcoles 28 de enero a las 3:30 p. m., donde el cubano Leonardo Padura dialogar\u00e1 con Esteban Giraldo sobre su novela Morir en la arena. A las 4:30 p. m., Federico \u00c1ngel, Franki Franco y Laura Mora conversar\u00e1n con Rafael Tamayo acerca de Medell\u00edn como polo de la industria creativa. A las 6:00 p. m., Javier Cercas tendr\u00e1 una charla con Sara Jaramillo Klinkert sobre su obra m\u00e1s reciente y la relaci\u00f3n entre ficci\u00f3n, memoria e historia. A las 7:30 p. m., Santiago Posteguillo intercambiar\u00e1 ideas con el secretario de Cultura Ciudadana, Santiago Silva, a partir de la novela hist\u00f3rica y su saga dedicada a Julio C\u00e9sar.<\/p>\n<p>\u201cLa Piloto y otros espacios del sistema de bibliotecas se convierten en escenarios abiertos para el di\u00e1logo cultural y literario, donde autores nacionales e internacionales, periodistas, pensadores y creadores se van a encontrar con la ciudadan\u00eda alrededor de la palabra, los libros y las ideas. Queremos que ni\u00f1as, ni\u00f1os, j\u00f3venes y adultos se acerquen a estos encuentros y hagan de las bibliotecas lugares vivos de conversaci\u00f3n, pensamiento y lectura\u201d, se\u00f1al\u00f3 el secretario de Cultura Ciudadana, Santiago Silva Jaramillo.<\/p>\n<p><img loading=\"lazy\" class=\"alignnone wp-image-494062 size-full\" title=\"Bibliotecas p\u00fablicas de Medell\u00edn\" src=\"https:\/\/www.medellin.gov.co\/es\/wp-content\/uploads\/2026\/01\/Imagen-Bibliotecas-publicas-de-Medellin-5.jpg\" alt=\"Imagen Bibliotecas p\u00fablicas de Medell\u00edn (5)\" width=\"1273\" height=\"850\" srcset=\"https:\/\/www.medellin.gov.co\/es\/wp-content\/uploads\/2026\/01\/Imagen-Bibliotecas-publicas-de-Medellin-5.jpg 1273w, https:\/\/www.medellin.gov.co\/es\/wp-content\/uploads\/2026\/01\/Imagen-Bibliotecas-publicas-de-Medellin-5-300x200.jpg 300w, https:\/\/www.medellin.gov.co\/es\/wp-content\/uploads\/2026\/01\/Imagen-Bibliotecas-publicas-de-Medellin-5-1024x684.jpg 1024w, https:\/\/www.medellin.gov.co\/es\/wp-content\/uploads\/2026\/01\/Imagen-Bibliotecas-publicas-de-Medellin-5-150x100.jpg 150w, https:\/\/www.medellin.gov.co\/es\/wp-content\/uploads\/2026\/01\/Imagen-Bibliotecas-publicas-de-Medellin-5-768x513.jpg 768w\" sizes=\"(max-width: 1273px) 100vw, 1273px\" \/><\/p>\n<p>El evento es apoyado por la Alcald\u00eda de Medell\u00edn, Sura, RCN, Postob\u00f3n y Comfama, entre otras entidades. La programaci\u00f3n se extiende a otros espacios como la Biblioteca La Floresta y la Casa de la Literatura San Germ\u00e1n, as\u00ed como el Museo de Arte Moderno de Medell\u00edn y el Teatro Sura. M\u00e1s informaci\u00f3n en www.hayfestival.com\/m-224-medellin-2026.aspx; www.hayfestival.com\/medellin; www.medellin.gov.co; y redes sociales de la BPP y la Secretar\u00eda de Cultura Ciudadana.<\/p>\n","protected":false},"excerpt":{"rendered":"<p>El evento regresa a la ciudad y encuentra en la Biblioteca P\u00fablica Piloto un escenario para el di\u00e1logo cultural y literario. Una vez m\u00e1s, el Hay Festival 2026 confirma a Medell\u00edn como escenario para el &#8230;<\/p>\n","protected":false},"author":95,"featured_media":494059,"comment_status":"open","ping_status":"open","sticky":false,"template":"","format":"standard","meta":[],"categories":[17],"tags":[634],"formato_nota":[],"programas_tax":[],"acf":[],"_links":{"self":[{"href":"https:\/\/www.medellin.gov.co\/es\/wp-json\/wp\/v2\/posts\/494045"}],"collection":[{"href":"https:\/\/www.medellin.gov.co\/es\/wp-json\/wp\/v2\/posts"}],"about":[{"href":"https:\/\/www.medellin.gov.co\/es\/wp-json\/wp\/v2\/types\/post"}],"author":[{"embeddable":true,"href":"https:\/\/www.medellin.gov.co\/es\/wp-json\/wp\/v2\/users\/95"}],"replies":[{"embeddable":true,"href":"https:\/\/www.medellin.gov.co\/es\/wp-json\/wp\/v2\/comments?post=494045"}],"version-history":[{"count":1,"href":"https:\/\/www.medellin.gov.co\/es\/wp-json\/wp\/v2\/posts\/494045\/revisions"}],"predecessor-version":[{"id":494066,"href":"https:\/\/www.medellin.gov.co\/es\/wp-json\/wp\/v2\/posts\/494045\/revisions\/494066"}],"wp:featuredmedia":[{"embeddable":true,"href":"https:\/\/www.medellin.gov.co\/es\/wp-json\/wp\/v2\/media\/494059"}],"wp:attachment":[{"href":"https:\/\/www.medellin.gov.co\/es\/wp-json\/wp\/v2\/media?parent=494045"}],"wp:term":[{"taxonomy":"category","embeddable":true,"href":"https:\/\/www.medellin.gov.co\/es\/wp-json\/wp\/v2\/categories?post=494045"},{"taxonomy":"post_tag","embeddable":true,"href":"https:\/\/www.medellin.gov.co\/es\/wp-json\/wp\/v2\/tags?post=494045"},{"taxonomy":"formato_nota","embeddable":true,"href":"https:\/\/www.medellin.gov.co\/es\/wp-json\/wp\/v2\/formato_nota?post=494045"},{"taxonomy":"programas_tax","embeddable":true,"href":"https:\/\/www.medellin.gov.co\/es\/wp-json\/wp\/v2\/programas_tax?post=494045"}],"curies":[{"name":"wp","href":"https:\/\/api.w.org\/{rel}","templated":true}]}}