{"id":494067,"date":"2026-01-27T10:23:19","date_gmt":"2026-01-27T15:23:19","guid":{"rendered":"https:\/\/www.medellin.gov.co\/es\/?p=494067"},"modified":"2026-01-27T10:23:19","modified_gmt":"2026-01-27T15:23:19","slug":"recicladores-de-medellin-reciben-mas-recursos-para-el-aprovechamiento-y-tratamiento-de-residuos","status":"publish","type":"post","link":"https:\/\/www.medellin.gov.co\/es\/sala-de-prensa\/noticias\/recicladores-de-medellin-reciben-mas-recursos-para-el-aprovechamiento-y-tratamiento-de-residuos\/","title":{"rendered":"Recicladores de Medell\u00edn reciben m\u00e1s recursos para el aprovechamiento y tratamiento de residuos"},"content":{"rendered":"<ul>\n<li>La cooperativa Recimed adquiri\u00f3 un montacargas mec\u00e1nico a gas que optimiza el cargue y descargue de materiales reciclables. Para 2026 se proyecta el aprovechamiento de 445.96 toneladas adicionales de residuos.<\/li>\n<\/ul>\n<!--[if lt IE 9]><script>document.createElement('audio');<\/script><![endif]-->\n\t<div class=\"wp-playlist wp-audio-playlist wp-playlist-light\">\n\t\t\t<div class=\"wp-playlist-current-item\"><\/div>\n\t\t<audio controls=\"controls\" preload=\"none\" width=\"640\"\n\t\t\t><\/audio>\n\t<div class=\"wp-playlist-next\"><\/div>\n\t<div class=\"wp-playlist-prev\"><\/div>\n\t<noscript>\n\t<ol>\n\t\t<li><a href='https:\/\/www.medellin.gov.co\/es\/wp-content\/uploads\/2026\/01\/Declaraciones-subsecretario-de-Gestion-Ambiental-Mario-Ramirez.mp3'>Declaraciones subsecretario de Gesti\u00f3n Ambiental, Mario Ram\u00edrez<\/a><\/li>\t<\/ol>\n\t<\/noscript>\n\t<script type=\"application\/json\" class=\"wp-playlist-script\">{\"type\":\"audio\",\"tracklist\":true,\"tracknumbers\":true,\"images\":true,\"artists\":true,\"tracks\":[{\"src\":\"https:\\\/\\\/www.medellin.gov.co\\\/es\\\/wp-content\\\/uploads\\\/2026\\\/01\\\/Declaraciones-subsecretario-de-Gestion-Ambiental-Mario-Ramirez.mp3\",\"type\":\"audio\\\/mpeg\",\"title\":\"Declaraciones subsecretario de Gesti\\u00f3n Ambiental, Mario Ram\\u00edrez\",\"caption\":\"\",\"description\":\"\\u00abDeclaraciones subsecretario de Gesti\\u00f3n Ambiental, Mario Ram\\u00edrez\\u00bb. G\\u00e9nero: Blues.\",\"meta\":{\"genre\":\"Blues\",\"length_formatted\":\"1:05\"},\"image\":{\"src\":\"https:\\\/\\\/www.medellin.gov.co\\\/es\\\/wp-includes\\\/images\\\/media\\\/audio.png\",\"width\":48,\"height\":64},\"thumb\":{\"src\":\"https:\\\/\\\/www.medellin.gov.co\\\/es\\\/wp-includes\\\/images\\\/media\\\/audio.png\",\"width\":48,\"height\":64}}]}<\/script>\n<\/div>\n\t\n<p>Gracias a la adjudicaci\u00f3n de recursos del Incentivo al Aprovechamiento y Tratamiento de Residuos (IAT), las organizaciones de recicladores de Medell\u00edn cuentan con recursos para mejorar sus pr\u00e1cticas y aumentar la recuperaci\u00f3n de materiales reciclables, lo que contribuye con una menor disposici\u00f3n en el relleno sanitario La Pradera y a una mayor vida \u00fatil del mismo.<\/p>\n<p><img loading=\"lazy\" class=\"alignnone wp-image-494074 size-full\" title=\"Recicladores\" src=\"https:\/\/www.medellin.gov.co\/es\/wp-content\/uploads\/2026\/01\/Imagen-recicladores-aprovechamiento-y-tratamiento-de-residuos-5.jpg\" alt=\"Imagen recicladores aprovechamiento y tratamiento de residuos (5)\" width=\"1280\" height=\"720\" srcset=\"https:\/\/www.medellin.gov.co\/es\/wp-content\/uploads\/2026\/01\/Imagen-recicladores-aprovechamiento-y-tratamiento-de-residuos-5.jpg 1280w, https:\/\/www.medellin.gov.co\/es\/wp-content\/uploads\/2026\/01\/Imagen-recicladores-aprovechamiento-y-tratamiento-de-residuos-5-300x169.jpg 300w, https:\/\/www.medellin.gov.co\/es\/wp-content\/uploads\/2026\/01\/Imagen-recicladores-aprovechamiento-y-tratamiento-de-residuos-5-1024x576.jpg 1024w, https:\/\/www.medellin.gov.co\/es\/wp-content\/uploads\/2026\/01\/Imagen-recicladores-aprovechamiento-y-tratamiento-de-residuos-5-150x84.jpg 150w, https:\/\/www.medellin.gov.co\/es\/wp-content\/uploads\/2026\/01\/Imagen-recicladores-aprovechamiento-y-tratamiento-de-residuos-5-768x432.jpg 768w\" sizes=\"(max-width: 1280px) 100vw, 1280px\" \/><\/p>\n<p>Con una inversi\u00f3n de $385 millones, los primeros beneficiados ser\u00e1n 250 asociados, 21 trabajadores vinculados y cinco prestadores de servicios de la cooperativa Recimed, que cumple 18 a\u00f1os de trabajo local. En la iniciativa participaron las secretar\u00edas de Medio Ambiente, Gesti\u00f3n y Control Territorial y Desarrollo Econ\u00f3mico.<\/p>\n<p>\u201cEstos recursos permiten a las organizaciones de recicladores mejorar su operaci\u00f3n y aumentar el aprovechamiento de residuos, generando un impacto positivo en la ciudad y en las condiciones de quienes realizan este trabajo\u201d, se\u00f1al\u00f3 el subsecretario de Gesti\u00f3n Ambiental, Mario Ram\u00edrez.<\/p>\n<p><img loading=\"lazy\" class=\"alignnone wp-image-494068 size-full\" title=\"Recicladores\" src=\"https:\/\/www.medellin.gov.co\/es\/wp-content\/uploads\/2026\/01\/Imagen-recicladores-aprovechamiento-y-tratamiento-de-residuos-6.jpg\" alt=\"Imagen recicladores aprovechamiento y tratamiento de residuos (6)\" width=\"1280\" height=\"786\" srcset=\"https:\/\/www.medellin.gov.co\/es\/wp-content\/uploads\/2026\/01\/Imagen-recicladores-aprovechamiento-y-tratamiento-de-residuos-6.jpg 1280w, https:\/\/www.medellin.gov.co\/es\/wp-content\/uploads\/2026\/01\/Imagen-recicladores-aprovechamiento-y-tratamiento-de-residuos-6-300x184.jpg 300w, https:\/\/www.medellin.gov.co\/es\/wp-content\/uploads\/2026\/01\/Imagen-recicladores-aprovechamiento-y-tratamiento-de-residuos-6-1024x629.jpg 1024w, https:\/\/www.medellin.gov.co\/es\/wp-content\/uploads\/2026\/01\/Imagen-recicladores-aprovechamiento-y-tratamiento-de-residuos-6-150x92.jpg 150w, https:\/\/www.medellin.gov.co\/es\/wp-content\/uploads\/2026\/01\/Imagen-recicladores-aprovechamiento-y-tratamiento-de-residuos-6-768x472.jpg 768w\" sizes=\"(max-width: 1280px) 100vw, 1280px\" \/><\/p>\n<p>Este apoyo demuestra c\u00f3mo las organizaciones de recicladores pueden contar con equipos y tecnolog\u00edas que hagan m\u00e1s eficiente la prestaci\u00f3n de sus servicios, con aumento en la cantidad de materiales recuperados y con impactos econ\u00f3micos, sociales y ambientales positivos.<\/p>\n","protected":false},"excerpt":{"rendered":"<p>La cooperativa Recimed adquiri\u00f3 un montacargas mec\u00e1nico a gas que optimiza el cargue y descargue de materiales reciclables. Para 2026 se proyecta el aprovechamiento de 445.96 toneladas adicionales de residuos. Gracias a la adjudicaci\u00f3n de &#8230;<\/p>\n","protected":false},"author":95,"featured_media":494080,"comment_status":"open","ping_status":"open","sticky":false,"template":"","format":"standard","meta":[],"categories":[13],"tags":[436],"formato_nota":[],"programas_tax":[],"acf":[],"_links":{"self":[{"href":"https:\/\/www.medellin.gov.co\/es\/wp-json\/wp\/v2\/posts\/494067"}],"collection":[{"href":"https:\/\/www.medellin.gov.co\/es\/wp-json\/wp\/v2\/posts"}],"about":[{"href":"https:\/\/www.medellin.gov.co\/es\/wp-json\/wp\/v2\/types\/post"}],"author":[{"embeddable":true,"href":"https:\/\/www.medellin.gov.co\/es\/wp-json\/wp\/v2\/users\/95"}],"replies":[{"embeddable":true,"href":"https:\/\/www.medellin.gov.co\/es\/wp-json\/wp\/v2\/comments?post=494067"}],"version-history":[{"count":1,"href":"https:\/\/www.medellin.gov.co\/es\/wp-json\/wp\/v2\/posts\/494067\/revisions"}],"predecessor-version":[{"id":494088,"href":"https:\/\/www.medellin.gov.co\/es\/wp-json\/wp\/v2\/posts\/494067\/revisions\/494088"}],"wp:featuredmedia":[{"embeddable":true,"href":"https:\/\/www.medellin.gov.co\/es\/wp-json\/wp\/v2\/media\/494080"}],"wp:attachment":[{"href":"https:\/\/www.medellin.gov.co\/es\/wp-json\/wp\/v2\/media?parent=494067"}],"wp:term":[{"taxonomy":"category","embeddable":true,"href":"https:\/\/www.medellin.gov.co\/es\/wp-json\/wp\/v2\/categories?post=494067"},{"taxonomy":"post_tag","embeddable":true,"href":"https:\/\/www.medellin.gov.co\/es\/wp-json\/wp\/v2\/tags?post=494067"},{"taxonomy":"formato_nota","embeddable":true,"href":"https:\/\/www.medellin.gov.co\/es\/wp-json\/wp\/v2\/formato_nota?post=494067"},{"taxonomy":"programas_tax","embeddable":true,"href":"https:\/\/www.medellin.gov.co\/es\/wp-json\/wp\/v2\/programas_tax?post=494067"}],"curies":[{"name":"wp","href":"https:\/\/api.w.org\/{rel}","templated":true}]}}