{"id":494091,"date":"2026-01-27T12:01:17","date_gmt":"2026-01-27T17:01:17","guid":{"rendered":"https:\/\/www.medellin.gov.co\/es\/?p=494091"},"modified":"2026-01-28T09:57:21","modified_gmt":"2026-01-28T14:57:21","slug":"john-fredy-toro-gonzalez-asume-como-nuevo-secretario-de-evaluacion-y-control-de-la-alcaldia-de-medellin","status":"publish","type":"post","link":"https:\/\/www.medellin.gov.co\/es\/sala-de-prensa\/noticias\/john-fredy-toro-gonzalez-asume-como-nuevo-secretario-de-evaluacion-y-control-de-la-alcaldia-de-medellin\/","title":{"rendered":"John Fredy Toro Gonz\u00e1lez asume como nuevo Secretario de Evaluaci\u00f3n y Control de la Alcald\u00eda de Medell\u00edn"},"content":{"rendered":"<p>El 19 de enero de 2026, <strong>John Fredy Toro Gonz\u00e1lez tom\u00f3 posesi\u00f3n como Secretario de Evaluaci\u00f3n y Control<\/strong> de la Alcald\u00eda de Medell\u00edn, iniciando el periodo institucional 2026\u20132029, con el reto de fortalecer los procesos de evaluaci\u00f3n, control y mejora institucional en el Distrito.<\/p>\n<p><a href=\"https:\/\/www.medellin.gov.co\/es\/wp-content\/uploads\/2026\/01\/John-Fredy-Toro-Secretario-Evaluacion-y-Control.jpg\" target=\"_blank\" rel=\"noopener\"><img loading=\"lazy\" class=\"alignnone wp-image-494149 size-full\" title=\"John Fredy Toro\" src=\"https:\/\/www.medellin.gov.co\/es\/wp-content\/uploads\/2026\/01\/John-Fredy-Toro-Secretario-Evaluacion-y-Control.jpg\" alt=\"John Fredy Toro - Secretario Evaluaci\u00f3n y Control\" width=\"1200\" height=\"932\" srcset=\"https:\/\/www.medellin.gov.co\/es\/wp-content\/uploads\/2026\/01\/John-Fredy-Toro-Secretario-Evaluacion-y-Control.jpg 1200w, https:\/\/www.medellin.gov.co\/es\/wp-content\/uploads\/2026\/01\/John-Fredy-Toro-Secretario-Evaluacion-y-Control-300x233.jpg 300w, https:\/\/www.medellin.gov.co\/es\/wp-content\/uploads\/2026\/01\/John-Fredy-Toro-Secretario-Evaluacion-y-Control-1024x795.jpg 1024w, https:\/\/www.medellin.gov.co\/es\/wp-content\/uploads\/2026\/01\/John-Fredy-Toro-Secretario-Evaluacion-y-Control-150x117.jpg 150w, https:\/\/www.medellin.gov.co\/es\/wp-content\/uploads\/2026\/01\/John-Fredy-Toro-Secretario-Evaluacion-y-Control-768x596.jpg 768w\" sizes=\"(max-width: 1200px) 100vw, 1200px\" \/><\/a><\/p>\n<p>La Secretar\u00eda de Evaluaci\u00f3n y Control de la Alcald\u00eda de Medell\u00edn <strong>cuenta desde el 19 de enero de 2026 con un nuevo liderazgo<\/strong>. Se trata de John Fredy Toro Gonz\u00e1lez, abogado con amplia trayectoria en el sector p\u00fablico, quien asumi\u00f3 el cargo como secretario de esta dependencia estrat\u00e9gica, en cumplimiento del periodo institucional de cuatro a\u00f1os que rige para los jefes de oficinas de Control Interno en Colombia, correspondiente al ciclo 2026\u20132029.<\/p>\n<p>John Fredy Toro Gonz\u00e1lez, nacido en el municipio de Fredonia, casado y padre de dos hijos, es abogado de la U de A, mag\u00edster en Derecho Administrativo, con especializaciones en Derecho Administrativo, Derecho Laboral y Seguridad Social. Su perfil acad\u00e9mico se complementa con una s\u00f3lida experiencia profesional tanto en el ejercicio del derecho como en la docencia universitaria.<\/p>\n<p>A lo largo de su carrera, el nuevo secretario ha ocupado cargos de relevancia en el \u00e1mbito p\u00fablico, entre ellos, Subdirector de Control Interno y Secretario General del IDEA, Concejal de Medell\u00edn, Gerente Departamental de la Contralor\u00eda General de la Rep\u00fablica en Antioquia, Secretario de Agricultura del Departamento, Vicepresidente de Gesti\u00f3n Contractual de la ADR, entre otros. M\u00e1s recientemente, se desempe\u00f1\u00f3 como Subdirector General del \u00c1rea Metropolitana del Valle de Aburr\u00e1 y Secretario General de la Corporaci\u00f3n Ruta N, experiencia que fortaleci\u00f3 su visi\u00f3n sobre la articulaci\u00f3n institucional y la gesti\u00f3n p\u00fablica estrat\u00e9gica.<\/p>\n<p>Desde su llegada a la secretar\u00eda, su perfil se ha caracterizado por el sentido de pertenencia por Medell\u00edn, una actitud receptiva y cercana con los equipos de trabajo, as\u00ed como por la coherencia entre su pensamiento y su ejercicio profesional, elementos clave para una dependencia encargada de velar por la transparencia y la mejora continua de la administraci\u00f3n distrital.<\/p>\n<p style=\"text-align: left\">Al referirse al papel que cumplir\u00e1 la Secretar\u00eda de Evaluaci\u00f3n y Control bajo su direcci\u00f3n, el secretario afirm\u00f3:<\/p>\n<p><strong><em>\u201c<\/em><\/strong><em><strong>Trabajar\u00e9 permanentemente con el prop\u00f3sito de apoyar para que los objetivos institucionales expresados en el Plan de Desarrollo Medell\u00edn Te Quiere 2024\u20132027 se cumplan<\/strong>, de cara a la recuperaci\u00f3n de la confianza ciudadana en la institucionalidad y a la eficiente gesti\u00f3n de los recursos p\u00fablicos del Distrito.<\/em><strong><em>\u201d<\/em><\/strong><\/p>\n<p>Asimismo, destac\u00f3 la importancia de trabajar de la mano con el conglomerado p\u00fablico, como eje fundamental para el fortalecimiento del control y la articulaci\u00f3n institucional.<\/p>\n<p>Con la posesi\u00f3n de John Fredy Toro Gonz\u00e1lez, la Secretar\u00eda de Evaluaci\u00f3n y Control inicia una nueva etapa enmarcada en la consolidaci\u00f3n de est\u00e1ndares internacionales, el acompa\u00f1amiento permanente a la gesti\u00f3n institucional y el fortalecimiento de la confianza ciudadana.<\/p>\n","protected":false},"excerpt":{"rendered":"<p>El 19 de enero de 2026, John Fredy Toro Gonz\u00e1lez tom\u00f3 posesi\u00f3n como Secretario de Evaluaci\u00f3n y Control de la Alcald\u00eda de Medell\u00edn, iniciando el periodo institucional 2026\u20132029, con el reto de fortalecer los procesos &#8230;<\/p>\n","protected":false},"author":94,"featured_media":494154,"comment_status":"open","ping_status":"open","sticky":false,"template":"","format":"standard","meta":[],"categories":[5],"tags":[634,453,455],"formato_nota":[],"programas_tax":[],"acf":[],"_links":{"self":[{"href":"https:\/\/www.medellin.gov.co\/es\/wp-json\/wp\/v2\/posts\/494091"}],"collection":[{"href":"https:\/\/www.medellin.gov.co\/es\/wp-json\/wp\/v2\/posts"}],"about":[{"href":"https:\/\/www.medellin.gov.co\/es\/wp-json\/wp\/v2\/types\/post"}],"author":[{"embeddable":true,"href":"https:\/\/www.medellin.gov.co\/es\/wp-json\/wp\/v2\/users\/94"}],"replies":[{"embeddable":true,"href":"https:\/\/www.medellin.gov.co\/es\/wp-json\/wp\/v2\/comments?post=494091"}],"version-history":[{"count":10,"href":"https:\/\/www.medellin.gov.co\/es\/wp-json\/wp\/v2\/posts\/494091\/revisions"}],"predecessor-version":[{"id":494343,"href":"https:\/\/www.medellin.gov.co\/es\/wp-json\/wp\/v2\/posts\/494091\/revisions\/494343"}],"wp:featuredmedia":[{"embeddable":true,"href":"https:\/\/www.medellin.gov.co\/es\/wp-json\/wp\/v2\/media\/494154"}],"wp:attachment":[{"href":"https:\/\/www.medellin.gov.co\/es\/wp-json\/wp\/v2\/media?parent=494091"}],"wp:term":[{"taxonomy":"category","embeddable":true,"href":"https:\/\/www.medellin.gov.co\/es\/wp-json\/wp\/v2\/categories?post=494091"},{"taxonomy":"post_tag","embeddable":true,"href":"https:\/\/www.medellin.gov.co\/es\/wp-json\/wp\/v2\/tags?post=494091"},{"taxonomy":"formato_nota","embeddable":true,"href":"https:\/\/www.medellin.gov.co\/es\/wp-json\/wp\/v2\/formato_nota?post=494091"},{"taxonomy":"programas_tax","embeddable":true,"href":"https:\/\/www.medellin.gov.co\/es\/wp-json\/wp\/v2\/programas_tax?post=494091"}],"curies":[{"name":"wp","href":"https:\/\/api.w.org\/{rel}","templated":true}]}}