{"id":495741,"date":"2026-01-30T13:11:14","date_gmt":"2026-01-30T18:11:14","guid":{"rendered":"https:\/\/www.medellin.gov.co\/es\/?p=495741"},"modified":"2026-01-30T13:11:14","modified_gmt":"2026-01-30T18:11:14","slug":"400-maestros-de-medellin-fortalecen-practicas-pedagogicas-para-estudiantes-con-desfase-entre-edad-y-grado-academico","status":"publish","type":"post","link":"https:\/\/www.medellin.gov.co\/es\/sala-de-prensa\/noticias\/400-maestros-de-medellin-fortalecen-practicas-pedagogicas-para-estudiantes-con-desfase-entre-edad-y-grado-academico\/","title":{"rendered":"400 maestros de Medell\u00edn fortalecen pr\u00e1cticas pedag\u00f3gicas para estudiantes con desfase entre edad y grado acad\u00e9mico"},"content":{"rendered":"<ul>\n<li>En enero, la Administraci\u00f3n Distrital lider\u00f3 las primeras jornadas del a\u00f1o para la cualificaci\u00f3n docente en Modelos Flexibles.<\/li>\n<\/ul>\n<!--[if lt IE 9]><script>document.createElement('audio');<\/script><![endif]-->\n\t<div class=\"wp-playlist wp-audio-playlist wp-playlist-light\">\n\t\t\t<div class=\"wp-playlist-current-item\"><\/div>\n\t\t<audio controls=\"controls\" preload=\"none\" width=\"640\"\n\t\t\t><\/audio>\n\t<div class=\"wp-playlist-next\"><\/div>\n\t<div class=\"wp-playlist-prev\"><\/div>\n\t<noscript>\n\t<ol>\n\t\t<li><a href='https:\/\/www.medellin.gov.co\/es\/wp-content\/uploads\/2026\/01\/Declaraciones-de-la-secretaria-de-Educacion-Carolina-Franco-Giraldo.mp3'>Declaraciones de la secretaria de Educaci\u00f3n, Carolina Franco Giraldo<\/a><\/li>\t<\/ol>\n\t<\/noscript>\n\t<script type=\"application\/json\" class=\"wp-playlist-script\">{\"type\":\"audio\",\"tracklist\":true,\"tracknumbers\":true,\"images\":true,\"artists\":true,\"tracks\":[{\"src\":\"https:\\\/\\\/www.medellin.gov.co\\\/es\\\/wp-content\\\/uploads\\\/2026\\\/01\\\/Declaraciones-de-la-secretaria-de-Educacion-Carolina-Franco-Giraldo.mp3\",\"type\":\"audio\\\/mpeg\",\"title\":\"Declaraciones de la secretaria de Educaci\\u00f3n, Carolina Franco Giraldo\",\"caption\":\"\",\"description\":\"\\u00abDeclaraciones de la secretaria de Educaci\\u00f3n, Carolina Franco Giraldo\\u00bb. \",\"meta\":{\"genre\":\"Blues\",\"length_formatted\":\"1:07\"},\"image\":{\"src\":\"https:\\\/\\\/www.medellin.gov.co\\\/es\\\/wp-includes\\\/images\\\/media\\\/audio.png\",\"width\":48,\"height\":64},\"thumb\":{\"src\":\"https:\\\/\\\/www.medellin.gov.co\\\/es\\\/wp-includes\\\/images\\\/media\\\/audio.png\",\"width\":48,\"height\":64}}]}<\/script>\n<\/div>\n\t\n<p>La Alcald\u00eda de Medell\u00edn avanza con procesos de formaci\u00f3n para los docentes de instituciones educativas oficiales en pr\u00e1cticas pedag\u00f3gicas y estrategias de modelos flexibles, para que adquieran mayores herramientas de atenci\u00f3n integral de las realidades de los estudiantes.<\/p>\n<p>Durante enero, 400 profesores de b\u00e1sica primaria estuvieron en este proceso, a trav\u00e9s de cuatro jornadas que se hicieron en el <a href=\"https:\/\/www.medellin.edu.co\/mova\/\" target=\"_blank\" rel=\"noopener\">Centro de Innovaci\u00f3n del Maestro -Mova-<\/a>. Los docentes adoptan los modelos Br\u00fajula y Aceleraci\u00f3n del Aprendizaje, por lo cual estos espacios les permiten ampliar sus conocimientos y mejorar metodolog\u00edas de educaci\u00f3n en las aulas.<\/p>\n<p><a href=\"https:\/\/www.medellin.gov.co\/es\/wp-content\/uploads\/2026\/01\/Imagen-de-dos-ciudadanos.jpg\" target=\"_blank\" rel=\"noopener\"><img loading=\"lazy\" class=\"alignnone wp-image-495761 size-full\" title=\"dos ciudadanos\" src=\"https:\/\/www.medellin.gov.co\/es\/wp-content\/uploads\/2026\/01\/Imagen-de-dos-ciudadanos.jpg\" alt=\"Imagen de dos ciudadanos\" width=\"1141\" height=\"760\" srcset=\"https:\/\/www.medellin.gov.co\/es\/wp-content\/uploads\/2026\/01\/Imagen-de-dos-ciudadanos.jpg 1141w, https:\/\/www.medellin.gov.co\/es\/wp-content\/uploads\/2026\/01\/Imagen-de-dos-ciudadanos-300x200.jpg 300w, https:\/\/www.medellin.gov.co\/es\/wp-content\/uploads\/2026\/01\/Imagen-de-dos-ciudadanos-1024x682.jpg 1024w, https:\/\/www.medellin.gov.co\/es\/wp-content\/uploads\/2026\/01\/Imagen-de-dos-ciudadanos-150x100.jpg 150w, https:\/\/www.medellin.gov.co\/es\/wp-content\/uploads\/2026\/01\/Imagen-de-dos-ciudadanos-768x512.jpg 768w\" sizes=\"(max-width: 1141px) 100vw, 1141px\" \/><\/a><\/p>\n<p>\u201c<em>La estrategia de Modelos Flexibles nos permite acompa\u00f1ar a estudiantes cuya trayectoria educativa requiere procesos de nivelaci\u00f3n y acompa\u00f1amiento, brind\u00e1ndoles la posibilidad de avanzar hasta dos grados en un a\u00f1o, sin perder su v\u00ednculo con la vida escolar y sus procesos educativos. A trav\u00e9s de estas formaciones, fortalecemos cada vez m\u00e1s el trabajo en pedagog\u00edas activas, aprendizajes basado en proyectos y metodolog\u00edas que promueven la confianza, la permanencia y la continuidad educativa<\/em>\u201d, indic\u00f3 la secretaria de Educaci\u00f3n, Carolina Franco Giraldo.<\/p>\n<p>La estrategia incluy\u00f3 cuatro jornadas de cualificaci\u00f3n para docentes de b\u00e1sica secundaria que acompa\u00f1an a estudiantes de sexto a noveno grado. Estas sesiones tuvieron espacios de sensibilizaci\u00f3n sobre qu\u00e9 significa la extraedad o el desfase entre edad y grado acad\u00e9mico, y c\u00f3mo aprenden estos j\u00f3venes, teniendo en cuenta sus ritmos y experiencias de vida.<\/p>\n<p><a href=\"https:\/\/www.medellin.gov.co\/es\/wp-content\/uploads\/2026\/01\/Imagen-de-mujer-sonriente.jpg\" target=\"_blank\" rel=\"noopener\"><img loading=\"lazy\" class=\"alignnone wp-image-495758 size-full\" title=\"mujer sonriente\" src=\"https:\/\/www.medellin.gov.co\/es\/wp-content\/uploads\/2026\/01\/Imagen-de-mujer-sonriente.jpg\" alt=\"Imagen de mujer sonriente\" width=\"1141\" height=\"760\" srcset=\"https:\/\/www.medellin.gov.co\/es\/wp-content\/uploads\/2026\/01\/Imagen-de-mujer-sonriente.jpg 1141w, https:\/\/www.medellin.gov.co\/es\/wp-content\/uploads\/2026\/01\/Imagen-de-mujer-sonriente-300x200.jpg 300w, https:\/\/www.medellin.gov.co\/es\/wp-content\/uploads\/2026\/01\/Imagen-de-mujer-sonriente-1024x682.jpg 1024w, https:\/\/www.medellin.gov.co\/es\/wp-content\/uploads\/2026\/01\/Imagen-de-mujer-sonriente-150x100.jpg 150w, https:\/\/www.medellin.gov.co\/es\/wp-content\/uploads\/2026\/01\/Imagen-de-mujer-sonriente-768x512.jpg 768w\" sizes=\"(max-width: 1141px) 100vw, 1141px\" \/><\/a><\/p>\n<p>Las formaciones hacen \u00e9nfasis en el uso de pedagog\u00edas en las cuales el alumno es el centro del aprendizaje y el docente cumple un rol de orientador, lo cual favorece procesos educativos m\u00e1s significativos y acordes con las realidades de cada grupo.<\/p>\n<p>Con estas iniciativas, la Administraci\u00f3n Distrital ratifica su compromiso con una educaci\u00f3n m\u00e1s equitativa, incluyente y centrada en las trayectorias de vida de sus ni\u00f1as, ni\u00f1os y j\u00f3venes.<\/p>\n","protected":false},"excerpt":{"rendered":"<p>En enero, la Administraci\u00f3n Distrital lider\u00f3 las primeras jornadas del a\u00f1o para la cualificaci\u00f3n docente en Modelos Flexibles. La Alcald\u00eda de Medell\u00edn avanza con procesos de formaci\u00f3n para los docentes de instituciones educativas oficiales en &#8230;<\/p>\n","protected":false},"author":21,"featured_media":495768,"comment_status":"open","ping_status":"open","sticky":false,"template":"","format":"standard","meta":[],"categories":[4],"tags":[431],"formato_nota":[],"programas_tax":[],"acf":[],"_links":{"self":[{"href":"https:\/\/www.medellin.gov.co\/es\/wp-json\/wp\/v2\/posts\/495741"}],"collection":[{"href":"https:\/\/www.medellin.gov.co\/es\/wp-json\/wp\/v2\/posts"}],"about":[{"href":"https:\/\/www.medellin.gov.co\/es\/wp-json\/wp\/v2\/types\/post"}],"author":[{"embeddable":true,"href":"https:\/\/www.medellin.gov.co\/es\/wp-json\/wp\/v2\/users\/21"}],"replies":[{"embeddable":true,"href":"https:\/\/www.medellin.gov.co\/es\/wp-json\/wp\/v2\/comments?post=495741"}],"version-history":[{"count":3,"href":"https:\/\/www.medellin.gov.co\/es\/wp-json\/wp\/v2\/posts\/495741\/revisions"}],"predecessor-version":[{"id":495783,"href":"https:\/\/www.medellin.gov.co\/es\/wp-json\/wp\/v2\/posts\/495741\/revisions\/495783"}],"wp:featuredmedia":[{"embeddable":true,"href":"https:\/\/www.medellin.gov.co\/es\/wp-json\/wp\/v2\/media\/495768"}],"wp:attachment":[{"href":"https:\/\/www.medellin.gov.co\/es\/wp-json\/wp\/v2\/media?parent=495741"}],"wp:term":[{"taxonomy":"category","embeddable":true,"href":"https:\/\/www.medellin.gov.co\/es\/wp-json\/wp\/v2\/categories?post=495741"},{"taxonomy":"post_tag","embeddable":true,"href":"https:\/\/www.medellin.gov.co\/es\/wp-json\/wp\/v2\/tags?post=495741"},{"taxonomy":"formato_nota","embeddable":true,"href":"https:\/\/www.medellin.gov.co\/es\/wp-json\/wp\/v2\/formato_nota?post=495741"},{"taxonomy":"programas_tax","embeddable":true,"href":"https:\/\/www.medellin.gov.co\/es\/wp-json\/wp\/v2\/programas_tax?post=495741"}],"curies":[{"name":"wp","href":"https:\/\/api.w.org\/{rel}","templated":true}]}}