{"id":495804,"date":"2026-01-30T13:32:31","date_gmt":"2026-01-30T18:32:31","guid":{"rendered":"https:\/\/www.medellin.gov.co\/es\/?p=495804"},"modified":"2026-01-30T13:32:31","modified_gmt":"2026-01-30T18:32:31","slug":"un-golpe-contra-el-crimen-trasnacional-alcalde-federico-gutierrez-presento-capturas-de-un-panameno-y-un-italiano-con-circular-roja","status":"publish","type":"post","link":"https:\/\/www.medellin.gov.co\/es\/sala-de-prensa\/noticias\/un-golpe-contra-el-crimen-trasnacional-alcalde-federico-gutierrez-presento-capturas-de-un-panameno-y-un-italiano-con-circular-roja\/","title":{"rendered":"\u201cUn golpe contra el crimen trasnacional\u201d: alcalde Federico Guti\u00e9rrez present\u00f3 capturas de un paname\u00f1o y un italiano con circular roja"},"content":{"rendered":"<ul>\n<li>Gracias a la articulaci\u00f3n entre Polic\u00eda, Fiscal\u00eda, <a href=\"https:\/\/www.interpol.int\/es\" target=\"_blank\" rel=\"noopener\">Interpol<\/a> y la Alcald\u00eda de Medell\u00edn, cayeron Roberto Nastasi y Jean Carlo Valderrama, alias \u2018Bal\u00edn\u2019. Los dos hombres ten\u00edan alianzas con estructuras delincuenciales de la ciudad.<\/li>\n<li>El trabajo con Interpol ha dejado seis detenidos en lo que va de 2026, mientras que en todo 2023 fueron cinco.<\/li>\n<\/ul>\n<!--[if lt IE 9]><script>document.createElement('audio');<\/script><![endif]-->\n\t<div class=\"wp-playlist wp-audio-playlist wp-playlist-light\">\n\t\t\t<div class=\"wp-playlist-current-item\"><\/div>\n\t\t<audio controls=\"controls\" preload=\"none\" width=\"640\"\n\t\t\t><\/audio>\n\t<div class=\"wp-playlist-next\"><\/div>\n\t<div class=\"wp-playlist-prev\"><\/div>\n\t<noscript>\n\t<ol>\n\t\t<li><a href='https:\/\/www.medellin.gov.co\/es\/wp-content\/uploads\/2026\/01\/Declaraciones-del-alcalde-de-Medellin-Federico-Gutierrez-Zuluaga-01-2.mp3'>Declaraciones del alcalde de Medell\u00edn, Federico Guti\u00e9rrez Zuluaga - 01<\/a><\/li><li><a href='https:\/\/www.medellin.gov.co\/es\/wp-content\/uploads\/2026\/01\/Declaraciones-del-alcalde-de-Medellin-Federico-Gutierrez-Zuluaga-02-1.mp3'>Declaraciones del alcalde de Medell\u00edn, Federico Guti\u00e9rrez Zuluaga - 02<\/a><\/li><li><a href='https:\/\/www.medellin.gov.co\/es\/wp-content\/uploads\/2026\/01\/Declaraciones-del-alcalde-de-Medellin-Federico-Gutierrez-Zuluaga-03-1.mp3'>Declaraciones del alcalde de Medell\u00edn, Federico Guti\u00e9rrez Zuluaga - 03<\/a><\/li><li><a href='https:\/\/www.medellin.gov.co\/es\/wp-content\/uploads\/2026\/01\/Declaraciones-del-alcalde-de-Medellin-Federico-Gutierrez-Zuluaga-04-1.mp3'>Declaraciones del alcalde de Medell\u00edn, Federico Guti\u00e9rrez Zuluaga - 04<\/a><\/li>\t<\/ol>\n\t<\/noscript>\n\t<script type=\"application\/json\" class=\"wp-playlist-script\">{\"type\":\"audio\",\"tracklist\":true,\"tracknumbers\":true,\"images\":true,\"artists\":true,\"tracks\":[{\"src\":\"https:\\\/\\\/www.medellin.gov.co\\\/es\\\/wp-content\\\/uploads\\\/2026\\\/01\\\/Declaraciones-del-alcalde-de-Medellin-Federico-Gutierrez-Zuluaga-01-2.mp3\",\"type\":\"audio\\\/mpeg\",\"title\":\"Declaraciones del alcalde de Medell\\u00edn, Federico Guti\\u00e9rrez Zuluaga - 01\",\"caption\":\"\",\"description\":\"\\u00abDeclaraciones del alcalde de Medell\\u00edn, Federico Guti\\u00e9rrez Zuluaga - 01\\u00bb. \",\"meta\":{\"year\":\"1904\",\"length_formatted\":\"5:18\"},\"image\":{\"src\":\"https:\\\/\\\/www.medellin.gov.co\\\/es\\\/wp-includes\\\/images\\\/media\\\/audio.png\",\"width\":48,\"height\":64},\"thumb\":{\"src\":\"https:\\\/\\\/www.medellin.gov.co\\\/es\\\/wp-includes\\\/images\\\/media\\\/audio.png\",\"width\":48,\"height\":64}},{\"src\":\"https:\\\/\\\/www.medellin.gov.co\\\/es\\\/wp-content\\\/uploads\\\/2026\\\/01\\\/Declaraciones-del-alcalde-de-Medellin-Federico-Gutierrez-Zuluaga-02-1.mp3\",\"type\":\"audio\\\/mpeg\",\"title\":\"Declaraciones del alcalde de Medell\\u00edn, Federico Guti\\u00e9rrez Zuluaga - 02\",\"caption\":\"\",\"description\":\"\\u00abDeclaraciones del alcalde de Medell\\u00edn, Federico Guti\\u00e9rrez Zuluaga - 02\\u00bb. \",\"meta\":{\"year\":\"1904\",\"length_formatted\":\"5:43\"},\"image\":{\"src\":\"https:\\\/\\\/www.medellin.gov.co\\\/es\\\/wp-includes\\\/images\\\/media\\\/audio.png\",\"width\":48,\"height\":64},\"thumb\":{\"src\":\"https:\\\/\\\/www.medellin.gov.co\\\/es\\\/wp-includes\\\/images\\\/media\\\/audio.png\",\"width\":48,\"height\":64}},{\"src\":\"https:\\\/\\\/www.medellin.gov.co\\\/es\\\/wp-content\\\/uploads\\\/2026\\\/01\\\/Declaraciones-del-alcalde-de-Medellin-Federico-Gutierrez-Zuluaga-03-1.mp3\",\"type\":\"audio\\\/mpeg\",\"title\":\"Declaraciones del alcalde de Medell\\u00edn, Federico Guti\\u00e9rrez Zuluaga - 03\",\"caption\":\"\",\"description\":\"\\u00abDeclaraciones del alcalde de Medell\\u00edn, Federico Guti\\u00e9rrez Zuluaga - 03\\u00bb. Lanzamiento: 1904.\",\"meta\":{\"year\":\"1904\",\"length_formatted\":\"3:16\"},\"image\":{\"src\":\"https:\\\/\\\/www.medellin.gov.co\\\/es\\\/wp-includes\\\/images\\\/media\\\/audio.png\",\"width\":48,\"height\":64},\"thumb\":{\"src\":\"https:\\\/\\\/www.medellin.gov.co\\\/es\\\/wp-includes\\\/images\\\/media\\\/audio.png\",\"width\":48,\"height\":64}},{\"src\":\"https:\\\/\\\/www.medellin.gov.co\\\/es\\\/wp-content\\\/uploads\\\/2026\\\/01\\\/Declaraciones-del-alcalde-de-Medellin-Federico-Gutierrez-Zuluaga-04-1.mp3\",\"type\":\"audio\\\/mpeg\",\"title\":\"Declaraciones del alcalde de Medell\\u00edn, Federico Guti\\u00e9rrez Zuluaga - 04\",\"caption\":\"\",\"description\":\"\\u00abDeclaraciones del alcalde de Medell\\u00edn, Federico Guti\\u00e9rrez Zuluaga - 04\\u00bb. \",\"meta\":{\"year\":\"1904\",\"length_formatted\":\"2:57\"},\"image\":{\"src\":\"https:\\\/\\\/www.medellin.gov.co\\\/es\\\/wp-includes\\\/images\\\/media\\\/audio.png\",\"width\":48,\"height\":64},\"thumb\":{\"src\":\"https:\\\/\\\/www.medellin.gov.co\\\/es\\\/wp-includes\\\/images\\\/media\\\/audio.png\",\"width\":48,\"height\":64}}]}<\/script>\n<\/div>\n\t\n<p>El alcalde Federico Guti\u00e9rrez Zuluaga present\u00f3 nuevos resultados de la lucha contra el crimen trasnacional en Medell\u00edn, en acciones articuladas con Interpol e instituciones como la Polic\u00eda Nacional, la Fiscal\u00eda General de la Naci\u00f3n y autoridades de otros lugares del mundo. Los logros m\u00e1s recientes son la captura de Roberto Nastasi, ciudadano de nacionalidad italiana, y el paname\u00f1o Jean Carlo Valderrama, alias \u2018Bal\u00edn\u2019, ambos con requerimiento internacional.<\/p>\n<p>Nastasi ten\u00eda orden de captura en Italia y pertenecer\u00eda a una peligrosa estructura de la mafia. Se hab\u00eda escondido en Guayaquil, Ecuador, donde posaba de empresario, pero ten\u00eda pareja sentimental en Medell\u00edn, desde hace 8 a\u00f1os, por lo cual visitaba la ciudad. Tras ubicarlo, las autoridades locales establecieron contacto con las italianas, con el fin de coordinar el operativo que termin\u00f3 con su captura.<\/p>\n<p><a href=\"https:\/\/www.medellin.gov.co\/es\/wp-content\/uploads\/2026\/01\/Imagen-de-capturados.jpg\" target=\"_blank\" rel=\"noopener\"><img loading=\"lazy\" class=\"alignnone wp-image-495762 size-full\" title=\"capturados\" src=\"https:\/\/www.medellin.gov.co\/es\/wp-content\/uploads\/2026\/01\/Imagen-de-capturados.jpg\" alt=\"Imagen de capturados\" width=\"1280\" height=\"536\" srcset=\"https:\/\/www.medellin.gov.co\/es\/wp-content\/uploads\/2026\/01\/Imagen-de-capturados.jpg 1280w, https:\/\/www.medellin.gov.co\/es\/wp-content\/uploads\/2026\/01\/Imagen-de-capturados-300x126.jpg 300w, https:\/\/www.medellin.gov.co\/es\/wp-content\/uploads\/2026\/01\/Imagen-de-capturados-1024x429.jpg 1024w, https:\/\/www.medellin.gov.co\/es\/wp-content\/uploads\/2026\/01\/Imagen-de-capturados-150x63.jpg 150w, https:\/\/www.medellin.gov.co\/es\/wp-content\/uploads\/2026\/01\/Imagen-de-capturados-768x322.jpg 768w\" sizes=\"(max-width: 1280px) 100vw, 1280px\" \/><\/a><\/p>\n<p>Este individuo es se\u00f1alado como el principal enlace entre el Clan del Golfo y mafias narcotraficantes en Italia y era requerido por los delitos de asociaci\u00f3n para delinquir con fines de tr\u00e1fico internacional de sustancias estupefacientes, espec\u00edficamente clorhidrato de coca\u00edna en cantidades significativas, con circunstancias agravantes. En la capital antioque\u00f1a recib\u00eda protecci\u00f3n de estructuras criminales locales.<\/p>\n<p>Con relaci\u00f3n a alias \u2018Bal\u00edn\u2019, el procedimiento form\u00f3 parte de la operaci\u00f3n Sin Fronteras, para combatir el crimen transnacional y permiti\u00f3 tambi\u00e9n la captura en flagrancia de otras cuatro personas: tres ciudadanos colombianos y uno paname\u00f1o, as\u00ed como la incautaci\u00f3n de tres armas de fuego y cinco tel\u00e9fonos celulares.<\/p>\n<p>\u201c<em>Esas personas lo cuidaban, junto a estructuras de Medell\u00edn, lo que constituye otra renta criminal, no solo de sociedades mafiosas, sino de grupos de la ciudad que ofrecen servicios de guardaespaldas y de cuidado a delincuentes de otras partes del mundo<\/em>\u201d, precis\u00f3 el alcalde Guti\u00e9rrez Zuluaga.<\/p>\n\n\t\t<style type=\"text\/css\">\n\t\t\t#gallery-1 {\n\t\t\t\tmargin: auto;\n\t\t\t}\n\t\t\t#gallery-1 .gallery-item {\n\t\t\t\tfloat: left;\n\t\t\t\tmargin-top: 10px;\n\t\t\t\ttext-align: center;\n\t\t\t\twidth: 50%;\n\t\t\t}\n\t\t\t#gallery-1 img {\n\t\t\t\tborder: 2px solid #cfcfcf;\n\t\t\t}\n\t\t\t#gallery-1 .gallery-caption {\n\t\t\t\tmargin-left: 0;\n\t\t\t}\n\t\t\t\/* see gallery_shortcode() in wp-includes\/media.php *\/\n\t\t<\/style>\n\t\t<div id='gallery-1' class='gallery galleryid-495804 gallery-columns-2 gallery-size-full'><dl class='gallery-item'>\n\t\t\t<dt class='gallery-icon landscape'>\n\t\t\t\t<a href='https:\/\/www.medellin.gov.co\/es\/sala-de-prensa\/noticias\/400-maestros-de-medellin-fortalecen-practicas-pedagogicas-para-estudiantes-con-desfase-entre-edad-y-grado-academico\/imagen-de-capturado-por-interpol-2\/'><img width=\"1141\" height=\"760\" src=\"https:\/\/www.medellin.gov.co\/es\/wp-content\/uploads\/2026\/01\/Imagen-de-capturado-por-Interpol-2.jpg\" class=\"attachment-full size-full\" alt=\"Imagen de capturado por Interpol\" loading=\"lazy\" srcset=\"https:\/\/www.medellin.gov.co\/es\/wp-content\/uploads\/2026\/01\/Imagen-de-capturado-por-Interpol-2.jpg 1141w, https:\/\/www.medellin.gov.co\/es\/wp-content\/uploads\/2026\/01\/Imagen-de-capturado-por-Interpol-2-300x200.jpg 300w, https:\/\/www.medellin.gov.co\/es\/wp-content\/uploads\/2026\/01\/Imagen-de-capturado-por-Interpol-2-1024x682.jpg 1024w, https:\/\/www.medellin.gov.co\/es\/wp-content\/uploads\/2026\/01\/Imagen-de-capturado-por-Interpol-2-150x100.jpg 150w, https:\/\/www.medellin.gov.co\/es\/wp-content\/uploads\/2026\/01\/Imagen-de-capturado-por-Interpol-2-768x512.jpg 768w\" sizes=\"(max-width: 1141px) 100vw, 1141px\" \/><\/a>\n\t\t\t<\/dt><\/dl><dl class='gallery-item'>\n\t\t\t<dt class='gallery-icon landscape'>\n\t\t\t\t<a href='https:\/\/www.medellin.gov.co\/es\/sala-de-prensa\/noticias\/400-maestros-de-medellin-fortalecen-practicas-pedagogicas-para-estudiantes-con-desfase-entre-edad-y-grado-academico\/imagen-de-capturado-por-interpol\/'><img width=\"1141\" height=\"760\" src=\"https:\/\/www.medellin.gov.co\/es\/wp-content\/uploads\/2026\/01\/Imagen-de-capturado-por-Interpol.jpg\" class=\"attachment-full size-full\" alt=\"Imagen de capturado por Interpol\" loading=\"lazy\" srcset=\"https:\/\/www.medellin.gov.co\/es\/wp-content\/uploads\/2026\/01\/Imagen-de-capturado-por-Interpol.jpg 1141w, https:\/\/www.medellin.gov.co\/es\/wp-content\/uploads\/2026\/01\/Imagen-de-capturado-por-Interpol-300x200.jpg 300w, https:\/\/www.medellin.gov.co\/es\/wp-content\/uploads\/2026\/01\/Imagen-de-capturado-por-Interpol-1024x682.jpg 1024w, https:\/\/www.medellin.gov.co\/es\/wp-content\/uploads\/2026\/01\/Imagen-de-capturado-por-Interpol-150x100.jpg 150w, https:\/\/www.medellin.gov.co\/es\/wp-content\/uploads\/2026\/01\/Imagen-de-capturado-por-Interpol-768x512.jpg 768w\" sizes=\"(max-width: 1141px) 100vw, 1141px\" \/><\/a>\n\t\t\t<\/dt><\/dl><br style=\"clear: both\" \/>\n\t\t<\/div>\n\n<p>\u2018Bal\u00edn\u2019 ser\u00eda uno de los principales cabecillas de la pandilla \u2018Los Sam 23\u2019, tambi\u00e9n conocida como \u2018Jordan 23\u2019, estructura criminal que ejerce control territorial en el distrito de San Miguelito, en Panam\u00e1, donde era uno de los hombres m\u00e1s buscados. La organizaci\u00f3n delictiva est\u00e1 vinculada a econom\u00edas il\u00edcitas como microtr\u00e1fico, extorsi\u00f3n, sicariato y hurtos. Adem\u00e1s, se vale de redes de apoyo y movilidad internacional para evadir las acciones policiales en su contra.<\/p>\n<p>Seg\u00fan investigaciones, \u2018Bal\u00edn\u2019 lleg\u00f3 a Medell\u00edn hace aproximadamente un a\u00f1o y tej\u00eda alianzas criminales mediante el intercambio de armas, rutas y esquemas de lavado de activos, as\u00ed como para distribuir drogas hacia Panam\u00e1. La captura de ambos hombres representa un contundente golpe en materia de seguridad, en tanto que se corta un flujo de financiaci\u00f3n ilegal que ven\u00eda alimentando la violencia en barrios de Medell\u00edn.<\/p>\n<p><a href=\"https:\/\/www.medellin.gov.co\/es\/wp-content\/uploads\/2026\/01\/Imagen-de-policias-e-Interpol-en-captura.jpg\" target=\"_blank\" rel=\"noopener\"><img loading=\"lazy\" class=\"alignnone wp-image-495752 size-full\" title=\"polic\u00edas e Interpol en captura\" src=\"https:\/\/www.medellin.gov.co\/es\/wp-content\/uploads\/2026\/01\/Imagen-de-policias-e-Interpol-en-captura.jpg\" alt=\"Imagen de polic\u00edas e Interpol en captura\" width=\"1013\" height=\"760\" srcset=\"https:\/\/www.medellin.gov.co\/es\/wp-content\/uploads\/2026\/01\/Imagen-de-policias-e-Interpol-en-captura.jpg 1013w, https:\/\/www.medellin.gov.co\/es\/wp-content\/uploads\/2026\/01\/Imagen-de-policias-e-Interpol-en-captura-300x225.jpg 300w, https:\/\/www.medellin.gov.co\/es\/wp-content\/uploads\/2026\/01\/Imagen-de-policias-e-Interpol-en-captura-150x113.jpg 150w, https:\/\/www.medellin.gov.co\/es\/wp-content\/uploads\/2026\/01\/Imagen-de-policias-e-Interpol-en-captura-768x576.jpg 768w\" sizes=\"(max-width: 1013px) 100vw, 1013px\" \/><\/a><\/p>\n<p>\u201c<em>En Medell\u00edn no hay refugio, no hay escondedero para los criminales, nosotros aqu\u00ed damos la bienvenida a las instituciones, a la Polic\u00eda, a la Fiscal\u00eda, a Interpol y a todas las capacidades que podamos tener contra el crimen transnacional<\/em>\u201d, dijo el alcalde.<\/p>\n<p>El mandatario local destac\u00f3 que estos resultados son el producto del intercambio de informaci\u00f3n y cooperaci\u00f3n judicial internacional para enfrentar el crimen organizado transnacional y prevenir que estas redes ampl\u00eden su presencia en Medell\u00edn, la primera ciudad no capital de Colombia con sede de Interpol.<\/p>\n<p>Medell\u00edn dispone de 19 bases de datos internacionales que respaldan labores de investigaci\u00f3n, inteligencia y judicializaci\u00f3n, lo que ha permitido un crecimiento sostenido en resultados: 3 capturas por notificaci\u00f3n roja en 2021, 5 en 2022, 5 en 2023, 11 en 2024, 35 en 2025 y 6 en lo corrido de 2026.<\/p>\n","protected":false},"excerpt":{"rendered":"<p>Gracias a la articulaci\u00f3n entre Polic\u00eda, Fiscal\u00eda, Interpol y la Alcald\u00eda de Medell\u00edn, cayeron Roberto Nastasi y Jean Carlo Valderrama, alias \u2018Bal\u00edn\u2019. Los dos hombres ten\u00edan alianzas con estructuras delincuenciales de la ciudad. El trabajo &#8230;<\/p>\n","protected":false},"author":21,"featured_media":495763,"comment_status":"open","ping_status":"open","sticky":false,"template":"","format":"standard","meta":[],"categories":[21],"tags":[619],"formato_nota":[],"programas_tax":[],"acf":[],"_links":{"self":[{"href":"https:\/\/www.medellin.gov.co\/es\/wp-json\/wp\/v2\/posts\/495804"}],"collection":[{"href":"https:\/\/www.medellin.gov.co\/es\/wp-json\/wp\/v2\/posts"}],"about":[{"href":"https:\/\/www.medellin.gov.co\/es\/wp-json\/wp\/v2\/types\/post"}],"author":[{"embeddable":true,"href":"https:\/\/www.medellin.gov.co\/es\/wp-json\/wp\/v2\/users\/21"}],"replies":[{"embeddable":true,"href":"https:\/\/www.medellin.gov.co\/es\/wp-json\/wp\/v2\/comments?post=495804"}],"version-history":[{"count":1,"href":"https:\/\/www.medellin.gov.co\/es\/wp-json\/wp\/v2\/posts\/495804\/revisions"}],"predecessor-version":[{"id":495807,"href":"https:\/\/www.medellin.gov.co\/es\/wp-json\/wp\/v2\/posts\/495804\/revisions\/495807"}],"wp:featuredmedia":[{"embeddable":true,"href":"https:\/\/www.medellin.gov.co\/es\/wp-json\/wp\/v2\/media\/495763"}],"wp:attachment":[{"href":"https:\/\/www.medellin.gov.co\/es\/wp-json\/wp\/v2\/media?parent=495804"}],"wp:term":[{"taxonomy":"category","embeddable":true,"href":"https:\/\/www.medellin.gov.co\/es\/wp-json\/wp\/v2\/categories?post=495804"},{"taxonomy":"post_tag","embeddable":true,"href":"https:\/\/www.medellin.gov.co\/es\/wp-json\/wp\/v2\/tags?post=495804"},{"taxonomy":"formato_nota","embeddable":true,"href":"https:\/\/www.medellin.gov.co\/es\/wp-json\/wp\/v2\/formato_nota?post=495804"},{"taxonomy":"programas_tax","embeddable":true,"href":"https:\/\/www.medellin.gov.co\/es\/wp-json\/wp\/v2\/programas_tax?post=495804"}],"curies":[{"name":"wp","href":"https:\/\/api.w.org\/{rel}","templated":true}]}}