{"id":496609,"date":"2026-02-05T10:18:56","date_gmt":"2026-02-05T15:18:56","guid":{"rendered":"https:\/\/www.medellin.gov.co\/es\/?p=496609"},"modified":"2026-02-06T09:39:48","modified_gmt":"2026-02-06T14:39:48","slug":"sabes-como-proteger-a-tus-mascotas-durante-esta-temporada-de-lluvias-en-medellin-aqui-te-contamos","status":"publish","type":"post","link":"https:\/\/www.medellin.gov.co\/es\/sala-de-prensa\/noticias\/sabes-como-proteger-a-tus-mascotas-durante-esta-temporada-de-lluvias-en-medellin-aqui-te-contamos\/","title":{"rendered":"\u00bfSabes c\u00f3mo proteger a tus mascotas durante esta temporada de lluvias en Medell\u00edn? \u00a1Aqu\u00ed te contamos!"},"content":{"rendered":"<blockquote><p>La lluvia ha sido protagonista en Medell\u00edn durante las \u00faltimas semanas. Calles mojadas, cielos grises y jornadas m\u00e1s fr\u00edas nos recuerdan que la naturaleza tiene su propio ritmo. Pero mientras nosotros nos adaptamos con paraguas, abrigos y cambios en la rutina, hay quienes dependen completamente de nuestro cuidado para sentirse seguros: nuestras mascotas.<\/p><\/blockquote>\n<p>Blue se asoma a la puerta cada vez que escucha llover. No entiende por qu\u00e9 el cielo cambia de color ni por qu\u00e9 el sonido de la ciudad se vuelve distinto. Solo sabe que el piso est\u00e1 fr\u00edo, que el aire huele a humedad y que, cuando la lluvia cae fuerte, necesita estar m\u00e1s cerca. M\u00e1s cerca de quienes lo cuidan, de quienes lo aman.<\/p>\n<p>Perros y gatos no eligen d\u00f3nde vivir ni c\u00f3mo protegerse del clima. Como Blue, miles de perros y gatos en <a href=\"https:\/\/www.instagram.com\/alcaldiademed\/?hl=es-la\" target=\"_blank\" rel=\"noopener\">Medell\u00edn<\/a> sienten la temporada de lluvias de una forma m\u00e1s intensa que nosotros. Ellos no tienen paraguas, ni abrigo, ni la posibilidad de decidir d\u00f3nde refugiarse, no eligen d\u00f3nde vivir ni c\u00f3mo protegerse del clima. Por eso, en esta \u00e9poca de fuertes lluvias cuidarlos no es solo un acto de cari\u00f1o, sino tambi\u00e9n de responsabilidad y conciencia. Ellos sienten el fr\u00edo, la humedad, el ruido de las tormentas y los cambios en el entorno, aunque no puedan decirlo con palabras.<\/p>\n<p><img loading=\"lazy\" class=\"alignnone wp-image-496775 size-large\" title=\"Blue\" src=\"https:\/\/www.medellin.gov.co\/es\/wp-content\/uploads\/2026\/02\/blueperro1-1024x680.jpg\" alt=\"Imagen cuidado de mascotas en Medell\u00edn\" width=\"1024\" height=\"680\" srcset=\"https:\/\/www.medellin.gov.co\/es\/wp-content\/uploads\/2026\/02\/blueperro1-1024x680.jpg 1024w, https:\/\/www.medellin.gov.co\/es\/wp-content\/uploads\/2026\/02\/blueperro1-300x199.jpg 300w, https:\/\/www.medellin.gov.co\/es\/wp-content\/uploads\/2026\/02\/blueperro1-150x100.jpg 150w, https:\/\/www.medellin.gov.co\/es\/wp-content\/uploads\/2026\/02\/blueperro1-768x510.jpg 768w, https:\/\/www.medellin.gov.co\/es\/wp-content\/uploads\/2026\/02\/blueperro1.jpg 1280w\" sizes=\"(max-width: 1024px) 100vw, 1024px\" \/><\/p>\n<h4><strong>El impacto de la lluvia en su salud y bienestar<\/strong><\/h4>\n<p>La lluvia no solo moja las calles. Tambi\u00e9n deja huellas y varios riesgos en el cuerpo de nuestras mascotas. La humedad constante puede afectar su piel, sus patas y su respiraci\u00f3n. Caminar sobre superficies h\u00famedas, entrar en contacto con agua sucia o permanecer con el pelaje mojado por mucho tiempo puede generar infecciones, hongos y enfermedades que muchas veces comienzan sin que lo notemos.<\/p>\n<p>Blue, por ejemplo, baja las orejas cuando regresa de su paseo matutino y sus patitas tiemblan un poco por el fr\u00edo. Por eso, secarlo con cuidado, revisar que no tenga heridas y asegurarse de que est\u00e9 c\u00f3modo se convierte en un acto de amor diario, peque\u00f1o, pero poderoso; de ah\u00ed que es importante observarlos m\u00e1s, revisar si hay un cambio en su comportamiento, en su apetito o en su energ\u00eda; esto puede ser una se\u00f1al de alerta que merece atenci\u00f3n.<\/p>\n\n\t\t<style type=\"text\/css\">\n\t\t\t#gallery-1 {\n\t\t\t\tmargin: auto;\n\t\t\t}\n\t\t\t#gallery-1 .gallery-item {\n\t\t\t\tfloat: left;\n\t\t\t\tmargin-top: 10px;\n\t\t\t\ttext-align: center;\n\t\t\t\twidth: 50%;\n\t\t\t}\n\t\t\t#gallery-1 img {\n\t\t\t\tborder: 2px solid #cfcfcf;\n\t\t\t}\n\t\t\t#gallery-1 .gallery-caption {\n\t\t\t\tmargin-left: 0;\n\t\t\t}\n\t\t\t\/* see gallery_shortcode() in wp-includes\/media.php *\/\n\t\t<\/style>\n\t\t<div id='gallery-1' class='gallery galleryid-496609 gallery-columns-2 gallery-size-full'><dl class='gallery-item'>\n\t\t\t<dt class='gallery-icon portrait'>\n\t\t\t\t<a href='https:\/\/www.medellin.gov.co\/es\/sala-de-prensa\/noticias\/sabes-como-proteger-a-tus-mascotas-durante-esta-temporada-de-lluvias-en-medellin-aqui-te-contamos\/imagen-proteccion-de-mascotas-durante-esta-temporada-de-lluvias-en-medellin-11\/'><img width=\"540\" height=\"720\" src=\"https:\/\/www.medellin.gov.co\/es\/wp-content\/uploads\/2026\/02\/Imagen-proteccion-de-mascotas-durante-esta-temporada-de-lluvias-en-Medellin-11.jpg\" class=\"attachment-full size-full\" alt=\"Imagen protecci\u00f3n de mascotas durante esta temporada de lluvias en Medell\u00edn (11)\" loading=\"lazy\" srcset=\"https:\/\/www.medellin.gov.co\/es\/wp-content\/uploads\/2026\/02\/Imagen-proteccion-de-mascotas-durante-esta-temporada-de-lluvias-en-Medellin-11.jpg 540w, https:\/\/www.medellin.gov.co\/es\/wp-content\/uploads\/2026\/02\/Imagen-proteccion-de-mascotas-durante-esta-temporada-de-lluvias-en-Medellin-11-225x300.jpg 225w, https:\/\/www.medellin.gov.co\/es\/wp-content\/uploads\/2026\/02\/Imagen-proteccion-de-mascotas-durante-esta-temporada-de-lluvias-en-Medellin-11-113x150.jpg 113w\" sizes=\"(max-width: 540px) 100vw, 540px\" \/><\/a>\n\t\t\t<\/dt><\/dl><dl class='gallery-item'>\n\t\t\t<dt class='gallery-icon portrait'>\n\t\t\t\t<a href='https:\/\/www.medellin.gov.co\/es\/sala-de-prensa\/noticias\/sabes-como-proteger-a-tus-mascotas-durante-esta-temporada-de-lluvias-en-medellin-aqui-te-contamos\/imagen-proteccion-de-mascotas-durante-esta-temporada-de-lluvias-en-medellin-12\/'><img width=\"540\" height=\"720\" src=\"https:\/\/www.medellin.gov.co\/es\/wp-content\/uploads\/2026\/02\/Imagen-proteccion-de-mascotas-durante-esta-temporada-de-lluvias-en-Medellin-12.jpg\" class=\"attachment-full size-full\" alt=\"Imagen protecci\u00f3n de mascotas durante esta temporada de lluvias en Medell\u00edn (11)\" loading=\"lazy\" srcset=\"https:\/\/www.medellin.gov.co\/es\/wp-content\/uploads\/2026\/02\/Imagen-proteccion-de-mascotas-durante-esta-temporada-de-lluvias-en-Medellin-12.jpg 540w, https:\/\/www.medellin.gov.co\/es\/wp-content\/uploads\/2026\/02\/Imagen-proteccion-de-mascotas-durante-esta-temporada-de-lluvias-en-Medellin-12-225x300.jpg 225w, https:\/\/www.medellin.gov.co\/es\/wp-content\/uploads\/2026\/02\/Imagen-proteccion-de-mascotas-durante-esta-temporada-de-lluvias-en-Medellin-12-113x150.jpg 113w\" sizes=\"(max-width: 540px) 100vw, 540px\" \/><\/a>\n\t\t\t<\/dt><\/dl><br style=\"clear: both\" \/>\n\t\t<\/div>\n\n<p>Adem\u00e1s, el aumento de la humedad favorece la presencia de pulgas, garrapatas y otros par\u00e1sitos, incluso dentro de los hogares. Por eso, durante esta \u00e9poca es fundamental estar m\u00e1s atentos a cualquier cambio en su comportamiento, apetito o estado f\u00edsico.<\/p>\n<h4><strong>Un hogar seco y protegido tambi\u00e9n es una forma de amor<\/strong><\/h4>\n<p>Cuando afuera llueve, el hogar se transforma en refugio. Para las mascotas, contar con un espacio seco, c\u00e1lido y tranquilo es fundamental. Si duermen fuera de la casa, es indispensable que tengan un lugar elevado del suelo, con techo, protegido de la lluvia y del viento y sin filtraciones de agua. \u00a0La humedad constante puede enfermarles el cuerpo y debilitar su sistema de defensas, por eso uno de los cuidados m\u00e1s importantes en temporada de lluvias es garantizar que las mascotas tengan un sitio bien adecuado para descansar.<\/p>\n\n\t\t<style type=\"text\/css\">\n\t\t\t#gallery-2 {\n\t\t\t\tmargin: auto;\n\t\t\t}\n\t\t\t#gallery-2 .gallery-item {\n\t\t\t\tfloat: left;\n\t\t\t\tmargin-top: 10px;\n\t\t\t\ttext-align: center;\n\t\t\t\twidth: 50%;\n\t\t\t}\n\t\t\t#gallery-2 img {\n\t\t\t\tborder: 2px solid #cfcfcf;\n\t\t\t}\n\t\t\t#gallery-2 .gallery-caption {\n\t\t\t\tmargin-left: 0;\n\t\t\t}\n\t\t\t\/* see gallery_shortcode() in wp-includes\/media.php *\/\n\t\t<\/style>\n\t\t<div id='gallery-2' class='gallery galleryid-496609 gallery-columns-2 gallery-size-full'><dl class='gallery-item'>\n\t\t\t<dt class='gallery-icon landscape'>\n\t\t\t\t<a href='https:\/\/www.medellin.gov.co\/es\/sala-de-prensa\/noticias\/sabes-como-proteger-a-tus-mascotas-durante-esta-temporada-de-lluvias-en-medellin-aqui-te-contamos\/imagen-proteccion-de-mascotas-durante-esta-temporada-de-lluvias-en-medellin-1\/'><img width=\"1080\" height=\"720\" src=\"https:\/\/www.medellin.gov.co\/es\/wp-content\/uploads\/2026\/02\/Imagen-proteccion-de-mascotas-durante-esta-temporada-de-lluvias-en-Medellin-1.jpg\" class=\"attachment-full size-full\" alt=\"Imagen protecci\u00f3n de mascotas durante esta temporada de lluvias en Medell\u00edn (1)\" loading=\"lazy\" srcset=\"https:\/\/www.medellin.gov.co\/es\/wp-content\/uploads\/2026\/02\/Imagen-proteccion-de-mascotas-durante-esta-temporada-de-lluvias-en-Medellin-1.jpg 1080w, https:\/\/www.medellin.gov.co\/es\/wp-content\/uploads\/2026\/02\/Imagen-proteccion-de-mascotas-durante-esta-temporada-de-lluvias-en-Medellin-1-300x200.jpg 300w, https:\/\/www.medellin.gov.co\/es\/wp-content\/uploads\/2026\/02\/Imagen-proteccion-de-mascotas-durante-esta-temporada-de-lluvias-en-Medellin-1-1024x683.jpg 1024w, https:\/\/www.medellin.gov.co\/es\/wp-content\/uploads\/2026\/02\/Imagen-proteccion-de-mascotas-durante-esta-temporada-de-lluvias-en-Medellin-1-150x100.jpg 150w, https:\/\/www.medellin.gov.co\/es\/wp-content\/uploads\/2026\/02\/Imagen-proteccion-de-mascotas-durante-esta-temporada-de-lluvias-en-Medellin-1-768x512.jpg 768w\" sizes=\"(max-width: 1080px) 100vw, 1080px\" \/><\/a>\n\t\t\t<\/dt><\/dl><dl class='gallery-item'>\n\t\t\t<dt class='gallery-icon landscape'>\n\t\t\t\t<a href='https:\/\/www.medellin.gov.co\/es\/sala-de-prensa\/noticias\/sabes-como-proteger-a-tus-mascotas-durante-esta-temporada-de-lluvias-en-medellin-aqui-te-contamos\/imagen-proteccion-de-mascotas-durante-esta-temporada-de-lluvias-en-medellin-5\/'><img width=\"1080\" height=\"720\" src=\"https:\/\/www.medellin.gov.co\/es\/wp-content\/uploads\/2026\/02\/Imagen-proteccion-de-mascotas-durante-esta-temporada-de-lluvias-en-Medellin-5-e1770304121924.jpg\" class=\"attachment-full size-full\" alt=\"\" loading=\"lazy\" srcset=\"https:\/\/www.medellin.gov.co\/es\/wp-content\/uploads\/2026\/02\/Imagen-proteccion-de-mascotas-durante-esta-temporada-de-lluvias-en-Medellin-5-e1770304121924.jpg 1080w, https:\/\/www.medellin.gov.co\/es\/wp-content\/uploads\/2026\/02\/Imagen-proteccion-de-mascotas-durante-esta-temporada-de-lluvias-en-Medellin-5-e1770304121924-300x200.jpg 300w, https:\/\/www.medellin.gov.co\/es\/wp-content\/uploads\/2026\/02\/Imagen-proteccion-de-mascotas-durante-esta-temporada-de-lluvias-en-Medellin-5-e1770304121924-1024x683.jpg 1024w, https:\/\/www.medellin.gov.co\/es\/wp-content\/uploads\/2026\/02\/Imagen-proteccion-de-mascotas-durante-esta-temporada-de-lluvias-en-Medellin-5-e1770304121924-150x100.jpg 150w, https:\/\/www.medellin.gov.co\/es\/wp-content\/uploads\/2026\/02\/Imagen-proteccion-de-mascotas-durante-esta-temporada-de-lluvias-en-Medellin-5-e1770304121924-768x512.jpg 768w\" sizes=\"(max-width: 1080px) 100vw, 1080px\" \/><\/a>\n\t\t\t<\/dt><\/dl><br style=\"clear: both\" \/>\n\t\t<\/div>\n\n<p>Si vive dentro del hogar, revisa que su cama no est\u00e9 en zonas fr\u00edas, h\u00famedas o con corrientes de aire. Un lugar c\u00f3modo, con mantas secas, les ayuda a regular su temperatura y a sentirse tranquilos.<\/p>\n<p>Despu\u00e9s de cada paseo bajo la lluvia, s\u00e9calos muy bien, especialmente las patas, el abdomen y las orejas. Este simple h\u00e1bito previene irritaciones, malos olores y enfermedades en la piel.<\/p>\n<h4><strong>Cuidado con los charcos y el agua estancada<\/strong><\/h4>\n<p>A muchos perros, como a Blue, \u00a0les encanta detenerse, saltar y jugar en los charcos y aunque eso puede parecer un juego divertido, estos espacios suelen contener bacterias, residuos y par\u00e1sitos que representan un riesgo para su salud. Evita que beban agua de la calle o de lugares donde se acumula el agua tras las lluvias; esta es una forma de cuidarlos sin que ellos lo noten.<\/p>\n<p>En casa, ofrecer siempre agua limpia y fresca, cambi\u00e1ndola con frecuencia, es una acci\u00f3n simple que previene enfermedades digestivas y malestares innecesarios. Un peque\u00f1o descuido puede generar problemas digestivos que son f\u00e1ciles de prevenir.<\/p>\n\n\t\t<style type=\"text\/css\">\n\t\t\t#gallery-3 {\n\t\t\t\tmargin: auto;\n\t\t\t}\n\t\t\t#gallery-3 .gallery-item {\n\t\t\t\tfloat: left;\n\t\t\t\tmargin-top: 10px;\n\t\t\t\ttext-align: center;\n\t\t\t\twidth: 50%;\n\t\t\t}\n\t\t\t#gallery-3 img {\n\t\t\t\tborder: 2px solid #cfcfcf;\n\t\t\t}\n\t\t\t#gallery-3 .gallery-caption {\n\t\t\t\tmargin-left: 0;\n\t\t\t}\n\t\t\t\/* see gallery_shortcode() in wp-includes\/media.php *\/\n\t\t<\/style>\n\t\t<div id='gallery-3' class='gallery galleryid-496609 gallery-columns-2 gallery-size-full'><dl class='gallery-item'>\n\t\t\t<dt class='gallery-icon landscape'>\n\t\t\t\t<a href='https:\/\/www.medellin.gov.co\/es\/sala-de-prensa\/noticias\/sabes-como-proteger-a-tus-mascotas-durante-esta-temporada-de-lluvias-en-medellin-aqui-te-contamos\/imagen-proteccion-de-mascotas-durante-esta-temporada-de-lluvias-en-medellin-2\/'><img width=\"1080\" height=\"720\" src=\"https:\/\/www.medellin.gov.co\/es\/wp-content\/uploads\/2026\/02\/Imagen-proteccion-de-mascotas-durante-esta-temporada-de-lluvias-en-Medellin-2.jpg\" class=\"attachment-full size-full\" alt=\"Imagen protecci\u00f3n de mascotas durante esta temporada de lluvias en Medell\u00edn (2)\" loading=\"lazy\" srcset=\"https:\/\/www.medellin.gov.co\/es\/wp-content\/uploads\/2026\/02\/Imagen-proteccion-de-mascotas-durante-esta-temporada-de-lluvias-en-Medellin-2.jpg 1080w, https:\/\/www.medellin.gov.co\/es\/wp-content\/uploads\/2026\/02\/Imagen-proteccion-de-mascotas-durante-esta-temporada-de-lluvias-en-Medellin-2-300x200.jpg 300w, https:\/\/www.medellin.gov.co\/es\/wp-content\/uploads\/2026\/02\/Imagen-proteccion-de-mascotas-durante-esta-temporada-de-lluvias-en-Medellin-2-1024x683.jpg 1024w, https:\/\/www.medellin.gov.co\/es\/wp-content\/uploads\/2026\/02\/Imagen-proteccion-de-mascotas-durante-esta-temporada-de-lluvias-en-Medellin-2-150x100.jpg 150w, https:\/\/www.medellin.gov.co\/es\/wp-content\/uploads\/2026\/02\/Imagen-proteccion-de-mascotas-durante-esta-temporada-de-lluvias-en-Medellin-2-768x512.jpg 768w\" sizes=\"(max-width: 1080px) 100vw, 1080px\" \/><\/a>\n\t\t\t<\/dt><\/dl><dl class='gallery-item'>\n\t\t\t<dt class='gallery-icon landscape'>\n\t\t\t\t<a href='https:\/\/www.medellin.gov.co\/es\/sala-de-prensa\/noticias\/sabes-como-proteger-a-tus-mascotas-durante-esta-temporada-de-lluvias-en-medellin-aqui-te-contamos\/imagen-proteccion-de-mascotas-durante-esta-temporada-de-lluvias-en-medellin-3\/'><img width=\"1080\" height=\"720\" src=\"https:\/\/www.medellin.gov.co\/es\/wp-content\/uploads\/2026\/02\/Imagen-proteccion-de-mascotas-durante-esta-temporada-de-lluvias-en-Medellin-3-e1770304202921.jpg\" class=\"attachment-full size-full\" alt=\"\" loading=\"lazy\" srcset=\"https:\/\/www.medellin.gov.co\/es\/wp-content\/uploads\/2026\/02\/Imagen-proteccion-de-mascotas-durante-esta-temporada-de-lluvias-en-Medellin-3-e1770304202921.jpg 1080w, https:\/\/www.medellin.gov.co\/es\/wp-content\/uploads\/2026\/02\/Imagen-proteccion-de-mascotas-durante-esta-temporada-de-lluvias-en-Medellin-3-e1770304202921-300x200.jpg 300w, https:\/\/www.medellin.gov.co\/es\/wp-content\/uploads\/2026\/02\/Imagen-proteccion-de-mascotas-durante-esta-temporada-de-lluvias-en-Medellin-3-e1770304202921-1024x683.jpg 1024w, https:\/\/www.medellin.gov.co\/es\/wp-content\/uploads\/2026\/02\/Imagen-proteccion-de-mascotas-durante-esta-temporada-de-lluvias-en-Medellin-3-e1770304202921-150x100.jpg 150w, https:\/\/www.medellin.gov.co\/es\/wp-content\/uploads\/2026\/02\/Imagen-proteccion-de-mascotas-durante-esta-temporada-de-lluvias-en-Medellin-3-e1770304202921-768x512.jpg 768w\" sizes=\"(max-width: 1080px) 100vw, 1080px\" \/><\/a>\n\t\t\t<\/dt><\/dl><br style=\"clear: both\" \/>\n\t\t<\/div>\n\n<h4><strong>Prevenir es cuidar con el coraz\u00f3n<\/strong><\/h4>\n<p>El tiempo de lluvias exige estar un paso adelante y por ello es importante mantener al d\u00eda las vacunas y la desparasitaci\u00f3n de tus mascotas; esto es fundamental, especialmente en estas \u00e9pocas, para protegerlas de enfermedades que se intensifican con la humedad.<\/p>\n<p>Independiente de si es perro o gato revisa su pelaje, sus orejas y sus patas con frecuencia, esto ayuda a detectar a tiempo pulgas, garrapatas, heridas o irritaciones. Si notas rascado constante, enrojecimiento o cualquier otro cambio es importante acudir al veterinario como un acto de responsabilidad y amor.<\/p>\n<p>La higiene del entorno tambi\u00e9n es clave. Lavar sus platos, limpiar su cama y mantener sus espacios secos y limpios contribuye a un ambiente sano para toda la familia.<\/p>\n\n\t\t<style type=\"text\/css\">\n\t\t\t#gallery-4 {\n\t\t\t\tmargin: auto;\n\t\t\t}\n\t\t\t#gallery-4 .gallery-item {\n\t\t\t\tfloat: left;\n\t\t\t\tmargin-top: 10px;\n\t\t\t\ttext-align: center;\n\t\t\t\twidth: 50%;\n\t\t\t}\n\t\t\t#gallery-4 img {\n\t\t\t\tborder: 2px solid #cfcfcf;\n\t\t\t}\n\t\t\t#gallery-4 .gallery-caption {\n\t\t\t\tmargin-left: 0;\n\t\t\t}\n\t\t\t\/* see gallery_shortcode() in wp-includes\/media.php *\/\n\t\t<\/style>\n\t\t<div id='gallery-4' class='gallery galleryid-496609 gallery-columns-2 gallery-size-full'><dl class='gallery-item'>\n\t\t\t<dt class='gallery-icon landscape'>\n\t\t\t\t<a href='https:\/\/www.medellin.gov.co\/es\/sala-de-prensa\/noticias\/el-centro-de-bienestar-animal-la-perla-logra-cifras-historicas-de-rescates-y-adopciones-en-la-administracion-de-federico-gutierrez\/imagen-gatos-la-perla\/'><img width=\"1081\" height=\"720\" src=\"https:\/\/www.medellin.gov.co\/es\/wp-content\/uploads\/2025\/07\/Imagen-gatos-La-Perla.jpg\" class=\"attachment-full size-full\" alt=\"Imagen gatos La Perla\" loading=\"lazy\" srcset=\"https:\/\/www.medellin.gov.co\/es\/wp-content\/uploads\/2025\/07\/Imagen-gatos-La-Perla.jpg 1081w, https:\/\/www.medellin.gov.co\/es\/wp-content\/uploads\/2025\/07\/Imagen-gatos-La-Perla-300x200.jpg 300w, https:\/\/www.medellin.gov.co\/es\/wp-content\/uploads\/2025\/07\/Imagen-gatos-La-Perla-1024x682.jpg 1024w, https:\/\/www.medellin.gov.co\/es\/wp-content\/uploads\/2025\/07\/Imagen-gatos-La-Perla-150x100.jpg 150w, https:\/\/www.medellin.gov.co\/es\/wp-content\/uploads\/2025\/07\/Imagen-gatos-La-Perla-768x512.jpg 768w\" sizes=\"(max-width: 1081px) 100vw, 1081px\" \/><\/a>\n\t\t\t<\/dt><\/dl><dl class='gallery-item'>\n\t\t\t<dt class='gallery-icon landscape'>\n\t\t\t\t<a href='https:\/\/www.medellin.gov.co\/es\/sala-de-prensa\/noticias\/el-centro-de-bienestar-animal-la-perla-logra-cifras-historicas-de-rescates-y-adopciones-en-la-administracion-de-federico-gutierrez\/imagen-gato\/'><img width=\"1081\" height=\"720\" src=\"https:\/\/www.medellin.gov.co\/es\/wp-content\/uploads\/2025\/07\/Imagen-Gato.jpg\" class=\"attachment-full size-full\" alt=\"Imagen Gato\" loading=\"lazy\" srcset=\"https:\/\/www.medellin.gov.co\/es\/wp-content\/uploads\/2025\/07\/Imagen-Gato.jpg 1081w, https:\/\/www.medellin.gov.co\/es\/wp-content\/uploads\/2025\/07\/Imagen-Gato-300x200.jpg 300w, https:\/\/www.medellin.gov.co\/es\/wp-content\/uploads\/2025\/07\/Imagen-Gato-1024x682.jpg 1024w, https:\/\/www.medellin.gov.co\/es\/wp-content\/uploads\/2025\/07\/Imagen-Gato-150x100.jpg 150w, https:\/\/www.medellin.gov.co\/es\/wp-content\/uploads\/2025\/07\/Imagen-Gato-768x512.jpg 768w\" sizes=\"(max-width: 1081px) 100vw, 1081px\" \/><\/a>\n\t\t\t<\/dt><\/dl><br style=\"clear: both\" \/>\n\t\t<\/div>\n\n<h4><strong>Cuando truena, su coraz\u00f3n tambi\u00e9n se asusta<\/strong><\/h4>\n<p>Las tormentas no solo traen lluvia y estas no solo afectan el cuerpo, tambi\u00e9n pueden alterar el estado emocional de las mascotas. Blu, por ejemplo, busca esconderse, acercarse m\u00e1s cuando el cielo retumba y su mirada pide ayuda. Los truenos, el ruido y la reducci\u00f3n de paseos pueden generar ansiedad, miedo o estr\u00e9s, especialmente en perros sensibles.<\/p>\n<p><img loading=\"lazy\" class=\"alignnone wp-image-496674 size-large\" title=\"Personal de La Perla\" src=\"https:\/\/www.medellin.gov.co\/es\/wp-content\/uploads\/2026\/02\/Imagen-personal-de-La-Perla-1024x682.jpeg\" alt=\"Imagen personal de La Perla\" width=\"1024\" height=\"682\" srcset=\"https:\/\/www.medellin.gov.co\/es\/wp-content\/uploads\/2026\/02\/Imagen-personal-de-La-Perla-1024x682.jpeg 1024w, https:\/\/www.medellin.gov.co\/es\/wp-content\/uploads\/2026\/02\/Imagen-personal-de-La-Perla-300x200.jpeg 300w, https:\/\/www.medellin.gov.co\/es\/wp-content\/uploads\/2026\/02\/Imagen-personal-de-La-Perla-150x100.jpeg 150w, https:\/\/www.medellin.gov.co\/es\/wp-content\/uploads\/2026\/02\/Imagen-personal-de-La-Perla-768x512.jpeg 768w, https:\/\/www.medellin.gov.co\/es\/wp-content\/uploads\/2026\/02\/Imagen-personal-de-La-Perla.jpeg 1280w\" sizes=\"(max-width: 1024px) 100vw, 1024px\" \/><\/p>\n<p>Durante estos d\u00edas, acomp\u00e1\u00f1alos m\u00e1s. H\u00e1blales con calma, br\u00edndales caricias y crea rutinas dentro de casa que los mantenga activos y tranquilos. Juegos, juguetes interactivos y tiempo de calidad ayudan a canalizar la energ\u00eda y a fortalecer el v\u00ednculo. Nunca los rega\u00f1es si se asustan. Ellos necesitan sentirse protegidos, no castigados.<\/p>\n<h4><strong>\u00bfQu\u00e9 hacer ante lluvias fuertes o emergencias en Medell\u00edn?<\/strong><\/h4>\n<p>La situaci\u00f3n clim\u00e1tica actual nos invita a estar preparados. Si se presentan lluvias intensas, inundaciones o alertas en la ciudad:<\/p>\n<p>-Ten siempre a la mano el alimento, medicamentos y documentos de tu mascota.<\/p>\n<p>-Identif\u00edcarlos correctamente con placa o collar puede marcar la diferencia en una situaci\u00f3n de riesgo.<\/p>\n<p>-Si debes evacuar, ll\u00e9valos contigo. Nunca los dejes solos. Ellos hacen parte de tu familia y deben estar incluidas en cualquier plan de emergencia<\/p>\n<p>-Utiliza correa o guacal para evitar que se asusten y se pierdan.<\/p>\n<p><img loading=\"lazy\" class=\"alignnone wp-image-306715 size-large\" title=\"Lluvia en Medell\u00edn\" src=\"https:\/\/www.medellin.gov.co\/es\/wp-content\/uploads\/2024\/04\/Lluvias_sista_1-1024x680.jpg\" alt=\"Temporada de lluvias. Foto: Siatamed\" width=\"1024\" height=\"680\" srcset=\"https:\/\/www.medellin.gov.co\/es\/wp-content\/uploads\/2024\/04\/Lluvias_sista_1-1024x680.jpg 1024w, https:\/\/www.medellin.gov.co\/es\/wp-content\/uploads\/2024\/04\/Lluvias_sista_1-300x199.jpg 300w, https:\/\/www.medellin.gov.co\/es\/wp-content\/uploads\/2024\/04\/Lluvias_sista_1-150x100.jpg 150w, https:\/\/www.medellin.gov.co\/es\/wp-content\/uploads\/2024\/04\/Lluvias_sista_1-768x510.jpg 768w, https:\/\/www.medellin.gov.co\/es\/wp-content\/uploads\/2024\/04\/Lluvias_sista_1.jpg 1280w\" sizes=\"(max-width: 1024px) 100vw, 1024px\" \/><\/p>\n<p>No todos los animales de compa\u00f1\u00eda tienen un hogar como Blue, quien cont\u00f3 con la suerte hace cinco a\u00f1os de ser adoptado de las calles de Medell\u00edn por una hermosa familia. Muchos de ellos viven en las calles y enfrentan esta temporada a la intemperie. Si est\u00e1 en tus posibilidades, ofrece agua limpia, alimento o un refugio improvisado, esto puede salvar una vida.<\/p>\n<p>Tambi\u00e9n puedes apoyar o contactar al <a href=\"https:\/\/www.medellin.gov.co\/es\/secretaria-medio-ambiente\/proteccion-y-bienestar-animal\/bienestar-animal-del-distrito-de-medellin\/centro-de-bienestar-animal-la-perla\/\" target=\"_blank\" rel=\"noopener\">Centro de Bienestar Animal La Perla<\/a> de la Alcald\u00eda de Medell\u00edn por medio de la <strong>l\u00ednea 604 385 55 60<\/strong> o \u00a0llamando a la <strong>l\u00ednea de emergencias 123<\/strong> o acudiendo a un centro veterinario de confianza cercano, donde cada d\u00eda se trabaja por el cuidado y la protecci\u00f3n de quienes no tienen voz.<\/p>\n\n\t\t<style type=\"text\/css\">\n\t\t\t#gallery-5 {\n\t\t\t\tmargin: auto;\n\t\t\t}\n\t\t\t#gallery-5 .gallery-item {\n\t\t\t\tfloat: left;\n\t\t\t\tmargin-top: 10px;\n\t\t\t\ttext-align: center;\n\t\t\t\twidth: 50%;\n\t\t\t}\n\t\t\t#gallery-5 img {\n\t\t\t\tborder: 2px solid #cfcfcf;\n\t\t\t}\n\t\t\t#gallery-5 .gallery-caption {\n\t\t\t\tmargin-left: 0;\n\t\t\t}\n\t\t\t\/* see gallery_shortcode() in wp-includes\/media.php *\/\n\t\t<\/style>\n\t\t<div id='gallery-5' class='gallery galleryid-496609 gallery-columns-2 gallery-size-full'><dl class='gallery-item'>\n\t\t\t<dt class='gallery-icon landscape'>\n\t\t\t\t<a href='https:\/\/www.medellin.gov.co\/es\/sala-de-prensa\/noticias\/sabes-como-proteger-a-tus-mascotas-durante-esta-temporada-de-lluvias-en-medellin-aqui-te-contamos\/imagen-de-la-perla-medellin-2\/'><img width=\"1080\" height=\"720\" src=\"https:\/\/www.medellin.gov.co\/es\/wp-content\/uploads\/2026\/02\/Imagen-de-La-Perla-Medellin-2.jpg\" class=\"attachment-full size-full\" alt=\"Imagen de La Perla Medell\u00edn (5)\" loading=\"lazy\" srcset=\"https:\/\/www.medellin.gov.co\/es\/wp-content\/uploads\/2026\/02\/Imagen-de-La-Perla-Medellin-2.jpg 1080w, https:\/\/www.medellin.gov.co\/es\/wp-content\/uploads\/2026\/02\/Imagen-de-La-Perla-Medellin-2-300x200.jpg 300w, https:\/\/www.medellin.gov.co\/es\/wp-content\/uploads\/2026\/02\/Imagen-de-La-Perla-Medellin-2-1024x683.jpg 1024w, https:\/\/www.medellin.gov.co\/es\/wp-content\/uploads\/2026\/02\/Imagen-de-La-Perla-Medellin-2-150x100.jpg 150w, https:\/\/www.medellin.gov.co\/es\/wp-content\/uploads\/2026\/02\/Imagen-de-La-Perla-Medellin-2-768x512.jpg 768w\" sizes=\"(max-width: 1080px) 100vw, 1080px\" \/><\/a>\n\t\t\t<\/dt><\/dl><dl class='gallery-item'>\n\t\t\t<dt class='gallery-icon landscape'>\n\t\t\t\t<a href='https:\/\/www.medellin.gov.co\/es\/sala-de-prensa\/noticias\/sabes-como-proteger-a-tus-mascotas-durante-esta-temporada-de-lluvias-en-medellin-aqui-te-contamos\/imagen-de-la-perla-medellin-1\/'><img width=\"1080\" height=\"720\" src=\"https:\/\/www.medellin.gov.co\/es\/wp-content\/uploads\/2026\/02\/Imagen-de-La-Perla-Medellin-1.jpg\" class=\"attachment-full size-full\" alt=\"Imagen de La Perla Medell\u00edn (5)\" loading=\"lazy\" srcset=\"https:\/\/www.medellin.gov.co\/es\/wp-content\/uploads\/2026\/02\/Imagen-de-La-Perla-Medellin-1.jpg 1080w, https:\/\/www.medellin.gov.co\/es\/wp-content\/uploads\/2026\/02\/Imagen-de-La-Perla-Medellin-1-300x200.jpg 300w, https:\/\/www.medellin.gov.co\/es\/wp-content\/uploads\/2026\/02\/Imagen-de-La-Perla-Medellin-1-1024x683.jpg 1024w, https:\/\/www.medellin.gov.co\/es\/wp-content\/uploads\/2026\/02\/Imagen-de-La-Perla-Medellin-1-150x100.jpg 150w, https:\/\/www.medellin.gov.co\/es\/wp-content\/uploads\/2026\/02\/Imagen-de-La-Perla-Medellin-1-768x512.jpg 768w\" sizes=\"(max-width: 1080px) 100vw, 1080px\" \/><\/a>\n\t\t\t<\/dt><\/dl><br style=\"clear: both\" \/><dl class='gallery-item'>\n\t\t\t<dt class='gallery-icon landscape'>\n\t\t\t\t<a href='https:\/\/www.medellin.gov.co\/es\/sala-de-prensa\/noticias\/sabes-como-proteger-a-tus-mascotas-durante-esta-temporada-de-lluvias-en-medellin-aqui-te-contamos\/imagen-de-la-perla-medellin-3\/'><img width=\"1280\" height=\"720\" src=\"https:\/\/www.medellin.gov.co\/es\/wp-content\/uploads\/2026\/02\/Imagen-de-La-Perla-Medellin-3.jpg\" class=\"attachment-full size-full\" alt=\"Imagen de La Perla Medell\u00edn (5)\" loading=\"lazy\" srcset=\"https:\/\/www.medellin.gov.co\/es\/wp-content\/uploads\/2026\/02\/Imagen-de-La-Perla-Medellin-3.jpg 1280w, https:\/\/www.medellin.gov.co\/es\/wp-content\/uploads\/2026\/02\/Imagen-de-La-Perla-Medellin-3-300x169.jpg 300w, https:\/\/www.medellin.gov.co\/es\/wp-content\/uploads\/2026\/02\/Imagen-de-La-Perla-Medellin-3-1024x576.jpg 1024w, https:\/\/www.medellin.gov.co\/es\/wp-content\/uploads\/2026\/02\/Imagen-de-La-Perla-Medellin-3-150x84.jpg 150w, https:\/\/www.medellin.gov.co\/es\/wp-content\/uploads\/2026\/02\/Imagen-de-La-Perla-Medellin-3-768x432.jpg 768w\" sizes=\"(max-width: 1280px) 100vw, 1280px\" \/><\/a>\n\t\t\t<\/dt><\/dl><dl class='gallery-item'>\n\t\t\t<dt class='gallery-icon landscape'>\n\t\t\t\t<a href='https:\/\/www.medellin.gov.co\/es\/sala-de-prensa\/noticias\/sabes-como-proteger-a-tus-mascotas-durante-esta-temporada-de-lluvias-en-medellin-aqui-te-contamos\/imagen-de-la-perla-medellin-5\/'><img width=\"1280\" height=\"720\" src=\"https:\/\/www.medellin.gov.co\/es\/wp-content\/uploads\/2026\/02\/Imagen-de-La-Perla-Medellin-5.jpg\" class=\"attachment-full size-full\" alt=\"Imagen de La Perla Medell\u00edn (5)\" loading=\"lazy\" srcset=\"https:\/\/www.medellin.gov.co\/es\/wp-content\/uploads\/2026\/02\/Imagen-de-La-Perla-Medellin-5.jpg 1280w, https:\/\/www.medellin.gov.co\/es\/wp-content\/uploads\/2026\/02\/Imagen-de-La-Perla-Medellin-5-300x169.jpg 300w, https:\/\/www.medellin.gov.co\/es\/wp-content\/uploads\/2026\/02\/Imagen-de-La-Perla-Medellin-5-1024x576.jpg 1024w, https:\/\/www.medellin.gov.co\/es\/wp-content\/uploads\/2026\/02\/Imagen-de-La-Perla-Medellin-5-150x84.jpg 150w, https:\/\/www.medellin.gov.co\/es\/wp-content\/uploads\/2026\/02\/Imagen-de-La-Perla-Medellin-5-768x432.jpg 768w\" sizes=\"(max-width: 1280px) 100vw, 1280px\" \/><\/a>\n\t\t\t<\/dt><\/dl><br style=\"clear: both\" \/>\n\t\t<\/div>\n\n<h4><strong>Cuidarlos tambi\u00e9n es cuidar a Medell\u00edn<\/strong><\/h4>\n<p>Cuando cuidamos de nuestras mascotas, estamos construyendo una ciudad m\u00e1s consciente, emp\u00e1tica y humana. Ellos nos acompa\u00f1an sin condiciones, nos esperan sin reproches y nos aman sin reservas.<\/p>\n<p>Protegerlas \u00a0siempre es una forma de construir una Medell\u00edn m\u00e1s solidaria y consciente. Estos peludos est\u00e1n con nosotros en los d\u00edas buenos y en los dif\u00edciles, sin pedir nada a cambio, m\u00e1s que cuidado y amor. As\u00ed que vigilemos m\u00e1s y amemos m\u00e1s a nuestras mascotas. Porque cuando ellas est\u00e1n bien, nuestros hogares est\u00e1n mucho mejor.<\/p>\n","protected":false},"excerpt":{"rendered":"<p>La lluvia ha sido protagonista en Medell\u00edn durante las \u00faltimas semanas. Calles mojadas, cielos grises y jornadas m\u00e1s fr\u00edas nos recuerdan que la naturaleza tiene su propio ritmo. Pero mientras nosotros nos adaptamos con paraguas, &#8230;<\/p>\n","protected":false},"author":97,"featured_media":496771,"comment_status":"open","ping_status":"open","sticky":false,"template":"","format":"standard","meta":[],"categories":[531,1],"tags":[451,446],"formato_nota":[],"programas_tax":[],"acf":[],"_links":{"self":[{"href":"https:\/\/www.medellin.gov.co\/es\/wp-json\/wp\/v2\/posts\/496609"}],"collection":[{"href":"https:\/\/www.medellin.gov.co\/es\/wp-json\/wp\/v2\/posts"}],"about":[{"href":"https:\/\/www.medellin.gov.co\/es\/wp-json\/wp\/v2\/types\/post"}],"author":[{"embeddable":true,"href":"https:\/\/www.medellin.gov.co\/es\/wp-json\/wp\/v2\/users\/97"}],"replies":[{"embeddable":true,"href":"https:\/\/www.medellin.gov.co\/es\/wp-json\/wp\/v2\/comments?post=496609"}],"version-history":[{"count":5,"href":"https:\/\/www.medellin.gov.co\/es\/wp-json\/wp\/v2\/posts\/496609\/revisions"}],"predecessor-version":[{"id":496780,"href":"https:\/\/www.medellin.gov.co\/es\/wp-json\/wp\/v2\/posts\/496609\/revisions\/496780"}],"wp:featuredmedia":[{"embeddable":true,"href":"https:\/\/www.medellin.gov.co\/es\/wp-json\/wp\/v2\/media\/496771"}],"wp:attachment":[{"href":"https:\/\/www.medellin.gov.co\/es\/wp-json\/wp\/v2\/media?parent=496609"}],"wp:term":[{"taxonomy":"category","embeddable":true,"href":"https:\/\/www.medellin.gov.co\/es\/wp-json\/wp\/v2\/categories?post=496609"},{"taxonomy":"post_tag","embeddable":true,"href":"https:\/\/www.medellin.gov.co\/es\/wp-json\/wp\/v2\/tags?post=496609"},{"taxonomy":"formato_nota","embeddable":true,"href":"https:\/\/www.medellin.gov.co\/es\/wp-json\/wp\/v2\/formato_nota?post=496609"},{"taxonomy":"programas_tax","embeddable":true,"href":"https:\/\/www.medellin.gov.co\/es\/wp-json\/wp\/v2\/programas_tax?post=496609"}],"curies":[{"name":"wp","href":"https:\/\/api.w.org\/{rel}","templated":true}]}}