{"id":496685,"date":"2026-02-05T10:47:57","date_gmt":"2026-02-05T15:47:57","guid":{"rendered":"https:\/\/www.medellin.gov.co\/es\/?p=496685"},"modified":"2026-02-05T10:47:57","modified_gmt":"2026-02-05T15:47:57","slug":"la-alcaldia-de-medellin-alcanza-un-avance-del-26-en-la-obra-de-la-avenida-34-con-la-loma-de-los-gonzalez","status":"publish","type":"post","link":"https:\/\/www.medellin.gov.co\/es\/sala-de-prensa\/noticias\/la-alcaldia-de-medellin-alcanza-un-avance-del-26-en-la-obra-de-la-avenida-34-con-la-loma-de-los-gonzalez\/","title":{"rendered":"La Alcald\u00eda de Medell\u00edn alcanza un avance del 26 % en la obra de la avenida 34 con la loma de Los Gonz\u00e1lez"},"content":{"rendered":"<ul>\n<li>La intervenci\u00f3n se desarrollar\u00e1 en dos tramos y contar\u00e1 con una inversi\u00f3n superior a los $80.000 millones.<\/li>\n<li>El proyecto contempla 2.4 kil\u00f3metros de v\u00eda nueva y mejorada, cinco puentes, zonas verdes y m\u00e1s de 1.286 metros de espacio p\u00fablico.<\/li>\n<li>Por primera vez en Colombia, una obra de valorizaci\u00f3n incluir\u00e1 un reasentamiento en sitio con una inversi\u00f3n superior a $3.000 millones.<\/li>\n<\/ul>\n<!--[if lt IE 9]><script>document.createElement('audio');<\/script><![endif]-->\n\t<div class=\"wp-playlist wp-audio-playlist wp-playlist-light\">\n\t\t\t<div class=\"wp-playlist-current-item\"><\/div>\n\t\t<audio controls=\"controls\" preload=\"none\" width=\"640\"\n\t\t\t><\/audio>\n\t<div class=\"wp-playlist-next\"><\/div>\n\t<div class=\"wp-playlist-prev\"><\/div>\n\t<noscript>\n\t<ol>\n\t\t<li><a href='https:\/\/www.medellin.gov.co\/es\/wp-content\/uploads\/2026\/02\/Declaraciones-de-la-directora-del-Fondo-de-Valorizacion-de-Medellin-Angelica-Maria-Arias-Loza.mp3'>Declaraciones de la directora del Fondo de Valorizaci\u00f3n de Medell\u00edn, Ang\u00e9lica Mar\u00eda Arias Loza<\/a><\/li><li><a href='https:\/\/www.medellin.gov.co\/es\/wp-content\/uploads\/2026\/02\/Declaraciones-del-gerente-de-la-EDU-Emiro-Valdes-Lopez.mp3'>Declaraciones del gerente de la EDU, Emiro Vald\u00e9s L\u00f3pez<\/a><\/li>\t<\/ol>\n\t<\/noscript>\n\t<script type=\"application\/json\" class=\"wp-playlist-script\">{\"type\":\"audio\",\"tracklist\":true,\"tracknumbers\":true,\"images\":true,\"artists\":true,\"tracks\":[{\"src\":\"https:\\\/\\\/www.medellin.gov.co\\\/es\\\/wp-content\\\/uploads\\\/2026\\\/02\\\/Declaraciones-de-la-directora-del-Fondo-de-Valorizacion-de-Medellin-Angelica-Maria-Arias-Loza.mp3\",\"type\":\"audio\\\/mpeg\",\"title\":\"Declaraciones de la directora del Fondo de Valorizaci\\u00f3n de Medell\\u00edn, Ang\\u00e9lica Mar\\u00eda Arias Loza\",\"caption\":\"\",\"description\":\"\\u00abDeclaraciones de la directora del Fondo de Valorizaci\\u00f3n de Medell\\u00edn, Ang\\u00e9lica Mar\\u00eda Arias Loza\\u00bb. \",\"meta\":{\"genre\":\"Blues\",\"length_formatted\":\"1:00\"},\"image\":{\"src\":\"https:\\\/\\\/www.medellin.gov.co\\\/es\\\/wp-includes\\\/images\\\/media\\\/audio.png\",\"width\":48,\"height\":64},\"thumb\":{\"src\":\"https:\\\/\\\/www.medellin.gov.co\\\/es\\\/wp-includes\\\/images\\\/media\\\/audio.png\",\"width\":48,\"height\":64}},{\"src\":\"https:\\\/\\\/www.medellin.gov.co\\\/es\\\/wp-content\\\/uploads\\\/2026\\\/02\\\/Declaraciones-del-gerente-de-la-EDU-Emiro-Valdes-Lopez.mp3\",\"type\":\"audio\\\/mpeg\",\"title\":\"Declaraciones del gerente de la EDU, Emiro Vald\\u00e9s L\\u00f3pez\",\"caption\":\"\",\"description\":\"\\u00abDeclaraciones del gerente de la EDU, Emiro Vald\\u00e9s L\\u00f3pez\\u00bb. \",\"meta\":{\"genre\":\"Blues\",\"length_formatted\":\"0:56\"},\"image\":{\"src\":\"https:\\\/\\\/www.medellin.gov.co\\\/es\\\/wp-includes\\\/images\\\/media\\\/audio.png\",\"width\":48,\"height\":64},\"thumb\":{\"src\":\"https:\\\/\\\/www.medellin.gov.co\\\/es\\\/wp-includes\\\/images\\\/media\\\/audio.png\",\"width\":48,\"height\":64}}]}<\/script>\n<\/div>\n\t\n<p>La Alcald\u00eda de Medell\u00edn, a trav\u00e9s del <a href=\"https:\/\/fonvalmed.gov.co\/\" target=\"_blank\" rel=\"noopener\">Fondo de Valorizaci\u00f3n de Medell\u00edn \u2013Fonvalmed\u2013<\/a>, avanza en la ejecuci\u00f3n de la ampliaci\u00f3n de la avenida 34 con la loma de Los Gonz\u00e1lez, una de las obras de valorizaci\u00f3n m\u00e1s importantes de la ciudad, que registra un 26 % de avance f\u00edsico.<\/p>\n<p>Este proyecto, incluido en el Plan de Desarrollo Medell\u00edn Te Quiere 2024\u20132027, es ejecutado por la Empresa de Desarrollo Urbano -EDU- y cuenta con una inversi\u00f3n superior a los $80.000 millones, financiados mediante la contribuci\u00f3n por valorizaci\u00f3n de la comunidad de El Poblado. La obra se desarrolla en dos tramos y permitir\u00e1 mejorar la movilidad y la conectividad del sector.<\/p>\n\n\t\t<style type=\"text\/css\">\n\t\t\t#gallery-1 {\n\t\t\t\tmargin: auto;\n\t\t\t}\n\t\t\t#gallery-1 .gallery-item {\n\t\t\t\tfloat: left;\n\t\t\t\tmargin-top: 10px;\n\t\t\t\ttext-align: center;\n\t\t\t\twidth: 50%;\n\t\t\t}\n\t\t\t#gallery-1 img {\n\t\t\t\tborder: 2px solid #cfcfcf;\n\t\t\t}\n\t\t\t#gallery-1 .gallery-caption {\n\t\t\t\tmargin-left: 0;\n\t\t\t}\n\t\t\t\/* see gallery_shortcode() in wp-includes\/media.php *\/\n\t\t<\/style>\n\t\t<div id='gallery-1' class='gallery galleryid-496685 gallery-columns-2 gallery-size-full'><dl class='gallery-item'>\n\t\t\t<dt class='gallery-icon landscape'>\n\t\t\t\t<a href='https:\/\/www.medellin.gov.co\/es\/sala-de-prensa\/noticias\/la-alcaldia-de-medellin-alcanza-un-avance-del-26-en-la-obra-de-la-avenida-34-con-la-loma-de-los-gonzalez\/imagen-de-intervencion-en-loma-de-los-gonzalez\/'><img width=\"1280\" height=\"719\" src=\"https:\/\/www.medellin.gov.co\/es\/wp-content\/uploads\/2026\/02\/Imagen-de-intervencion-en-Loma-de-Los-Gonzalez.jpg\" class=\"attachment-full size-full\" alt=\"Imagen de intervenci\u00f3n en Loma de Los Gonz\u00e1lez\" loading=\"lazy\" srcset=\"https:\/\/www.medellin.gov.co\/es\/wp-content\/uploads\/2026\/02\/Imagen-de-intervencion-en-Loma-de-Los-Gonzalez.jpg 1280w, https:\/\/www.medellin.gov.co\/es\/wp-content\/uploads\/2026\/02\/Imagen-de-intervencion-en-Loma-de-Los-Gonzalez-300x169.jpg 300w, https:\/\/www.medellin.gov.co\/es\/wp-content\/uploads\/2026\/02\/Imagen-de-intervencion-en-Loma-de-Los-Gonzalez-1024x575.jpg 1024w, https:\/\/www.medellin.gov.co\/es\/wp-content\/uploads\/2026\/02\/Imagen-de-intervencion-en-Loma-de-Los-Gonzalez-150x84.jpg 150w, https:\/\/www.medellin.gov.co\/es\/wp-content\/uploads\/2026\/02\/Imagen-de-intervencion-en-Loma-de-Los-Gonzalez-768x431.jpg 768w\" sizes=\"(max-width: 1280px) 100vw, 1280px\" \/><\/a>\n\t\t\t<\/dt><\/dl><dl class='gallery-item'>\n\t\t\t<dt class='gallery-icon landscape'>\n\t\t\t\t<a href='https:\/\/www.medellin.gov.co\/es\/sala-de-prensa\/noticias\/la-alcaldia-de-medellin-alcanza-un-avance-del-26-en-la-obra-de-la-avenida-34-con-la-loma-de-los-gonzalez\/imagen-de-arreglos-en-loma-de-los-gonzalez\/'><img width=\"1280\" height=\"719\" src=\"https:\/\/www.medellin.gov.co\/es\/wp-content\/uploads\/2026\/02\/Imagen-de-arreglos-en-Loma-de-Los-Gonzalez.jpg\" class=\"attachment-full size-full\" alt=\"Imagen de arreglos en Loma de Los Gonz\u00e1lez\" loading=\"lazy\" srcset=\"https:\/\/www.medellin.gov.co\/es\/wp-content\/uploads\/2026\/02\/Imagen-de-arreglos-en-Loma-de-Los-Gonzalez.jpg 1280w, https:\/\/www.medellin.gov.co\/es\/wp-content\/uploads\/2026\/02\/Imagen-de-arreglos-en-Loma-de-Los-Gonzalez-300x169.jpg 300w, https:\/\/www.medellin.gov.co\/es\/wp-content\/uploads\/2026\/02\/Imagen-de-arreglos-en-Loma-de-Los-Gonzalez-1024x575.jpg 1024w, https:\/\/www.medellin.gov.co\/es\/wp-content\/uploads\/2026\/02\/Imagen-de-arreglos-en-Loma-de-Los-Gonzalez-150x84.jpg 150w, https:\/\/www.medellin.gov.co\/es\/wp-content\/uploads\/2026\/02\/Imagen-de-arreglos-en-Loma-de-Los-Gonzalez-768x431.jpg 768w\" sizes=\"(max-width: 1280px) 100vw, 1280px\" \/><\/a>\n\t\t\t<\/dt><\/dl><br style=\"clear: both\" \/>\n\t\t<\/div>\n\n<p>A la fecha, la ejecuci\u00f3n financiera alcanza cerca del 17 %, equivalente a $4.300 millones. Para este mes, se proyecta incrementar el ritmo de obra con el fortalecimiento de los frentes de trabajo, con el objetivo de alcanzar un 36 % de avance. La intervenci\u00f3n contempla el mejoramiento y construcci\u00f3n de 2.4 kil\u00f3metros de v\u00eda, la construcci\u00f3n de cinco puentes, la generaci\u00f3n de nuevo espacio p\u00fablico y zonas verdes, aportando a la transformaci\u00f3n urbana y a la calidad de vida de los habitantes del sector.<\/p>\n<p>\u201c<em>Este proyecto no solamente transforma la infraestructura vial, tambi\u00e9n tiene un impacto social debido a que hemos generado m\u00e1s de 130 empleos, priorizando la vinculaci\u00f3n del sector El Chispero fortaleciendo el territorio<\/em>\u201d, expres\u00f3 la directora del Fondo de Valorizaci\u00f3n de Medell\u00edn, Ang\u00e9lica Mar\u00eda Arias Loza.<\/p>\n<div id=\"attachment_496693\" style=\"width: 1290px\" class=\"wp-caption alignnone\"><a href=\"https:\/\/www.medellin.gov.co\/es\/wp-content\/uploads\/2026\/02\/Render-de-arreglos-en-Loma-de-Los-Gonzalez.jpg\" target=\"_blank\" rel=\"noopener\"><img aria-describedby=\"caption-attachment-496693\" loading=\"lazy\" class=\"wp-image-496693 size-full\" title=\"Render de intervenci\u00f3n en Loma de Los Gonz\u00e1lez\" src=\"https:\/\/www.medellin.gov.co\/es\/wp-content\/uploads\/2026\/02\/Render-de-arreglos-en-Loma-de-Los-Gonzalez.jpg\" alt=\"Render de arreglos en Loma de Los Gonz\u00e1lez\" width=\"1280\" height=\"720\" srcset=\"https:\/\/www.medellin.gov.co\/es\/wp-content\/uploads\/2026\/02\/Render-de-arreglos-en-Loma-de-Los-Gonzalez.jpg 1280w, https:\/\/www.medellin.gov.co\/es\/wp-content\/uploads\/2026\/02\/Render-de-arreglos-en-Loma-de-Los-Gonzalez-300x169.jpg 300w, https:\/\/www.medellin.gov.co\/es\/wp-content\/uploads\/2026\/02\/Render-de-arreglos-en-Loma-de-Los-Gonzalez-1024x576.jpg 1024w, https:\/\/www.medellin.gov.co\/es\/wp-content\/uploads\/2026\/02\/Render-de-arreglos-en-Loma-de-Los-Gonzalez-150x84.jpg 150w, https:\/\/www.medellin.gov.co\/es\/wp-content\/uploads\/2026\/02\/Render-de-arreglos-en-Loma-de-Los-Gonzalez-768x432.jpg 768w\" sizes=\"(max-width: 1280px) 100vw, 1280px\" \/><\/a><p id=\"caption-attachment-496693\" class=\"wp-caption-text\">Render de intervenci\u00f3n en Loma de Los Gonz\u00e1lez<\/p><\/div>\n<p>Adicionalmente, esta obra marca un precedente a nivel nacional, al incluir por primera vez en Colombia un reasentamiento en sitio dentro de una obra de valorizaci\u00f3n. Fonvalmed lidera este componente social, que permitir\u00e1 que m\u00e1s de 40 habitantes del sector El Chispero permanezcan en su territorio, conservando sus lazos comunitarios, mediante un convenio interadministrativo con el Isvimed.<\/p>\n<p>\u201c<em>A los vecinos, total y completo agradecimiento por la forma como nos han respaldado y apoyado el desarrollo de estas obras, y a quienes transitan por ella, paciencia; esta obra ser\u00e1 determinante para mejorar la movilidad y la conectividad en esta zona de la ciudad<\/em>.\u201d, afirm\u00f3 el gerente de la EDU, Emiro Vald\u00e9s L\u00f3pez.<\/p>\n","protected":false},"excerpt":{"rendered":"<p>La intervenci\u00f3n se desarrollar\u00e1 en dos tramos y contar\u00e1 con una inversi\u00f3n superior a los $80.000 millones. El proyecto contempla 2.4 kil\u00f3metros de v\u00eda nueva y mejorada, cinco puentes, zonas verdes y m\u00e1s de 1.286 &#8230;<\/p>\n","protected":false},"author":21,"featured_media":496694,"comment_status":"open","ping_status":"open","sticky":false,"template":"","format":"standard","meta":[],"categories":[747,17],"tags":[634,442],"formato_nota":[],"programas_tax":[],"acf":[],"_links":{"self":[{"href":"https:\/\/www.medellin.gov.co\/es\/wp-json\/wp\/v2\/posts\/496685"}],"collection":[{"href":"https:\/\/www.medellin.gov.co\/es\/wp-json\/wp\/v2\/posts"}],"about":[{"href":"https:\/\/www.medellin.gov.co\/es\/wp-json\/wp\/v2\/types\/post"}],"author":[{"embeddable":true,"href":"https:\/\/www.medellin.gov.co\/es\/wp-json\/wp\/v2\/users\/21"}],"replies":[{"embeddable":true,"href":"https:\/\/www.medellin.gov.co\/es\/wp-json\/wp\/v2\/comments?post=496685"}],"version-history":[{"count":1,"href":"https:\/\/www.medellin.gov.co\/es\/wp-json\/wp\/v2\/posts\/496685\/revisions"}],"predecessor-version":[{"id":496724,"href":"https:\/\/www.medellin.gov.co\/es\/wp-json\/wp\/v2\/posts\/496685\/revisions\/496724"}],"wp:featuredmedia":[{"embeddable":true,"href":"https:\/\/www.medellin.gov.co\/es\/wp-json\/wp\/v2\/media\/496694"}],"wp:attachment":[{"href":"https:\/\/www.medellin.gov.co\/es\/wp-json\/wp\/v2\/media?parent=496685"}],"wp:term":[{"taxonomy":"category","embeddable":true,"href":"https:\/\/www.medellin.gov.co\/es\/wp-json\/wp\/v2\/categories?post=496685"},{"taxonomy":"post_tag","embeddable":true,"href":"https:\/\/www.medellin.gov.co\/es\/wp-json\/wp\/v2\/tags?post=496685"},{"taxonomy":"formato_nota","embeddable":true,"href":"https:\/\/www.medellin.gov.co\/es\/wp-json\/wp\/v2\/formato_nota?post=496685"},{"taxonomy":"programas_tax","embeddable":true,"href":"https:\/\/www.medellin.gov.co\/es\/wp-json\/wp\/v2\/programas_tax?post=496685"}],"curies":[{"name":"wp","href":"https:\/\/api.w.org\/{rel}","templated":true}]}}