{"id":496725,"date":"2026-02-05T10:53:24","date_gmt":"2026-02-05T15:53:24","guid":{"rendered":"https:\/\/www.medellin.gov.co\/es\/?p=496725"},"modified":"2026-02-05T10:53:24","modified_gmt":"2026-02-05T15:53:24","slug":"400-estudiantes-de-medellin-recibieron-utiles-escolares-gracias-a-una-alianza-publico-privada","status":"publish","type":"post","link":"https:\/\/www.medellin.gov.co\/es\/sala-de-prensa\/noticias\/400-estudiantes-de-medellin-recibieron-utiles-escolares-gracias-a-una-alianza-publico-privada\/","title":{"rendered":"400 estudiantes de Medell\u00edn recibieron \u00fatiles escolares, gracias a una alianza p\u00fablico-privada"},"content":{"rendered":"<ul>\n<li>La campa\u00f1a comenz\u00f3 con la donaci\u00f3n de paquetes escolares para ni\u00f1as y ni\u00f1os de primaria de la Instituci\u00f3n Educativa Barrio Olaya Herrera.<\/li>\n<li>La iniciativa tiene como meta recolectar 5.000 kits escolares durante este febrero.<\/li>\n<\/ul>\n<!--[if lt IE 9]><script>document.createElement('audio');<\/script><![endif]-->\n\t<div class=\"wp-playlist wp-audio-playlist wp-playlist-light\">\n\t\t\t<div class=\"wp-playlist-current-item\"><\/div>\n\t\t<audio controls=\"controls\" preload=\"none\" width=\"640\"\n\t\t\t><\/audio>\n\t<div class=\"wp-playlist-next\"><\/div>\n\t<div class=\"wp-playlist-prev\"><\/div>\n\t<noscript>\n\t<ol>\n\t\t<li><a href='https:\/\/www.medellin.gov.co\/es\/wp-content\/uploads\/2026\/02\/Declaraciones-de-la-secretaria-de-Educacion-Carolina-Franco-Giraldo.mp3'>Declaraciones de la secretaria de Educaci\u00f3n, Carolina Franco Giraldo<\/a><\/li>\t<\/ol>\n\t<\/noscript>\n\t<script type=\"application\/json\" class=\"wp-playlist-script\">{\"type\":\"audio\",\"tracklist\":true,\"tracknumbers\":true,\"images\":true,\"artists\":true,\"tracks\":[{\"src\":\"https:\\\/\\\/www.medellin.gov.co\\\/es\\\/wp-content\\\/uploads\\\/2026\\\/02\\\/Declaraciones-de-la-secretaria-de-Educacion-Carolina-Franco-Giraldo.mp3\",\"type\":\"audio\\\/mpeg\",\"title\":\"Declaraciones de la secretaria de Educaci\\u00f3n, Carolina Franco Giraldo\",\"caption\":\"\",\"description\":\"\\u00abDeclaraciones de la secretaria de Educaci\\u00f3n, Carolina Franco Giraldo\\u00bb. \",\"meta\":{\"genre\":\"Blues\",\"length_formatted\":\"0:35\"},\"image\":{\"src\":\"https:\\\/\\\/www.medellin.gov.co\\\/es\\\/wp-includes\\\/images\\\/media\\\/audio.png\",\"width\":48,\"height\":64},\"thumb\":{\"src\":\"https:\\\/\\\/www.medellin.gov.co\\\/es\\\/wp-includes\\\/images\\\/media\\\/audio.png\",\"width\":48,\"height\":64}}]}<\/script>\n<\/div>\n\t\n<p>La Alcald\u00eda de Medell\u00edn dio inicio a la campa\u00f1a \u00datiles para So\u00f1ar, una iniciativa que busca brindar herramientas escolares a ni\u00f1as, ni\u00f1os y j\u00f3venes de la ciudad, para fortalecer su permanencia y desempe\u00f1o en el sistema educativo. El lanzamiento se realiz\u00f3 con la entrega de 400 kits escolares donados, gracias a una alianza con el sector privado. Los beneficiarios iniciales son estudiantes de primaria de la Instituci\u00f3n Educativa Barrio Olaya Herrera, ubicada en la comuna 7-Robledo.<\/p>\n<p>La campa\u00f1a, liderada por la <a href=\"https:\/\/www.medellin.edu.co\/\" target=\"_blank\" rel=\"noopener\">Secretar\u00eda de Educaci\u00f3n<\/a>, tiene como objetivo recolectar 5.000 kits escolares durante el mes de febrero, a trav\u00e9s de la articulaci\u00f3n con empresas, instituciones educativas, ferias escolares y la ciudadan\u00eda en general. Esta iniciativa surge tras identificar que la falta de \u00fatiles escolares es uno de los factores que incide en la deserci\u00f3n escolar, especialmente en contextos de mayor vulnerabilidad.<\/p>\n<p><a href=\"https:\/\/www.medellin.gov.co\/es\/wp-content\/uploads\/2026\/02\/Imagen-de-kit-estudiantil-para-ninos-de-escuela.jpg\" target=\"_blank\" rel=\"noopener\"><img loading=\"lazy\" class=\"alignnone wp-image-496697 size-full\" title=\"kit estudiantil para ni\u00f1os de escuela\" src=\"https:\/\/www.medellin.gov.co\/es\/wp-content\/uploads\/2026\/02\/Imagen-de-kit-estudiantil-para-ninos-de-escuela.jpg\" alt=\"Imagen de kit estudiantil para ni\u00f1os de escuela\" width=\"1141\" height=\"760\" srcset=\"https:\/\/www.medellin.gov.co\/es\/wp-content\/uploads\/2026\/02\/Imagen-de-kit-estudiantil-para-ninos-de-escuela.jpg 1141w, https:\/\/www.medellin.gov.co\/es\/wp-content\/uploads\/2026\/02\/Imagen-de-kit-estudiantil-para-ninos-de-escuela-300x200.jpg 300w, https:\/\/www.medellin.gov.co\/es\/wp-content\/uploads\/2026\/02\/Imagen-de-kit-estudiantil-para-ninos-de-escuela-1024x682.jpg 1024w, https:\/\/www.medellin.gov.co\/es\/wp-content\/uploads\/2026\/02\/Imagen-de-kit-estudiantil-para-ninos-de-escuela-150x100.jpg 150w, https:\/\/www.medellin.gov.co\/es\/wp-content\/uploads\/2026\/02\/Imagen-de-kit-estudiantil-para-ninos-de-escuela-768x512.jpg 768w\" sizes=\"(max-width: 1141px) 100vw, 1141px\" \/><\/a><\/p>\n<p>\u00ab<em>Vamos a hacer donaciones en todas las instituciones educativas donde las empresas privadas, universidades y aliados tambi\u00e9n se quieran unir a esta campa\u00f1a. Entregaremos, con Microempresas de Colombia, otros 500 kits escolares en dos instituciones educativas m\u00e1s. Esta estrategia es para la permanencia educativa, para que ning\u00fan ni\u00f1o ni ni\u00f1a se quede sin estudiar en Medell\u00edn. Gracias por sumarse<\/em>\u201d, indic\u00f3 la secretaria de Educaci\u00f3n, Carolina Franco Giraldo.<\/p>\n<p>Dentro de las acciones contempladas se encuentra la invitaci\u00f3n a empresas aliadas y nuevas organizaciones para sumarse a la donaci\u00f3n de kits. Adem\u00e1s, se gestionar\u00e1n alianzas con empresas de alto flujo de p\u00fablico para habilitar puntos estrat\u00e9gicos de donaci\u00f3n.<\/p>\n<p><a href=\"https:\/\/www.medellin.gov.co\/es\/wp-content\/uploads\/2026\/02\/Imagen-de-cartelera-hecha-por-ninos-en-escuela.jpg\" target=\"_blank\" rel=\"noopener\"><img loading=\"lazy\" class=\"alignnone wp-image-496714 size-full\" title=\" cartelera hecha por ni\u00f1os en escuela\" src=\"https:\/\/www.medellin.gov.co\/es\/wp-content\/uploads\/2026\/02\/Imagen-de-cartelera-hecha-por-ninos-en-escuela.jpg\" alt=\"Imagen de cartelera hecha por ni\u00f1os en escuela\" width=\"1141\" height=\"760\" srcset=\"https:\/\/www.medellin.gov.co\/es\/wp-content\/uploads\/2026\/02\/Imagen-de-cartelera-hecha-por-ninos-en-escuela.jpg 1141w, https:\/\/www.medellin.gov.co\/es\/wp-content\/uploads\/2026\/02\/Imagen-de-cartelera-hecha-por-ninos-en-escuela-300x200.jpg 300w, https:\/\/www.medellin.gov.co\/es\/wp-content\/uploads\/2026\/02\/Imagen-de-cartelera-hecha-por-ninos-en-escuela-1024x682.jpg 1024w, https:\/\/www.medellin.gov.co\/es\/wp-content\/uploads\/2026\/02\/Imagen-de-cartelera-hecha-por-ninos-en-escuela-150x100.jpg 150w, https:\/\/www.medellin.gov.co\/es\/wp-content\/uploads\/2026\/02\/Imagen-de-cartelera-hecha-por-ninos-en-escuela-768x512.jpg 768w\" sizes=\"(max-width: 1141px) 100vw, 1141px\" \/><\/a><\/p>\n<p>Como parte de esta alianza, Microempresas de Colombia donar\u00e1 en total 900 kits escolares que ser\u00e1n entregados a estudiantes de primaria de tres instituciones educativas oficiales del Distrito: la Instituci\u00f3n Educativa Barrio Olaya Herrera y la Instituci\u00f3n Educativa Bello Horizonte en la comuna 7-Robledo; y la Secci\u00f3n Escuela Altos de La Torre en la comuna 8-Villa Hermosa.<\/p>\n<p>Adicionalmente, los estudiantes beneficiarios recibir\u00e1n formaci\u00f3n en educaci\u00f3n financiera y ambiental mediante talleres y actividades orientadas a fortalecer h\u00e1bitos de ahorro, planeaci\u00f3n de gastos y construcci\u00f3n de proyectos de vida.<\/p>\n<p>Con \u00datiles para So\u00f1ar, la Alcald\u00eda de Medell\u00edn sigue apoyando la educaci\u00f3n y el bienestar de las familias, e invita a empresas p\u00fablicas y privadas a sumarse donando kits escolares para ni\u00f1as, ni\u00f1os y j\u00f3venes del Distrito.<\/p>\n","protected":false},"excerpt":{"rendered":"<p>La campa\u00f1a comenz\u00f3 con la donaci\u00f3n de paquetes escolares para ni\u00f1as y ni\u00f1os de primaria de la Instituci\u00f3n Educativa Barrio Olaya Herrera. La iniciativa tiene como meta recolectar 5.000 kits escolares durante este febrero. La &#8230;<\/p>\n","protected":false},"author":21,"featured_media":496696,"comment_status":"open","ping_status":"open","sticky":false,"template":"","format":"standard","meta":[],"categories":[4],"tags":[451,634,431],"formato_nota":[],"programas_tax":[],"acf":[],"_links":{"self":[{"href":"https:\/\/www.medellin.gov.co\/es\/wp-json\/wp\/v2\/posts\/496725"}],"collection":[{"href":"https:\/\/www.medellin.gov.co\/es\/wp-json\/wp\/v2\/posts"}],"about":[{"href":"https:\/\/www.medellin.gov.co\/es\/wp-json\/wp\/v2\/types\/post"}],"author":[{"embeddable":true,"href":"https:\/\/www.medellin.gov.co\/es\/wp-json\/wp\/v2\/users\/21"}],"replies":[{"embeddable":true,"href":"https:\/\/www.medellin.gov.co\/es\/wp-json\/wp\/v2\/comments?post=496725"}],"version-history":[{"count":1,"href":"https:\/\/www.medellin.gov.co\/es\/wp-json\/wp\/v2\/posts\/496725\/revisions"}],"predecessor-version":[{"id":496726,"href":"https:\/\/www.medellin.gov.co\/es\/wp-json\/wp\/v2\/posts\/496725\/revisions\/496726"}],"wp:featuredmedia":[{"embeddable":true,"href":"https:\/\/www.medellin.gov.co\/es\/wp-json\/wp\/v2\/media\/496696"}],"wp:attachment":[{"href":"https:\/\/www.medellin.gov.co\/es\/wp-json\/wp\/v2\/media?parent=496725"}],"wp:term":[{"taxonomy":"category","embeddable":true,"href":"https:\/\/www.medellin.gov.co\/es\/wp-json\/wp\/v2\/categories?post=496725"},{"taxonomy":"post_tag","embeddable":true,"href":"https:\/\/www.medellin.gov.co\/es\/wp-json\/wp\/v2\/tags?post=496725"},{"taxonomy":"formato_nota","embeddable":true,"href":"https:\/\/www.medellin.gov.co\/es\/wp-json\/wp\/v2\/formato_nota?post=496725"},{"taxonomy":"programas_tax","embeddable":true,"href":"https:\/\/www.medellin.gov.co\/es\/wp-json\/wp\/v2\/programas_tax?post=496725"}],"curies":[{"name":"wp","href":"https:\/\/api.w.org\/{rel}","templated":true}]}}