{"id":498036,"date":"2026-02-11T14:01:11","date_gmt":"2026-02-11T19:01:11","guid":{"rendered":"https:\/\/www.medellin.gov.co\/es\/?p=498036"},"modified":"2026-02-13T08:17:04","modified_gmt":"2026-02-13T13:17:04","slug":"en-medellin-dj-esta-a-la-espera-de-un-hogar-con-cinco-anos-mucha-energia-y-un-paso-unico-al-andar","status":"publish","type":"post","link":"https:\/\/www.medellin.gov.co\/es\/sala-de-prensa\/noticias\/en-medellin-dj-esta-a-la-espera-de-un-hogar-con-cinco-anos-mucha-energia-y-un-paso-unico-al-andar\/","title":{"rendered":"En Medell\u00edn, DJ est\u00e1 a la espera de un hogar: con cinco a\u00f1os, mucha energ\u00eda y un paso \u00fanico al andar"},"content":{"rendered":"<blockquote><p>A DJ se le reconoce desde lejos. No por el color de su pelaje, criollo, negro con blanco, sino por la forma en que camina. Su patica delantera derecha es m\u00e1s cortica y se mueve con un vaiv\u00e9n constante, repetitivo, casi mec\u00e1nico, como si estuviera accionando una palanca invisible. En el Centro de Bienestar Animal La Perla, de la Alcald\u00eda de Medell\u00edn, alguien lo not\u00f3 y dijo, medio en broma y con ternura: \u201cParece un DJ mezclando m\u00fasica\u201d. El apodo se qued\u00f3. Y as\u00ed, pas\u00f3 a llamarse DJ.<\/p><\/blockquote>\n<p>Bruce fue el nombre con el que lleg\u00f3 al <a href=\"https:\/\/www.medellin.gov.co\/es\/secretaria-medio-ambiente\/proteccion-y-bienestar-animal\/bienestar-animal-del-distrito-de-medellin\/centro-de-bienestar-animal-la-perla\/\" target=\"_blank\" rel=\"noopener\">Centro de Bienestar Animal La Perla<\/a> el 27 de diciembre de 2023, rescatado en el barrio Robledo, en malas condiciones y con se\u00f1ales claras de abandono. Ten\u00eda cerca de dos a\u00f1os. El apodo naci\u00f3 despu\u00e9s, cuando su movimiento particular empez\u00f3 a ser visto, no como una limitaci\u00f3n, sino como una forma distinta de estar en el mundo.<\/p>\n<h4><strong>El diagn\u00f3stico de DJ<\/strong><\/h4>\n<p>DJ no camina como los dem\u00e1s perros, pero tampoco se detiene. Avanza marcando su propio ritmo. Alejandra Ospina Morales, m\u00e9dica veterinaria del Centro de Bienestar Animal La Perla, explic\u00f3 que \u201c<em>\u00c9l tiene una hipoplasia: su patica anterior derecha es m\u00e1s peque\u00f1a de lo normal y adem\u00e1s le faltan algunos dientes, como si nunca le hubieran crecido\u201d<\/em>.<\/p>\n<p>Los profesionales creen que estas secuelas podr\u00edan ser consecuencia de un distemper canino, conocido como moquillo, una enfermedad viral que puede dejar afectaciones neurol\u00f3gicas permanentes. Cuando lleg\u00f3, se le practicaron ex\u00e1menes, radiograf\u00edas y diferentes tratamientos para descartar fracturas u otras lesiones. \u201c<em>Determinamos que lo de la patica es un tic nervioso permanente. No va a desaparecer, pero no le impide llevar una vida normal<\/em>\u201d, asegura la veterinaria. Y DJ es la prueba viva de eso: corre, olfatea, socializa, juega y explora con la energ\u00eda intacta de sus cinco a\u00f1os.<\/p>\n\n\t\t<style type=\"text\/css\">\n\t\t\t#gallery-1 {\n\t\t\t\tmargin: auto;\n\t\t\t}\n\t\t\t#gallery-1 .gallery-item {\n\t\t\t\tfloat: left;\n\t\t\t\tmargin-top: 10px;\n\t\t\t\ttext-align: center;\n\t\t\t\twidth: 50%;\n\t\t\t}\n\t\t\t#gallery-1 img {\n\t\t\t\tborder: 2px solid #cfcfcf;\n\t\t\t}\n\t\t\t#gallery-1 .gallery-caption {\n\t\t\t\tmargin-left: 0;\n\t\t\t}\n\t\t\t\/* see gallery_shortcode() in wp-includes\/media.php *\/\n\t\t<\/style>\n\t\t<div id='gallery-1' class='gallery galleryid-498036 gallery-columns-2 gallery-size-full'><dl class='gallery-item'>\n\t\t\t<dt class='gallery-icon landscape'>\n\t\t\t\t<a href='https:\/\/www.medellin.gov.co\/es\/imagen-dj-esta-a-la-espera-de-un-hogar-perla-7\/'><img width=\"1280\" height=\"720\" src=\"https:\/\/www.medellin.gov.co\/es\/wp-content\/uploads\/2026\/02\/Imagen-DJ-esta-a-la-espera-de-un-hogar-Perla-7.jpg\" class=\"attachment-full size-full\" alt=\"Imagen DJ est\u00e1 a la espera de un hogar Perla 7\" loading=\"lazy\" srcset=\"https:\/\/www.medellin.gov.co\/es\/wp-content\/uploads\/2026\/02\/Imagen-DJ-esta-a-la-espera-de-un-hogar-Perla-7.jpg 1280w, https:\/\/www.medellin.gov.co\/es\/wp-content\/uploads\/2026\/02\/Imagen-DJ-esta-a-la-espera-de-un-hogar-Perla-7-300x169.jpg 300w, https:\/\/www.medellin.gov.co\/es\/wp-content\/uploads\/2026\/02\/Imagen-DJ-esta-a-la-espera-de-un-hogar-Perla-7-1024x576.jpg 1024w, https:\/\/www.medellin.gov.co\/es\/wp-content\/uploads\/2026\/02\/Imagen-DJ-esta-a-la-espera-de-un-hogar-Perla-7-150x84.jpg 150w, https:\/\/www.medellin.gov.co\/es\/wp-content\/uploads\/2026\/02\/Imagen-DJ-esta-a-la-espera-de-un-hogar-Perla-7-768x432.jpg 768w\" sizes=\"(max-width: 1280px) 100vw, 1280px\" \/><\/a>\n\t\t\t<\/dt><\/dl><dl class='gallery-item'>\n\t\t\t<dt class='gallery-icon landscape'>\n\t\t\t\t<a href='https:\/\/www.medellin.gov.co\/es\/imagen-dj-esta-a-la-espera-de-un-hogar-perla-2\/'><img width=\"1280\" height=\"720\" src=\"https:\/\/www.medellin.gov.co\/es\/wp-content\/uploads\/2026\/02\/Imagen-DJ-esta-a-la-espera-de-un-hogar-Perla-2-e1770825071801.jpg\" class=\"attachment-full size-full\" alt=\"Imagen DJ est\u00e1 a la espera de un hogar Perla 2\" loading=\"lazy\" srcset=\"https:\/\/www.medellin.gov.co\/es\/wp-content\/uploads\/2026\/02\/Imagen-DJ-esta-a-la-espera-de-un-hogar-Perla-2-e1770825071801.jpg 1280w, https:\/\/www.medellin.gov.co\/es\/wp-content\/uploads\/2026\/02\/Imagen-DJ-esta-a-la-espera-de-un-hogar-Perla-2-e1770825071801-300x169.jpg 300w, https:\/\/www.medellin.gov.co\/es\/wp-content\/uploads\/2026\/02\/Imagen-DJ-esta-a-la-espera-de-un-hogar-Perla-2-e1770825071801-1024x576.jpg 1024w, https:\/\/www.medellin.gov.co\/es\/wp-content\/uploads\/2026\/02\/Imagen-DJ-esta-a-la-espera-de-un-hogar-Perla-2-e1770825071801-150x84.jpg 150w, https:\/\/www.medellin.gov.co\/es\/wp-content\/uploads\/2026\/02\/Imagen-DJ-esta-a-la-espera-de-un-hogar-Perla-2-e1770825071801-768x432.jpg 768w\" sizes=\"(max-width: 1280px) 100vw, 1280px\" \/><\/a>\n\t\t\t<\/dt><\/dl><br style=\"clear: both\" \/>\n\t\t<\/div>\n\n<p>En los espacios abiertos de La Perla, el animal de compa\u00f1\u00eda parece disfrutar especialmente del movimiento. Su patica se alza y baja con ese gesto que recuerda a un DJ humano accionando una consola, girando perillas, marcando el ritmo. No es un defecto: es su firma. Una manera \u00fanica de hacerse notar.<\/p>\n<p>Por eso, el llamado es a una adopci\u00f3n consciente. DJ necesita una familia activa, que disfrute las caminatas, el aire libre y el tiempo compartido. Un hogar donde no tenga que ser \u201carreglado\u201d, sino aceptado tal y como es.<\/p>\n<h4><strong>En La Perla, Dj y otros m\u00e1s buscan una oportunidad para brindar amor y compa\u00f1\u00eda<\/strong><\/h4>\n\n\t\t<style type=\"text\/css\">\n\t\t\t#gallery-2 {\n\t\t\t\tmargin: auto;\n\t\t\t}\n\t\t\t#gallery-2 .gallery-item {\n\t\t\t\tfloat: left;\n\t\t\t\tmargin-top: 10px;\n\t\t\t\ttext-align: center;\n\t\t\t\twidth: 33%;\n\t\t\t}\n\t\t\t#gallery-2 img {\n\t\t\t\tborder: 2px solid #cfcfcf;\n\t\t\t}\n\t\t\t#gallery-2 .gallery-caption {\n\t\t\t\tmargin-left: 0;\n\t\t\t}\n\t\t\t\/* see gallery_shortcode() in wp-includes\/media.php *\/\n\t\t<\/style>\n\t\t<div id='gallery-2' class='gallery galleryid-498036 gallery-columns-3 gallery-size-full'><dl class='gallery-item'>\n\t\t\t<dt class='gallery-icon landscape'>\n\t\t\t\t<a href='https:\/\/www.medellin.gov.co\/es\/sala-de-prensa\/noticias\/en-medellin-dj-esta-a-la-espera-de-un-hogar-con-cinco-anos-mucha-energia-y-un-paso-unico-al-andar\/imagen-dj-esta-a-la-espera-de-un-hogar-perla-6\/'><img width=\"1280\" height=\"720\" src=\"https:\/\/www.medellin.gov.co\/es\/wp-content\/uploads\/2026\/02\/Imagen-DJ-esta-a-la-espera-de-un-hogar-Perla-6.jpg\" class=\"attachment-full size-full\" alt=\"Imagen DJ est\u00e1 a la espera de un hogar Perla 6\" loading=\"lazy\" srcset=\"https:\/\/www.medellin.gov.co\/es\/wp-content\/uploads\/2026\/02\/Imagen-DJ-esta-a-la-espera-de-un-hogar-Perla-6.jpg 1280w, https:\/\/www.medellin.gov.co\/es\/wp-content\/uploads\/2026\/02\/Imagen-DJ-esta-a-la-espera-de-un-hogar-Perla-6-300x169.jpg 300w, https:\/\/www.medellin.gov.co\/es\/wp-content\/uploads\/2026\/02\/Imagen-DJ-esta-a-la-espera-de-un-hogar-Perla-6-1024x576.jpg 1024w, https:\/\/www.medellin.gov.co\/es\/wp-content\/uploads\/2026\/02\/Imagen-DJ-esta-a-la-espera-de-un-hogar-Perla-6-150x84.jpg 150w, https:\/\/www.medellin.gov.co\/es\/wp-content\/uploads\/2026\/02\/Imagen-DJ-esta-a-la-espera-de-un-hogar-Perla-6-768x432.jpg 768w\" sizes=\"(max-width: 1280px) 100vw, 1280px\" \/><\/a>\n\t\t\t<\/dt><\/dl><dl class='gallery-item'>\n\t\t\t<dt class='gallery-icon landscape'>\n\t\t\t\t<a href='https:\/\/www.medellin.gov.co\/es\/imagen-dj-esta-a-la-espera-de-un-hogar-perla-10-final\/'><img width=\"1280\" height=\"720\" src=\"https:\/\/www.medellin.gov.co\/es\/wp-content\/uploads\/2026\/02\/Imagen-DJ-esta-a-la-espera-de-un-hogar-Perla-10-final.jpg\" class=\"attachment-full size-full\" alt=\"Imagen DJ est\u00e1 a la espera de un hogar Perla 10 final\" loading=\"lazy\" srcset=\"https:\/\/www.medellin.gov.co\/es\/wp-content\/uploads\/2026\/02\/Imagen-DJ-esta-a-la-espera-de-un-hogar-Perla-10-final.jpg 1280w, https:\/\/www.medellin.gov.co\/es\/wp-content\/uploads\/2026\/02\/Imagen-DJ-esta-a-la-espera-de-un-hogar-Perla-10-final-300x169.jpg 300w, https:\/\/www.medellin.gov.co\/es\/wp-content\/uploads\/2026\/02\/Imagen-DJ-esta-a-la-espera-de-un-hogar-Perla-10-final-1024x576.jpg 1024w, https:\/\/www.medellin.gov.co\/es\/wp-content\/uploads\/2026\/02\/Imagen-DJ-esta-a-la-espera-de-un-hogar-Perla-10-final-150x84.jpg 150w, https:\/\/www.medellin.gov.co\/es\/wp-content\/uploads\/2026\/02\/Imagen-DJ-esta-a-la-espera-de-un-hogar-Perla-10-final-768x432.jpg 768w\" sizes=\"(max-width: 1280px) 100vw, 1280px\" \/><\/a>\n\t\t\t<\/dt><\/dl><dl class='gallery-item'>\n\t\t\t<dt class='gallery-icon landscape'>\n\t\t\t\t<a href='https:\/\/www.medellin.gov.co\/es\/imagen-dj-esta-a-la-espera-de-un-hogar-perla-3-final\/'><img width=\"1280\" height=\"720\" src=\"https:\/\/www.medellin.gov.co\/es\/wp-content\/uploads\/2026\/02\/Imagen-DJ-esta-a-la-espera-de-un-hogar-Perla-3-final.jpg\" class=\"attachment-full size-full\" alt=\"Imagen DJ est\u00e1 a la espera de un hogar Perla 3 final\" loading=\"lazy\" srcset=\"https:\/\/www.medellin.gov.co\/es\/wp-content\/uploads\/2026\/02\/Imagen-DJ-esta-a-la-espera-de-un-hogar-Perla-3-final.jpg 1280w, https:\/\/www.medellin.gov.co\/es\/wp-content\/uploads\/2026\/02\/Imagen-DJ-esta-a-la-espera-de-un-hogar-Perla-3-final-300x169.jpg 300w, https:\/\/www.medellin.gov.co\/es\/wp-content\/uploads\/2026\/02\/Imagen-DJ-esta-a-la-espera-de-un-hogar-Perla-3-final-1024x576.jpg 1024w, https:\/\/www.medellin.gov.co\/es\/wp-content\/uploads\/2026\/02\/Imagen-DJ-esta-a-la-espera-de-un-hogar-Perla-3-final-150x84.jpg 150w, https:\/\/www.medellin.gov.co\/es\/wp-content\/uploads\/2026\/02\/Imagen-DJ-esta-a-la-espera-de-un-hogar-Perla-3-final-768x432.jpg 768w\" sizes=\"(max-width: 1280px) 100vw, 1280px\" \/><\/a>\n\t\t\t<\/dt><\/dl><br style=\"clear: both\" \/>\n\t\t<\/div>\n\n<p>La profesional agreg\u00f3 que: \u201c<em>Es un perrito muy cari\u00f1oso y con much\u00edsima energ\u00eda. Solo necesita una oportunidad\u201d.<\/em> Hoy, el perro espera en La Perla junto a m\u00e1s de 2500 animales. De ellos, 1827 ya est\u00e1n listos para ser adoptados. En 2025,<a href=\"https:\/\/www.medellin.gov.co\/es\/secretaria-medio-ambiente\/proteccion-y-bienestar-animal\/\" target=\"_blank\" rel=\"noopener\"> la Subsecretar\u00eda de Protecci\u00f3n y Bienestar Animal de la Secretar\u00eda de Medio Ambiente<\/a> alcanz\u00f3 la cifra m\u00e1s alta de adopciones de los \u00faltimos cinco a\u00f1os: 1777 perros y gatos encontraron un hogar, un 40 % m\u00e1s de la meta trazada en el Plan de Desarrollo Medell\u00edn Te Quiere.<\/p>\n<h4><strong>\u00bfY c\u00f3mo adoptar?<\/strong><\/h4>\n<p>Si est\u00e1s interesado en adoptar a un animal de compa\u00f1\u00eda como DJ, puedes\u00a0 contactarte con el Centro de Bienestar Animal La Perla de la Alcald\u00eda de Medell\u00edn a la <strong>l\u00ednea 604 385 55 60,<\/strong> en donde conocer\u00e1s los requisitos para hacer de estos peludos un integrante m\u00e1s de tu familia y de tu hogar.<\/p>\n\n\t\t<style type=\"text\/css\">\n\t\t\t#gallery-3 {\n\t\t\t\tmargin: auto;\n\t\t\t}\n\t\t\t#gallery-3 .gallery-item {\n\t\t\t\tfloat: left;\n\t\t\t\tmargin-top: 10px;\n\t\t\t\ttext-align: center;\n\t\t\t\twidth: 50%;\n\t\t\t}\n\t\t\t#gallery-3 img {\n\t\t\t\tborder: 2px solid #cfcfcf;\n\t\t\t}\n\t\t\t#gallery-3 .gallery-caption {\n\t\t\t\tmargin-left: 0;\n\t\t\t}\n\t\t\t\/* see gallery_shortcode() in wp-includes\/media.php *\/\n\t\t<\/style>\n\t\t<div id='gallery-3' class='gallery galleryid-498036 gallery-columns-2 gallery-size-full'><dl class='gallery-item'>\n\t\t\t<dt class='gallery-icon landscape'>\n\t\t\t\t<a href='https:\/\/www.medellin.gov.co\/es\/imagen-perla-1-final\/'><img width=\"1079\" height=\"720\" src=\"https:\/\/www.medellin.gov.co\/es\/wp-content\/uploads\/2026\/02\/Imagen-Perla-1-final.jpg\" class=\"attachment-full size-full\" alt=\"\" loading=\"lazy\" srcset=\"https:\/\/www.medellin.gov.co\/es\/wp-content\/uploads\/2026\/02\/Imagen-Perla-1-final.jpg 1079w, https:\/\/www.medellin.gov.co\/es\/wp-content\/uploads\/2026\/02\/Imagen-Perla-1-final-300x200.jpg 300w, https:\/\/www.medellin.gov.co\/es\/wp-content\/uploads\/2026\/02\/Imagen-Perla-1-final-1024x683.jpg 1024w, https:\/\/www.medellin.gov.co\/es\/wp-content\/uploads\/2026\/02\/Imagen-Perla-1-final-150x100.jpg 150w, https:\/\/www.medellin.gov.co\/es\/wp-content\/uploads\/2026\/02\/Imagen-Perla-1-final-768x512.jpg 768w\" sizes=\"(max-width: 1079px) 100vw, 1079px\" \/><\/a>\n\t\t\t<\/dt><\/dl><dl class='gallery-item'>\n\t\t\t<dt class='gallery-icon landscape'>\n\t\t\t\t<a href='https:\/\/www.medellin.gov.co\/es\/imagen-dj-esta-a-la-espera-de-un-hogar-perla-11\/'><img width=\"1079\" height=\"720\" src=\"https:\/\/www.medellin.gov.co\/es\/wp-content\/uploads\/2026\/02\/Imagen-DJ-esta-a-la-espera-de-un-hogar-Perla-11.jpg\" class=\"attachment-full size-full\" alt=\"Imagen DJ est\u00e1 a la espera de un hogar Perla 11\" loading=\"lazy\" srcset=\"https:\/\/www.medellin.gov.co\/es\/wp-content\/uploads\/2026\/02\/Imagen-DJ-esta-a-la-espera-de-un-hogar-Perla-11.jpg 1079w, https:\/\/www.medellin.gov.co\/es\/wp-content\/uploads\/2026\/02\/Imagen-DJ-esta-a-la-espera-de-un-hogar-Perla-11-300x200.jpg 300w, https:\/\/www.medellin.gov.co\/es\/wp-content\/uploads\/2026\/02\/Imagen-DJ-esta-a-la-espera-de-un-hogar-Perla-11-1024x683.jpg 1024w, https:\/\/www.medellin.gov.co\/es\/wp-content\/uploads\/2026\/02\/Imagen-DJ-esta-a-la-espera-de-un-hogar-Perla-11-150x100.jpg 150w, https:\/\/www.medellin.gov.co\/es\/wp-content\/uploads\/2026\/02\/Imagen-DJ-esta-a-la-espera-de-un-hogar-Perla-11-768x512.jpg 768w\" sizes=\"(max-width: 1079px) 100vw, 1079px\" \/><\/a>\n\t\t\t<\/dt><\/dl><br style=\"clear: both\" \/>\n\t\t<\/div>\n\n<p>DJ quiere ser parte de esa historia. No como una cifra, sino como un compa\u00f1ero que no anda al mismo ritmo que los dem\u00e1s y no pone m\u00fasica como su nombre lo indica, pero tiene su propio tumbao y sabor al caminar y conoce, mejor que muchos, c\u00f3mo convertir una diferencia en algo digno de amor.<\/p>\n","protected":false},"excerpt":{"rendered":"<p>A DJ se le reconoce desde lejos. No por el color de su pelaje, criollo, negro con blanco, sino por la forma en que camina. Su patica delantera derecha es m\u00e1s cortica y se mueve &#8230;<\/p>\n","protected":false},"author":97,"featured_media":498060,"comment_status":"open","ping_status":"open","sticky":false,"template":"","format":"standard","meta":[],"categories":[531,13],"tags":[446,436],"formato_nota":[],"programas_tax":[],"acf":[],"_links":{"self":[{"href":"https:\/\/www.medellin.gov.co\/es\/wp-json\/wp\/v2\/posts\/498036"}],"collection":[{"href":"https:\/\/www.medellin.gov.co\/es\/wp-json\/wp\/v2\/posts"}],"about":[{"href":"https:\/\/www.medellin.gov.co\/es\/wp-json\/wp\/v2\/types\/post"}],"author":[{"embeddable":true,"href":"https:\/\/www.medellin.gov.co\/es\/wp-json\/wp\/v2\/users\/97"}],"replies":[{"embeddable":true,"href":"https:\/\/www.medellin.gov.co\/es\/wp-json\/wp\/v2\/comments?post=498036"}],"version-history":[{"count":3,"href":"https:\/\/www.medellin.gov.co\/es\/wp-json\/wp\/v2\/posts\/498036\/revisions"}],"predecessor-version":[{"id":498077,"href":"https:\/\/www.medellin.gov.co\/es\/wp-json\/wp\/v2\/posts\/498036\/revisions\/498077"}],"wp:featuredmedia":[{"embeddable":true,"href":"https:\/\/www.medellin.gov.co\/es\/wp-json\/wp\/v2\/media\/498060"}],"wp:attachment":[{"href":"https:\/\/www.medellin.gov.co\/es\/wp-json\/wp\/v2\/media?parent=498036"}],"wp:term":[{"taxonomy":"category","embeddable":true,"href":"https:\/\/www.medellin.gov.co\/es\/wp-json\/wp\/v2\/categories?post=498036"},{"taxonomy":"post_tag","embeddable":true,"href":"https:\/\/www.medellin.gov.co\/es\/wp-json\/wp\/v2\/tags?post=498036"},{"taxonomy":"formato_nota","embeddable":true,"href":"https:\/\/www.medellin.gov.co\/es\/wp-json\/wp\/v2\/formato_nota?post=498036"},{"taxonomy":"programas_tax","embeddable":true,"href":"https:\/\/www.medellin.gov.co\/es\/wp-json\/wp\/v2\/programas_tax?post=498036"}],"curies":[{"name":"wp","href":"https:\/\/api.w.org\/{rel}","templated":true}]}}