{"id":500686,"date":"2026-02-20T15:12:56","date_gmt":"2026-02-20T20:12:56","guid":{"rendered":"https:\/\/www.medellin.gov.co\/es\/?p=500686"},"modified":"2026-02-25T15:31:33","modified_gmt":"2026-02-25T20:31:33","slug":"la-calidad-del-aire-se-construye-entre-todos-invitacion-a-actuar-de-forma-preventiva","status":"publish","type":"post","link":"https:\/\/www.medellin.gov.co\/es\/sala-de-prensa\/noticias\/la-calidad-del-aire-se-construye-entre-todos-invitacion-a-actuar-de-forma-preventiva\/","title":{"rendered":"La calidad del aire se construye entre todos, invitaci\u00f3n a actuar de forma preventiva"},"content":{"rendered":"<ul>\n<li>El Valle de Aburr\u00e1 presenta durante dos periodos al a\u00f1o incremento en las condiciones que disminuyen la calidad del aire.<\/li>\n<li>La red de monitoreo de calidad del aire, registra 24\/7 las condiciones y est\u00e1 disponible en tiempo real en el geoportal <a href=\"https:\/\/siata.gov.co\/siata_nuevo\/\" target=\"_blank\" rel=\"noopener\">SIATA<\/a> para la toma de decisiones.<\/li>\n<\/ul>\n<!--[if lt IE 9]><script>document.createElement('audio');<\/script><![endif]-->\n\t<div class=\"wp-playlist wp-audio-playlist wp-playlist-light\">\n\t\t\t<div class=\"wp-playlist-current-item\"><\/div>\n\t\t<audio controls=\"controls\" preload=\"none\" width=\"640\"\n\t\t\t><\/audio>\n\t<div class=\"wp-playlist-next\"><\/div>\n\t<div class=\"wp-playlist-prev\"><\/div>\n\t<noscript>\n\t<ol>\n\t\t<li><a href='https:\/\/www.medellin.gov.co\/es\/wp-content\/uploads\/2026\/02\/DirectoraAMVA_Contingencia-ambiental.mp3.mp3'>DirectoraAMVA_Contingencia ambiental.mp3<\/a><\/li>\t<\/ol>\n\t<\/noscript>\n\t<script type=\"application\/json\" class=\"wp-playlist-script\">{\"type\":\"audio\",\"tracklist\":true,\"tracknumbers\":true,\"images\":true,\"artists\":true,\"tracks\":[{\"src\":\"https:\\\/\\\/www.medellin.gov.co\\\/es\\\/wp-content\\\/uploads\\\/2026\\\/02\\\/DirectoraAMVA_Contingencia-ambiental.mp3.mp3\",\"type\":\"audio\\\/mpeg\",\"title\":\"DirectoraAMVA_Contingencia ambiental.mp3\",\"caption\":\"\",\"description\":\"\\u00abDirectoraAMVA_Contingencia ambiental.mp3\\u00bb. G\\u00e9nero: Blues.\",\"meta\":{\"genre\":\"Blues\",\"length_formatted\":\"1:11\"},\"image\":{\"src\":\"https:\\\/\\\/www.medellin.gov.co\\\/es\\\/wp-includes\\\/images\\\/media\\\/audio.png\",\"width\":48,\"height\":64},\"thumb\":{\"src\":\"https:\\\/\\\/www.medellin.gov.co\\\/es\\\/wp-includes\\\/images\\\/media\\\/audio.png\",\"width\":48,\"height\":64}}]}<\/script>\n<\/div>\n\t\n<p>El Valle de Aburr\u00e1 presenta hist\u00f3ricamente un incremento en las concentraciones de contaminantes atmosf\u00e9ricos durante dos periodos del a\u00f1o: entre febrero y abril, y entre octubre y noviembre. Estos aumentos han sido identificados a partir de los registros de la Red de Monitoreo de Calidad del Aire y obedecen a m\u00faltiples factores.<\/p>\n\n\t\t<style type=\"text\/css\">\n\t\t\t#gallery-1 {\n\t\t\t\tmargin: auto;\n\t\t\t}\n\t\t\t#gallery-1 .gallery-item {\n\t\t\t\tfloat: left;\n\t\t\t\tmargin-top: 10px;\n\t\t\t\ttext-align: center;\n\t\t\t\twidth: 50%;\n\t\t\t}\n\t\t\t#gallery-1 img {\n\t\t\t\tborder: 2px solid #cfcfcf;\n\t\t\t}\n\t\t\t#gallery-1 .gallery-caption {\n\t\t\t\tmargin-left: 0;\n\t\t\t}\n\t\t\t\/* see gallery_shortcode() in wp-includes\/media.php *\/\n\t\t<\/style>\n\t\t<div id='gallery-1' class='gallery galleryid-500686 gallery-columns-2 gallery-size-full'><dl class='gallery-item'>\n\t\t\t<dt class='gallery-icon portrait'>\n\t\t\t\t<a href='https:\/\/www.medellin.gov.co\/es\/sala-de-prensa\/noticias\/la-calidad-del-aire-se-construye-entre-todos-invitacion-a-actuar-de-forma-preventiva\/imagen-calidad-del-aire-amva-4\/'><img width=\"478\" height=\"850\" src=\"https:\/\/www.medellin.gov.co\/es\/wp-content\/uploads\/2026\/02\/Imagen-Calidad-del-Aire-AMVA-4.jpg\" class=\"attachment-full size-full\" alt=\"Imagen Calidad del Aire AMVA (4)\" loading=\"lazy\" srcset=\"https:\/\/www.medellin.gov.co\/es\/wp-content\/uploads\/2026\/02\/Imagen-Calidad-del-Aire-AMVA-4.jpg 478w, https:\/\/www.medellin.gov.co\/es\/wp-content\/uploads\/2026\/02\/Imagen-Calidad-del-Aire-AMVA-4-169x300.jpg 169w, https:\/\/www.medellin.gov.co\/es\/wp-content\/uploads\/2026\/02\/Imagen-Calidad-del-Aire-AMVA-4-84x150.jpg 84w\" sizes=\"(max-width: 478px) 100vw, 478px\" \/><\/a>\n\t\t\t<\/dt><\/dl><dl class='gallery-item'>\n\t\t\t<dt class='gallery-icon portrait'>\n\t\t\t\t<a href='https:\/\/www.medellin.gov.co\/es\/sala-de-prensa\/noticias\/la-calidad-del-aire-se-construye-entre-todos-invitacion-a-actuar-de-forma-preventiva\/imagen-calidad-del-aire-amva-5\/'><img width=\"478\" height=\"850\" src=\"https:\/\/www.medellin.gov.co\/es\/wp-content\/uploads\/2026\/02\/Imagen-Calidad-del-Aire-AMVA-5.jpg\" class=\"attachment-full size-full\" alt=\"Imagen Calidad del Aire AMVA (5)\" loading=\"lazy\" srcset=\"https:\/\/www.medellin.gov.co\/es\/wp-content\/uploads\/2026\/02\/Imagen-Calidad-del-Aire-AMVA-5.jpg 478w, https:\/\/www.medellin.gov.co\/es\/wp-content\/uploads\/2026\/02\/Imagen-Calidad-del-Aire-AMVA-5-169x300.jpg 169w, https:\/\/www.medellin.gov.co\/es\/wp-content\/uploads\/2026\/02\/Imagen-Calidad-del-Aire-AMVA-5-84x150.jpg 84w\" sizes=\"(max-width: 478px) 100vw, 478px\" \/><\/a>\n\t\t\t<\/dt><\/dl><br style=\"clear: both\" \/>\n\t\t<\/div>\n\n<p>Entre ellos se encuentran las emisiones provenientes del sector transporte e industria, las condiciones meteorol\u00f3gicas locales \u2014que pueden verse moduladas por fen\u00f3menos clim\u00e1ticos externos\u2014 y el ingreso de masas de aire contaminadas generadas por incendios forestales fuera del territorio metropolitano.<\/p>\n<p>Desde el Sistema de Alerta Temprana del Valle de Aburr\u00e1 (SIATA) se tiene proyectado que entre el 23 de febrero y el 21 de marzo, existe una probabilidad que se registren condiciones desfavorables en la calidad del aire.<\/p>\n<p>\u201cDurante este periodo hacemos un llamado a la ciudadan\u00eda a que est\u00e9n atentos a los canales oficiales del <a href=\"https:\/\/www.metropol.gov.co\/\" target=\"_blank\" rel=\"noopener\">\u00c1rea Metropolitana del Valle de Aburr\u00e1<\/a> y de nuestro proyecto SIATA, para conocer si est\u00e1s condiciones en la calidad de aire cambian y si se hace necesario tomar medidas. En 2025, gracias al monitoreo permanente, a las estrategias adelantadas, al aporte ciudadano y a los esfuerzos generados por el Distrito de Medell\u00edn y los nueve municipios en el cumplimiento del Plan Integral de Gesti\u00f3n de la Calidad del Aire (PIGECA), no tuvimos que declarar nivel de prevenci\u00f3n, pese que pasamos por los periodos de gesti\u00f3n\u201d, se\u00f1al\u00f3 Paula Andrea Palacio Salazar, directora del \u00c1rea Metropolitana del Valle de Aburr\u00e1.<\/p>\n<p><img loading=\"lazy\" class=\"alignnone wp-image-500711 size-full\" title=\"Calidad del Aire AMVA\" src=\"https:\/\/www.medellin.gov.co\/es\/wp-content\/uploads\/2026\/02\/Imagen-Calidad-del-Aire-AMVA-1.jpg\" alt=\"Imagen Calidad del Aire AMVA (1)\" width=\"1274\" height=\"850\" srcset=\"https:\/\/www.medellin.gov.co\/es\/wp-content\/uploads\/2026\/02\/Imagen-Calidad-del-Aire-AMVA-1.jpg 1274w, https:\/\/www.medellin.gov.co\/es\/wp-content\/uploads\/2026\/02\/Imagen-Calidad-del-Aire-AMVA-1-300x200.jpg 300w, https:\/\/www.medellin.gov.co\/es\/wp-content\/uploads\/2026\/02\/Imagen-Calidad-del-Aire-AMVA-1-1024x683.jpg 1024w, https:\/\/www.medellin.gov.co\/es\/wp-content\/uploads\/2026\/02\/Imagen-Calidad-del-Aire-AMVA-1-150x100.jpg 150w, https:\/\/www.medellin.gov.co\/es\/wp-content\/uploads\/2026\/02\/Imagen-Calidad-del-Aire-AMVA-1-768x512.jpg 768w\" sizes=\"(max-width: 1274px) 100vw, 1274px\" \/><\/p>\n<p>Invitaci\u00f3n a acciones voluntarias y diferenciales Reconociendo que estos periodos se presentan cada a\u00f1o, el \u00c1rea Metropolitana ha invitado a los sectores acad\u00e9mico, empresarial e institucional a implementar acciones voluntarias que contribuyan a reducir emisiones durante estas semanas cr\u00edticas.<\/p>\n<p>Entre las medidas recomendadas se encuentran:<\/p>\n<ul>\n<li>Escalonamiento de horarios laborales y fomento del trabajo remoto.<\/li>\n<li>Reducci\u00f3n de desplazamientos en transporte particular.<\/li>\n<li>Promoci\u00f3n de la virtualidad en instituciones de educaci\u00f3n superior.<\/li>\n<li>Reforzamiento de los Planes de Movilidad Empresarial Sostenible (Planes MES).<\/li>\n<li>Implementaci\u00f3n de iniciativas de movilidad sostenible en entidades no obligadas a Planes MES.<\/li>\n<li>Medidas complementarias como d\u00eda sin carro voluntario, regulaci\u00f3n del estacionamiento, teletrabajo, co-working, rutas empresariales y campa\u00f1as de concienciaci\u00f3n sobre calidad del aire y conducci\u00f3n ecoeficiente.<\/li>\n<\/ul>\n\n\t\t<style type=\"text\/css\">\n\t\t\t#gallery-2 {\n\t\t\t\tmargin: auto;\n\t\t\t}\n\t\t\t#gallery-2 .gallery-item {\n\t\t\t\tfloat: left;\n\t\t\t\tmargin-top: 10px;\n\t\t\t\ttext-align: center;\n\t\t\t\twidth: 50%;\n\t\t\t}\n\t\t\t#gallery-2 img {\n\t\t\t\tborder: 2px solid #cfcfcf;\n\t\t\t}\n\t\t\t#gallery-2 .gallery-caption {\n\t\t\t\tmargin-left: 0;\n\t\t\t}\n\t\t\t\/* see gallery_shortcode() in wp-includes\/media.php *\/\n\t\t<\/style>\n\t\t<div id='gallery-2' class='gallery galleryid-500686 gallery-columns-2 gallery-size-full'><dl class='gallery-item'>\n\t\t\t<dt class='gallery-icon portrait'>\n\t\t\t\t<a href='https:\/\/www.medellin.gov.co\/es\/sala-de-prensa\/noticias\/la-calidad-del-aire-se-construye-entre-todos-invitacion-a-actuar-de-forma-preventiva\/imagen-calidad-del-aire-amva-7\/'><img width=\"478\" height=\"850\" src=\"https:\/\/www.medellin.gov.co\/es\/wp-content\/uploads\/2026\/02\/Imagen-Calidad-del-Aire-AMVA-7.jpg\" class=\"attachment-full size-full\" alt=\"Imagen Calidad del Aire AMVA (7)\" loading=\"lazy\" srcset=\"https:\/\/www.medellin.gov.co\/es\/wp-content\/uploads\/2026\/02\/Imagen-Calidad-del-Aire-AMVA-7.jpg 478w, https:\/\/www.medellin.gov.co\/es\/wp-content\/uploads\/2026\/02\/Imagen-Calidad-del-Aire-AMVA-7-169x300.jpg 169w, https:\/\/www.medellin.gov.co\/es\/wp-content\/uploads\/2026\/02\/Imagen-Calidad-del-Aire-AMVA-7-84x150.jpg 84w\" sizes=\"(max-width: 478px) 100vw, 478px\" \/><\/a>\n\t\t\t<\/dt><\/dl><dl class='gallery-item'>\n\t\t\t<dt class='gallery-icon portrait'>\n\t\t\t\t<a href='https:\/\/www.medellin.gov.co\/es\/sala-de-prensa\/noticias\/la-calidad-del-aire-se-construye-entre-todos-invitacion-a-actuar-de-forma-preventiva\/imagen-calidad-del-aire-amva-6\/'><img width=\"478\" height=\"850\" src=\"https:\/\/www.medellin.gov.co\/es\/wp-content\/uploads\/2026\/02\/Imagen-Calidad-del-Aire-AMVA-6.jpg\" class=\"attachment-full size-full\" alt=\"Imagen Calidad del Aire AMVA (6)\" loading=\"lazy\" srcset=\"https:\/\/www.medellin.gov.co\/es\/wp-content\/uploads\/2026\/02\/Imagen-Calidad-del-Aire-AMVA-6.jpg 478w, https:\/\/www.medellin.gov.co\/es\/wp-content\/uploads\/2026\/02\/Imagen-Calidad-del-Aire-AMVA-6-169x300.jpg 169w, https:\/\/www.medellin.gov.co\/es\/wp-content\/uploads\/2026\/02\/Imagen-Calidad-del-Aire-AMVA-6-84x150.jpg 84w\" sizes=\"(max-width: 478px) 100vw, 478px\" \/><\/a>\n\t\t\t<\/dt><\/dl><br style=\"clear: both\" \/>\n\t\t<\/div>\n\n<p>Las decisiones sobre eventuales medidas restrictivas dependen exclusivamente del comportamiento real de las concentraciones contaminantes. En 2025, el Valle de Aburr\u00e1 no alcanz\u00f3 niveles de prevenci\u00f3n que obligaran a implementar medidas como el pico y placa ambiental, lo que demuestra la efectividad del seguimiento t\u00e9cnico y la corresponsabilidad ciudadana.<\/p>\n<p>La gesti\u00f3n de la calidad del aire es una tarea colectiva. La reducci\u00f3n de emisiones no depende \u00fanicamente de medidas restrictivas, sino tambi\u00e9n de la planificaci\u00f3n anticipada y la adopci\u00f3n de buenas pr\u00e1cticas por parte de empresas, instituciones y ciudadan\u00eda.<\/p>\n<p><img loading=\"lazy\" class=\"alignnone wp-image-500709 size-full\" title=\"Calidad del Aire AMVA\" src=\"https:\/\/www.medellin.gov.co\/es\/wp-content\/uploads\/2026\/02\/Imagen-Calidad-del-Aire-AMVA-3.jpg\" alt=\"Imagen Calidad del Aire AMVA (3)\" width=\"1274\" height=\"850\" srcset=\"https:\/\/www.medellin.gov.co\/es\/wp-content\/uploads\/2026\/02\/Imagen-Calidad-del-Aire-AMVA-3.jpg 1274w, https:\/\/www.medellin.gov.co\/es\/wp-content\/uploads\/2026\/02\/Imagen-Calidad-del-Aire-AMVA-3-300x200.jpg 300w, https:\/\/www.medellin.gov.co\/es\/wp-content\/uploads\/2026\/02\/Imagen-Calidad-del-Aire-AMVA-3-1024x683.jpg 1024w, https:\/\/www.medellin.gov.co\/es\/wp-content\/uploads\/2026\/02\/Imagen-Calidad-del-Aire-AMVA-3-150x100.jpg 150w, https:\/\/www.medellin.gov.co\/es\/wp-content\/uploads\/2026\/02\/Imagen-Calidad-del-Aire-AMVA-3-768x512.jpg 768w\" sizes=\"(max-width: 1274px) 100vw, 1274px\" \/><\/p>\n<p>El \u00c1rea Metropolitana del Valle de Aburr\u00e1 reitera su compromiso con la transparencia, el monitoreo permanente y la toma de decisiones basada en evidencia t\u00e9cnica, e invita a toda la ciudadan\u00eda a informarse a trav\u00e9s de los canales oficiales del SIATA y la entidad.<\/p>\n","protected":false},"excerpt":{"rendered":"<p>El Valle de Aburr\u00e1 presenta durante dos periodos al a\u00f1o incremento en las condiciones que disminuyen la calidad del aire. La red de monitoreo de calidad del aire, registra 24\/7 las condiciones y est\u00e1 disponible &#8230;<\/p>\n","protected":false},"author":95,"featured_media":500697,"comment_status":"open","ping_status":"open","sticky":false,"template":"","format":"standard","meta":[],"categories":[13],"tags":[436],"formato_nota":[],"programas_tax":[],"acf":[],"_links":{"self":[{"href":"https:\/\/www.medellin.gov.co\/es\/wp-json\/wp\/v2\/posts\/500686"}],"collection":[{"href":"https:\/\/www.medellin.gov.co\/es\/wp-json\/wp\/v2\/posts"}],"about":[{"href":"https:\/\/www.medellin.gov.co\/es\/wp-json\/wp\/v2\/types\/post"}],"author":[{"embeddable":true,"href":"https:\/\/www.medellin.gov.co\/es\/wp-json\/wp\/v2\/users\/95"}],"replies":[{"embeddable":true,"href":"https:\/\/www.medellin.gov.co\/es\/wp-json\/wp\/v2\/comments?post=500686"}],"version-history":[{"count":3,"href":"https:\/\/www.medellin.gov.co\/es\/wp-json\/wp\/v2\/posts\/500686\/revisions"}],"predecessor-version":[{"id":501979,"href":"https:\/\/www.medellin.gov.co\/es\/wp-json\/wp\/v2\/posts\/500686\/revisions\/501979"}],"wp:featuredmedia":[{"embeddable":true,"href":"https:\/\/www.medellin.gov.co\/es\/wp-json\/wp\/v2\/media\/500697"}],"wp:attachment":[{"href":"https:\/\/www.medellin.gov.co\/es\/wp-json\/wp\/v2\/media?parent=500686"}],"wp:term":[{"taxonomy":"category","embeddable":true,"href":"https:\/\/www.medellin.gov.co\/es\/wp-json\/wp\/v2\/categories?post=500686"},{"taxonomy":"post_tag","embeddable":true,"href":"https:\/\/www.medellin.gov.co\/es\/wp-json\/wp\/v2\/tags?post=500686"},{"taxonomy":"formato_nota","embeddable":true,"href":"https:\/\/www.medellin.gov.co\/es\/wp-json\/wp\/v2\/formato_nota?post=500686"},{"taxonomy":"programas_tax","embeddable":true,"href":"https:\/\/www.medellin.gov.co\/es\/wp-json\/wp\/v2\/programas_tax?post=500686"}],"curies":[{"name":"wp","href":"https:\/\/api.w.org\/{rel}","templated":true}]}}