{"id":500819,"date":"2026-02-20T19:55:32","date_gmt":"2026-02-21T00:55:32","guid":{"rendered":"https:\/\/www.medellin.gov.co\/es\/?p=500819"},"modified":"2026-02-20T19:55:32","modified_gmt":"2026-02-21T00:55:32","slug":"667-ninas-ninos-y-adolescentes-con-discapacidad-intelectual-han-recibido-atencion-en-centro-integrado","status":"publish","type":"post","link":"https:\/\/www.medellin.gov.co\/es\/sala-de-prensa\/noticias\/667-ninas-ninos-y-adolescentes-con-discapacidad-intelectual-han-recibido-atencion-en-centro-integrado\/","title":{"rendered":"667 ni\u00f1as, ni\u00f1os y adolescentes con discapacidad intelectual han recibido atenci\u00f3n en Centro Integrado"},"content":{"rendered":"<ul>\n<li>Los beneficiarios reciben orientaci\u00f3n pedag\u00f3gica, talleres formativos y apoyo familiar.<\/li>\n<li>El Distrito fortalece la atenci\u00f3n con nueva dotaci\u00f3n para mejorar los espacios pedag\u00f3gicos y de acompa\u00f1amiento.<\/li>\n<\/ul>\n<!--[if lt IE 9]><script>document.createElement('audio');<\/script><![endif]-->\n\t<div class=\"wp-playlist wp-audio-playlist wp-playlist-light\">\n\t\t\t<div class=\"wp-playlist-current-item\"><\/div>\n\t\t<audio controls=\"controls\" preload=\"none\" width=\"640\"\n\t\t\t><\/audio>\n\t<div class=\"wp-playlist-next\"><\/div>\n\t<div class=\"wp-playlist-prev\"><\/div>\n\t<noscript>\n\t<ol>\n\t\t<li><a href='https:\/\/www.medellin.gov.co\/es\/wp-content\/uploads\/2026\/02\/de-la-secretaria-de-Inclusion-Social-y-Familia-Luz-Maria-Ramirez.mp3'>de la secretaria de Inclusi\u00f3n Social y Familia, Luz Mar\u00eda Ram\u00edrez<\/a><\/li><li><a href='https:\/\/www.medellin.gov.co\/es\/wp-content\/uploads\/2026\/02\/Declaraciones-de-la-beneficiaria-Valeria-Bustamante.mp3'>Declaraciones de la beneficiaria, Valeria Bustamante<\/a><\/li>\t<\/ol>\n\t<\/noscript>\n\t<script type=\"application\/json\" class=\"wp-playlist-script\">{\"type\":\"audio\",\"tracklist\":true,\"tracknumbers\":true,\"images\":true,\"artists\":true,\"tracks\":[{\"src\":\"https:\\\/\\\/www.medellin.gov.co\\\/es\\\/wp-content\\\/uploads\\\/2026\\\/02\\\/de-la-secretaria-de-Inclusion-Social-y-Familia-Luz-Maria-Ramirez.mp3\",\"type\":\"audio\\\/mpeg\",\"title\":\"de la secretaria de Inclusi\\u00f3n Social y Familia, Luz Mar\\u00eda Ram\\u00edrez\",\"caption\":\"\",\"description\":\"\\u00abde la secretaria de Inclusi\\u00f3n Social y Familia, Luz Mar\\u00eda Ram\\u00edrez\\u00bb. G\\u00e9nero: Blues.\",\"meta\":{\"genre\":\"Blues\",\"length_formatted\":\"0:35\"},\"image\":{\"src\":\"https:\\\/\\\/www.medellin.gov.co\\\/es\\\/wp-includes\\\/images\\\/media\\\/audio.png\",\"width\":48,\"height\":64},\"thumb\":{\"src\":\"https:\\\/\\\/www.medellin.gov.co\\\/es\\\/wp-includes\\\/images\\\/media\\\/audio.png\",\"width\":48,\"height\":64}},{\"src\":\"https:\\\/\\\/www.medellin.gov.co\\\/es\\\/wp-content\\\/uploads\\\/2026\\\/02\\\/Declaraciones-de-la-beneficiaria-Valeria-Bustamante.mp3\",\"type\":\"audio\\\/mpeg\",\"title\":\"Declaraciones de la beneficiaria, Valeria Bustamante\",\"caption\":\"\",\"description\":\"\\u00abDeclaraciones de la beneficiaria, Valeria Bustamante\\u00bb. \",\"meta\":{\"genre\":\"Blues\",\"length_formatted\":\"0:23\"},\"image\":{\"src\":\"https:\\\/\\\/www.medellin.gov.co\\\/es\\\/wp-includes\\\/images\\\/media\\\/audio.png\",\"width\":48,\"height\":64},\"thumb\":{\"src\":\"https:\\\/\\\/www.medellin.gov.co\\\/es\\\/wp-includes\\\/images\\\/media\\\/audio.png\",\"width\":48,\"height\":64}}]}<\/script>\n<\/div>\n\t\n<p>La Alcald\u00eda de <a href=\"https:\/\/www.instagram.com\/alcaldiademed\/?hl=es-la\" target=\"_blank\" rel=\"noopener\">Medell\u00edn<\/a> afianza la atenci\u00f3n de ni\u00f1as, ni\u00f1os y adolescentes con discapacidad intelectual a trav\u00e9s del Centro Integrado, donde 667 participantes han recibido acompa\u00f1amiento integral durante la actual administraci\u00f3n.<\/p>\n<p>Este proceso promueve el desarrollo de habilidades, la autonom\u00eda y la inclusi\u00f3n social mediante estrategias pedag\u00f3gicas, talleres formativos, semilleros y procesos vocacionales que contribuyen a la construcci\u00f3n de sus proyectos de vida. Para 2026, la meta es atender a 200 ni\u00f1as, ni\u00f1os y adolescentes en las modalidades de permanencia y alternancia.<\/p>\n<p><a href=\"https:\/\/www.medellin.gov.co\/es\/wp-content\/uploads\/2026\/02\/Imagen-de-jovenes-en-computadores.jpg\" target=\"_blank\" rel=\"noopener\"><img loading=\"lazy\" class=\"alignnone wp-image-500846 size-full\" title=\"j\u00f3venes en computadores\" src=\"https:\/\/www.medellin.gov.co\/es\/wp-content\/uploads\/2026\/02\/Imagen-de-jovenes-en-computadores.jpg\" alt=\"Imagen de j\u00f3venes en computadores\" width=\"1141\" height=\"760\" srcset=\"https:\/\/www.medellin.gov.co\/es\/wp-content\/uploads\/2026\/02\/Imagen-de-jovenes-en-computadores.jpg 1141w, https:\/\/www.medellin.gov.co\/es\/wp-content\/uploads\/2026\/02\/Imagen-de-jovenes-en-computadores-300x200.jpg 300w, https:\/\/www.medellin.gov.co\/es\/wp-content\/uploads\/2026\/02\/Imagen-de-jovenes-en-computadores-1024x682.jpg 1024w, https:\/\/www.medellin.gov.co\/es\/wp-content\/uploads\/2026\/02\/Imagen-de-jovenes-en-computadores-150x100.jpg 150w, https:\/\/www.medellin.gov.co\/es\/wp-content\/uploads\/2026\/02\/Imagen-de-jovenes-en-computadores-768x512.jpg 768w\" sizes=\"(max-width: 1141px) 100vw, 1141px\" \/><\/a><\/p>\n<p>\u201c<em>Hoy, desde el Centro Integrado, hemos atendido a m\u00e1s de 600 ni\u00f1as, ni\u00f1os y adolescentes, a quienes no solo les ofrecemos actividades recreativas, sino espacios l\u00fadicos y vocacionales que fortalecen sus capacidades. Con esta nueva entrega de dotaci\u00f3n para las aulas, favorecemos sus condiciones de aprendizaje y mejoramos su bienestar<\/em>\u201d, afirm\u00f3 la secretaria de Inclusi\u00f3n Social y Familia, Luz Mar\u00eda Ram\u00edrez.<\/p>\n<p>La Administraci\u00f3n Distrital realiz\u00f3 la entrega de nueva dotaci\u00f3n de mobiliario, optimizando los espacios donde se desarrollan los procesos pedag\u00f3gicos y formativos. La adecuaci\u00f3n de estos entornos propicia condiciones m\u00e1s seguras y apropiadas para el aprendizaje, la interacci\u00f3n social y el desarrollo integral de los participantes.<\/p>\n<p><a href=\"https:\/\/www.medellin.gov.co\/es\/wp-content\/uploads\/2026\/02\/Imagen-de-jovenes-estudiando.jpg\" target=\"_blank\" rel=\"noopener\"><img loading=\"lazy\" class=\"alignnone wp-image-500842 size-full\" title=\"j\u00f3venes estudiando\" src=\"https:\/\/www.medellin.gov.co\/es\/wp-content\/uploads\/2026\/02\/Imagen-de-jovenes-estudiando.jpg\" alt=\"Imagen de j\u00f3venes estudiando\" width=\"1141\" height=\"760\" srcset=\"https:\/\/www.medellin.gov.co\/es\/wp-content\/uploads\/2026\/02\/Imagen-de-jovenes-estudiando.jpg 1141w, https:\/\/www.medellin.gov.co\/es\/wp-content\/uploads\/2026\/02\/Imagen-de-jovenes-estudiando-300x200.jpg 300w, https:\/\/www.medellin.gov.co\/es\/wp-content\/uploads\/2026\/02\/Imagen-de-jovenes-estudiando-1024x682.jpg 1024w, https:\/\/www.medellin.gov.co\/es\/wp-content\/uploads\/2026\/02\/Imagen-de-jovenes-estudiando-150x100.jpg 150w, https:\/\/www.medellin.gov.co\/es\/wp-content\/uploads\/2026\/02\/Imagen-de-jovenes-estudiando-768x512.jpg 768w\" sizes=\"(max-width: 1141px) 100vw, 1141px\" \/><\/a><\/p>\n<p>\u201c<em>Hago parte del avanzado 1 del Centro Integrado. Aqu\u00ed ense\u00f1an arte, m\u00fasica, danza, deportes y muchas cosas m\u00e1s. Tengo a mi profe Marce, que me ha ense\u00f1ado varias cosas, al psic\u00f3logo, al trabajador social y a la coordinadora. Gracias a la Alcald\u00eda de Medell\u00edn por hacer esto parte de nosotros<\/em>\u201d, dijo Valeria Bustamante, beneficiaria.<\/p>\n<p>Adem\u00e1s, el Centro Integrado acompa\u00f1a a las familias mediante intervenciones grupales sobre vida independiente, autocuidado, convivencia, salud y garant\u00eda de derechos.<\/p>\n","protected":false},"excerpt":{"rendered":"<p>Los beneficiarios reciben orientaci\u00f3n pedag\u00f3gica, talleres formativos y apoyo familiar. El Distrito fortalece la atenci\u00f3n con nueva dotaci\u00f3n para mejorar los espacios pedag\u00f3gicos y de acompa\u00f1amiento. La Alcald\u00eda de Medell\u00edn afianza la atenci\u00f3n de ni\u00f1as, &#8230;<\/p>\n","protected":false},"author":21,"featured_media":500831,"comment_status":"open","ping_status":"open","sticky":false,"template":"","format":"standard","meta":[],"categories":[706],"tags":[451,455],"formato_nota":[],"programas_tax":[],"acf":[],"_links":{"self":[{"href":"https:\/\/www.medellin.gov.co\/es\/wp-json\/wp\/v2\/posts\/500819"}],"collection":[{"href":"https:\/\/www.medellin.gov.co\/es\/wp-json\/wp\/v2\/posts"}],"about":[{"href":"https:\/\/www.medellin.gov.co\/es\/wp-json\/wp\/v2\/types\/post"}],"author":[{"embeddable":true,"href":"https:\/\/www.medellin.gov.co\/es\/wp-json\/wp\/v2\/users\/21"}],"replies":[{"embeddable":true,"href":"https:\/\/www.medellin.gov.co\/es\/wp-json\/wp\/v2\/comments?post=500819"}],"version-history":[{"count":1,"href":"https:\/\/www.medellin.gov.co\/es\/wp-json\/wp\/v2\/posts\/500819\/revisions"}],"predecessor-version":[{"id":500854,"href":"https:\/\/www.medellin.gov.co\/es\/wp-json\/wp\/v2\/posts\/500819\/revisions\/500854"}],"wp:featuredmedia":[{"embeddable":true,"href":"https:\/\/www.medellin.gov.co\/es\/wp-json\/wp\/v2\/media\/500831"}],"wp:attachment":[{"href":"https:\/\/www.medellin.gov.co\/es\/wp-json\/wp\/v2\/media?parent=500819"}],"wp:term":[{"taxonomy":"category","embeddable":true,"href":"https:\/\/www.medellin.gov.co\/es\/wp-json\/wp\/v2\/categories?post=500819"},{"taxonomy":"post_tag","embeddable":true,"href":"https:\/\/www.medellin.gov.co\/es\/wp-json\/wp\/v2\/tags?post=500819"},{"taxonomy":"formato_nota","embeddable":true,"href":"https:\/\/www.medellin.gov.co\/es\/wp-json\/wp\/v2\/formato_nota?post=500819"},{"taxonomy":"programas_tax","embeddable":true,"href":"https:\/\/www.medellin.gov.co\/es\/wp-json\/wp\/v2\/programas_tax?post=500819"}],"curies":[{"name":"wp","href":"https:\/\/api.w.org\/{rel}","templated":true}]}}