{"id":500856,"date":"2026-02-20T20:03:20","date_gmt":"2026-02-21T01:03:20","guid":{"rendered":"https:\/\/www.medellin.gov.co\/es\/?p=500856"},"modified":"2026-02-20T20:03:20","modified_gmt":"2026-02-21T01:03:20","slug":"con-parchemos-en-medellin-se-benefician-mas-de-5-200-ninos-al-fortalecer-las-habilidades-de-sus-padres-madres-y-cuidadoras","status":"publish","type":"post","link":"https:\/\/www.medellin.gov.co\/es\/sala-de-prensa\/noticias\/con-parchemos-en-medellin-se-benefician-mas-de-5-200-ninos-al-fortalecer-las-habilidades-de-sus-padres-madres-y-cuidadoras\/","title":{"rendered":"Con Parchemos, en Medell\u00edn se benefician m\u00e1s de 5.200 ni\u00f1os al fortalecer las habilidades de sus padres, madres y cuidadoras"},"content":{"rendered":"<ul>\n<li>Esta estrategia busca, a trav\u00e9s de seis modalidades, que ni\u00f1as, ni\u00f1os y adolescentes, entre los 6 y 17 a\u00f1os, aprovechen su tiempo libre.<\/li>\n<li>\u2060Los encuentros con las familias hacen parte de las acciones transversales de Tejiendo Hogares, para fortalecer las capacidades de los miembros del hogar.<\/li>\n<\/ul>\n<!--[if lt IE 9]><script>document.createElement('audio');<\/script><![endif]-->\n\t<div class=\"wp-playlist wp-audio-playlist wp-playlist-light\">\n\t\t\t<div class=\"wp-playlist-current-item\"><\/div>\n\t\t<audio controls=\"controls\" preload=\"none\" width=\"640\"\n\t\t\t><\/audio>\n\t<div class=\"wp-playlist-next\"><\/div>\n\t<div class=\"wp-playlist-prev\"><\/div>\n\t<noscript>\n\t<ol>\n\t\t<li><a href='https:\/\/www.medellin.gov.co\/es\/wp-content\/uploads\/2026\/02\/Declaraciones-de-la-primera-dama-Margarita-Maria-Gomez-Marin.mp3'>Declaraciones de la primera dama, Margarita Mar\u00eda G\u00f3mez Mar\u00edn<\/a><\/li>\t<\/ol>\n\t<\/noscript>\n\t<script type=\"application\/json\" class=\"wp-playlist-script\">{\"type\":\"audio\",\"tracklist\":true,\"tracknumbers\":true,\"images\":true,\"artists\":true,\"tracks\":[{\"src\":\"https:\\\/\\\/www.medellin.gov.co\\\/es\\\/wp-content\\\/uploads\\\/2026\\\/02\\\/Declaraciones-de-la-primera-dama-Margarita-Maria-Gomez-Marin.mp3\",\"type\":\"audio\\\/mpeg\",\"title\":\"Declaraciones de la primera dama, Margarita Mar\\u00eda G\\u00f3mez Mar\\u00edn\",\"caption\":\"\",\"description\":\"\\u00abDeclaraciones de la primera dama, Margarita Mar\\u00eda G\\u00f3mez Mar\\u00edn\\u00bb. \",\"meta\":{\"genre\":\"Blues\",\"length_formatted\":\"0:58\"},\"image\":{\"src\":\"https:\\\/\\\/www.medellin.gov.co\\\/es\\\/wp-includes\\\/images\\\/media\\\/audio.png\",\"width\":48,\"height\":64},\"thumb\":{\"src\":\"https:\\\/\\\/www.medellin.gov.co\\\/es\\\/wp-includes\\\/images\\\/media\\\/audio.png\",\"width\":48,\"height\":64}}]}<\/script>\n<\/div>\n\t\n<p>El bienestar de ni\u00f1as, ni\u00f1os y adolescentes de <a href=\"https:\/\/www.instagram.com\/alcaldiademed\/?hl=es-la\" target=\"_blank\" rel=\"noopener\">Medell\u00edn<\/a> es una prioridad para la Administraci\u00f3n Distrital. La garant\u00eda de ese logro tiene que ver con el acompa\u00f1amiento que se realiza a padres y cuidadores, por medio de estrategias como Parchemos, liderada por el Despacho de la Primera Dama y su programa Tejiendo Hogares, en alianza con la Secretar\u00eda de Inclusi\u00f3n Social y Familia, adem\u00e1s de la de Paz y Derechos Humanos.<\/p>\n<p>De esta manera, la Alcald\u00eda de Medell\u00edn les lleg\u00f3 a 920 familias a trav\u00e9s de 92 encuentros formativos, orientados a fortalecer habilidades parentales y a acompa\u00f1ar el talento y los proyectos de vida de sus hijos.<\/p>\n<p><a href=\"https:\/\/www.medellin.gov.co\/es\/wp-content\/uploads\/2026\/02\/Imagen-de-mujeres-recibiendo-una-capacitacion.jpg\" target=\"_blank\" rel=\"noopener\"><img loading=\"lazy\" class=\"alignnone wp-image-500833 size-full\" title=\"mujeres recibiendo una capacitaci\u00f3n\" src=\"https:\/\/www.medellin.gov.co\/es\/wp-content\/uploads\/2026\/02\/Imagen-de-mujeres-recibiendo-una-capacitacion.jpg\" alt=\"Imagen de mujeres recibiendo una capacitaci\u00f3n\" width=\"1141\" height=\"760\" srcset=\"https:\/\/www.medellin.gov.co\/es\/wp-content\/uploads\/2026\/02\/Imagen-de-mujeres-recibiendo-una-capacitacion.jpg 1141w, https:\/\/www.medellin.gov.co\/es\/wp-content\/uploads\/2026\/02\/Imagen-de-mujeres-recibiendo-una-capacitacion-300x200.jpg 300w, https:\/\/www.medellin.gov.co\/es\/wp-content\/uploads\/2026\/02\/Imagen-de-mujeres-recibiendo-una-capacitacion-1024x682.jpg 1024w, https:\/\/www.medellin.gov.co\/es\/wp-content\/uploads\/2026\/02\/Imagen-de-mujeres-recibiendo-una-capacitacion-150x100.jpg 150w, https:\/\/www.medellin.gov.co\/es\/wp-content\/uploads\/2026\/02\/Imagen-de-mujeres-recibiendo-una-capacitacion-768x512.jpg 768w\" sizes=\"(max-width: 1141px) 100vw, 1141px\" \/><\/a><\/p>\n<p>Esta iniciativa beneficia a m\u00e1s de 5.200 ni\u00f1as, ni\u00f1os y adolescentes, al promover el aprovechamiento del tiempo libre a trav\u00e9s de diferentes modalidades deportivas, art\u00edsticas y recreativas.<\/p>\n<p>\u201c<em>Nuestro prop\u00f3sito es que cada ni\u00f1a, ni\u00f1o y adolescente, que hace parte de Parchemos, no solo encuentre oportunidades en su tiempo libre, sino un hogar que impulse sus capacidades y crea en su potencial. No se trata \u00fanicamente de ofrecer actividades deportivas, art\u00edsticas o recreativas, sino de construir entornos protectores donde se sientan escuchados, acompa\u00f1ados y motivados. Las familias son muy importantes<\/em>\u201d, afirm\u00f3 la primera dama, Margarita Mar\u00eda G\u00f3mez Mar\u00edn.<\/p>\n<p>Como parte de su enfoque integral, la iniciativa vincula activamente a las familias, entendiendo que el desarrollo del talento y la construcci\u00f3n de proyectos de vida s\u00f3lidos requieren entornos protectores, comunicaci\u00f3n efectiva y v\u00ednculos basados en la confianza.<\/p>\n<p><a href=\"https:\/\/www.medellin.gov.co\/es\/wp-content\/uploads\/2026\/02\/Imagen-de-mujer-con-sus-hijos-en-evento-deportivo.jpg\" target=\"_blank\" rel=\"noopener\"><img loading=\"lazy\" class=\"alignnone wp-image-500836 size-full\" title=\"mujer con sus hijos en evento deportivo\" src=\"https:\/\/www.medellin.gov.co\/es\/wp-content\/uploads\/2026\/02\/Imagen-de-mujer-con-sus-hijos-en-evento-deportivo.jpg\" alt=\"Imagen de mujer con sus hijos en evento deportivo\" width=\"1141\" height=\"760\" srcset=\"https:\/\/www.medellin.gov.co\/es\/wp-content\/uploads\/2026\/02\/Imagen-de-mujer-con-sus-hijos-en-evento-deportivo.jpg 1141w, https:\/\/www.medellin.gov.co\/es\/wp-content\/uploads\/2026\/02\/Imagen-de-mujer-con-sus-hijos-en-evento-deportivo-300x200.jpg 300w, https:\/\/www.medellin.gov.co\/es\/wp-content\/uploads\/2026\/02\/Imagen-de-mujer-con-sus-hijos-en-evento-deportivo-1024x682.jpg 1024w, https:\/\/www.medellin.gov.co\/es\/wp-content\/uploads\/2026\/02\/Imagen-de-mujer-con-sus-hijos-en-evento-deportivo-150x100.jpg 150w, https:\/\/www.medellin.gov.co\/es\/wp-content\/uploads\/2026\/02\/Imagen-de-mujer-con-sus-hijos-en-evento-deportivo-768x512.jpg 768w\" sizes=\"(max-width: 1141px) 100vw, 1141px\" \/><\/a><\/p>\n<p>Durante los encuentros, los participantes fortalecen herramientas de comunicaci\u00f3n asertiva, establecimiento de l\u00edmites claros y amorosos, y acompa\u00f1amiento desde la empat\u00eda. Todos ellos son elementos fundamentales para potenciar las habilidades de ni\u00f1os y adolescentes, y prevenir situaciones de riesgo.<\/p>\n<p>Con esta apuesta, Tejiendo Hogares reafirma su compromiso con la prevenci\u00f3n de violencias, la promoci\u00f3n del bienestar y el fortalecimiento de las capacidades familiares. La articulaci\u00f3n institucional busca consolidar hogares que impulsen el talento, fomenten la confianza y acompa\u00f1en de manera activa el crecimiento integral de la ni\u00f1ez y la juventud.<\/p>\n<p>Los encuentros se realizar\u00e1n semanalmente y de acuerdo con la programaci\u00f3n de Parchemos en comunas y corregimientos.<\/p>\n","protected":false},"excerpt":{"rendered":"<p>Esta estrategia busca, a trav\u00e9s de seis modalidades, que ni\u00f1as, ni\u00f1os y adolescentes, entre los 6 y 17 a\u00f1os, aprovechen su tiempo libre. \u2060Los encuentros con las familias hacen parte de las acciones transversales de &#8230;<\/p>\n","protected":false},"author":21,"featured_media":500835,"comment_status":"open","ping_status":"open","sticky":false,"template":"","format":"standard","meta":[],"categories":[285],"tags":[451],"formato_nota":[],"programas_tax":[],"acf":[],"_links":{"self":[{"href":"https:\/\/www.medellin.gov.co\/es\/wp-json\/wp\/v2\/posts\/500856"}],"collection":[{"href":"https:\/\/www.medellin.gov.co\/es\/wp-json\/wp\/v2\/posts"}],"about":[{"href":"https:\/\/www.medellin.gov.co\/es\/wp-json\/wp\/v2\/types\/post"}],"author":[{"embeddable":true,"href":"https:\/\/www.medellin.gov.co\/es\/wp-json\/wp\/v2\/users\/21"}],"replies":[{"embeddable":true,"href":"https:\/\/www.medellin.gov.co\/es\/wp-json\/wp\/v2\/comments?post=500856"}],"version-history":[{"count":1,"href":"https:\/\/www.medellin.gov.co\/es\/wp-json\/wp\/v2\/posts\/500856\/revisions"}],"predecessor-version":[{"id":500859,"href":"https:\/\/www.medellin.gov.co\/es\/wp-json\/wp\/v2\/posts\/500856\/revisions\/500859"}],"wp:featuredmedia":[{"embeddable":true,"href":"https:\/\/www.medellin.gov.co\/es\/wp-json\/wp\/v2\/media\/500835"}],"wp:attachment":[{"href":"https:\/\/www.medellin.gov.co\/es\/wp-json\/wp\/v2\/media?parent=500856"}],"wp:term":[{"taxonomy":"category","embeddable":true,"href":"https:\/\/www.medellin.gov.co\/es\/wp-json\/wp\/v2\/categories?post=500856"},{"taxonomy":"post_tag","embeddable":true,"href":"https:\/\/www.medellin.gov.co\/es\/wp-json\/wp\/v2\/tags?post=500856"},{"taxonomy":"formato_nota","embeddable":true,"href":"https:\/\/www.medellin.gov.co\/es\/wp-json\/wp\/v2\/formato_nota?post=500856"},{"taxonomy":"programas_tax","embeddable":true,"href":"https:\/\/www.medellin.gov.co\/es\/wp-json\/wp\/v2\/programas_tax?post=500856"}],"curies":[{"name":"wp","href":"https:\/\/api.w.org\/{rel}","templated":true}]}}