{"id":505778,"date":"2026-03-04T12:31:42","date_gmt":"2026-03-04T17:31:42","guid":{"rendered":"https:\/\/www.medellin.gov.co\/es\/?p=505778"},"modified":"2026-03-04T12:31:42","modified_gmt":"2026-03-04T17:31:42","slug":"tras-proceso-adelantado-por-la-alcaldia-de-medellin-propietario-desmonto-glamping-ilegal-en-santa-elena","status":"publish","type":"post","link":"https:\/\/www.medellin.gov.co\/es\/sala-de-prensa\/noticias\/tras-proceso-adelantado-por-la-alcaldia-de-medellin-propietario-desmonto-glamping-ilegal-en-santa-elena\/","title":{"rendered":"Tras proceso adelantado por la Alcald\u00eda de Medell\u00edn, propietario desmont\u00f3 glamping ilegal en Santa Elena"},"content":{"rendered":"<ul>\n<li>Como resultado de un fallo policivo, el responsable demoli\u00f3 la obra, lo que permiti\u00f3 restablecer el orden urban\u00edstico.<\/li>\n<li>La edificaci\u00f3n fue realizada en una zona arqueol\u00f3gica de protecci\u00f3n, donde cualquier movimiento de tierra puede destruir patrimonio hist\u00f3rico de forma irreversible.<\/li>\n<\/ul>\n<!--[if lt IE 9]><script>document.createElement('audio');<\/script><![endif]-->\n\t<div class=\"wp-playlist wp-audio-playlist wp-playlist-light\">\n\t\t\t<div class=\"wp-playlist-current-item\"><\/div>\n\t\t<audio controls=\"controls\" preload=\"none\" width=\"640\"\n\t\t\t><\/audio>\n\t<div class=\"wp-playlist-next\"><\/div>\n\t<div class=\"wp-playlist-prev\"><\/div>\n\t<noscript>\n\t<ol>\n\t\t<li><a href='https:\/\/www.medellin.gov.co\/es\/wp-content\/uploads\/2026\/03\/Declaraciones-secretario-de-Gestion-y-Control-Territorial-Juan-Manuel-Velasquez.mp3'>Declaraciones secretario de Gesti\u00f3n y Control Territorial, Juan Manuel Vel\u00e1squez<\/a><\/li><li><a href='https:\/\/www.medellin.gov.co\/es\/wp-content\/uploads\/2026\/03\/Declaraciones-corregidor-de-Santa-Elena-Gustavo-Adolfo-Restrepo.mp3'>Declaraciones corregidor de Santa Elena, Gustavo Adolfo Restrepo<\/a><\/li>\t<\/ol>\n\t<\/noscript>\n\t<script type=\"application\/json\" class=\"wp-playlist-script\">{\"type\":\"audio\",\"tracklist\":true,\"tracknumbers\":true,\"images\":true,\"artists\":true,\"tracks\":[{\"src\":\"https:\\\/\\\/www.medellin.gov.co\\\/es\\\/wp-content\\\/uploads\\\/2026\\\/03\\\/Declaraciones-secretario-de-Gestion-y-Control-Territorial-Juan-Manuel-Velasquez.mp3\",\"type\":\"audio\\\/mpeg\",\"title\":\"Declaraciones secretario de Gesti\\u00f3n y Control Territorial, Juan Manuel Vel\\u00e1squez\",\"caption\":\"\",\"description\":\"\\u00abDeclaraciones secretario de Gesti\\u00f3n y Control Territorial, Juan Manuel Vel\\u00e1squez\\u00bb. G\\u00e9nero: Blues.\",\"meta\":{\"genre\":\"Blues\",\"length_formatted\":\"0:59\"},\"image\":{\"src\":\"https:\\\/\\\/www.medellin.gov.co\\\/es\\\/wp-includes\\\/images\\\/media\\\/audio.png\",\"width\":48,\"height\":64},\"thumb\":{\"src\":\"https:\\\/\\\/www.medellin.gov.co\\\/es\\\/wp-includes\\\/images\\\/media\\\/audio.png\",\"width\":48,\"height\":64}},{\"src\":\"https:\\\/\\\/www.medellin.gov.co\\\/es\\\/wp-content\\\/uploads\\\/2026\\\/03\\\/Declaraciones-corregidor-de-Santa-Elena-Gustavo-Adolfo-Restrepo.mp3\",\"type\":\"audio\\\/mpeg\",\"title\":\"Declaraciones corregidor de Santa Elena, Gustavo Adolfo Restrepo\",\"caption\":\"\",\"description\":\"\\u00abDeclaraciones corregidor de Santa Elena, Gustavo Adolfo Restrepo\\u00bb. G\\u00e9nero: Blues.\",\"meta\":{\"genre\":\"Blues\",\"length_formatted\":\"0:45\"},\"image\":{\"src\":\"https:\\\/\\\/www.medellin.gov.co\\\/es\\\/wp-includes\\\/images\\\/media\\\/audio.png\",\"width\":48,\"height\":64},\"thumb\":{\"src\":\"https:\\\/\\\/www.medellin.gov.co\\\/es\\\/wp-includes\\\/images\\\/media\\\/audio.png\",\"width\":48,\"height\":64}}]}<\/script>\n<\/div>\n\t\n<p>Como resultado de los informes t\u00e9cnicos emitidos por la Administraci\u00f3n Distrital y en virtud de una orden policial, una persona decidi\u00f3 demoler, por sus propios medios, una edificaci\u00f3n tipo glamping que hab\u00eda levantado en el sector La Cervecer\u00eda, en Santa Elena. Este tipo de construcciones acarrean multas de 200 salarios m\u00ednimos mensuales legales vigentes.<\/p>\n\n\t\t<style type=\"text\/css\">\n\t\t\t#gallery-1 {\n\t\t\t\tmargin: auto;\n\t\t\t}\n\t\t\t#gallery-1 .gallery-item {\n\t\t\t\tfloat: left;\n\t\t\t\tmargin-top: 10px;\n\t\t\t\ttext-align: center;\n\t\t\t\twidth: 50%;\n\t\t\t}\n\t\t\t#gallery-1 img {\n\t\t\t\tborder: 2px solid #cfcfcf;\n\t\t\t}\n\t\t\t#gallery-1 .gallery-caption {\n\t\t\t\tmargin-left: 0;\n\t\t\t}\n\t\t\t\/* see gallery_shortcode() in wp-includes\/media.php *\/\n\t\t<\/style>\n\t\t<div id='gallery-1' class='gallery galleryid-505778 gallery-columns-2 gallery-size-full'><dl class='gallery-item'>\n\t\t\t<dt class='gallery-icon landscape'>\n\t\t\t\t<a href='https:\/\/www.medellin.gov.co\/es\/sala-de-prensa\/noticias\/tras-proceso-adelantado-por-la-alcaldia-de-medellin-propietario-desmonto-glamping-ilegal-en-santa-elena\/imagen-glamping-ilegal-en-santa-elena-1\/'><img width=\"1133\" height=\"850\" src=\"https:\/\/www.medellin.gov.co\/es\/wp-content\/uploads\/2026\/03\/Imagen-glamping-ilegal-en-Santa-Elena-1.jpg\" class=\"attachment-full size-full\" alt=\"Imagen glamping ilegal en Santa Elena (2)\" loading=\"lazy\" srcset=\"https:\/\/www.medellin.gov.co\/es\/wp-content\/uploads\/2026\/03\/Imagen-glamping-ilegal-en-Santa-Elena-1.jpg 1133w, https:\/\/www.medellin.gov.co\/es\/wp-content\/uploads\/2026\/03\/Imagen-glamping-ilegal-en-Santa-Elena-1-300x225.jpg 300w, https:\/\/www.medellin.gov.co\/es\/wp-content\/uploads\/2026\/03\/Imagen-glamping-ilegal-en-Santa-Elena-1-1024x768.jpg 1024w, https:\/\/www.medellin.gov.co\/es\/wp-content\/uploads\/2026\/03\/Imagen-glamping-ilegal-en-Santa-Elena-1-150x113.jpg 150w, https:\/\/www.medellin.gov.co\/es\/wp-content\/uploads\/2026\/03\/Imagen-glamping-ilegal-en-Santa-Elena-1-768x576.jpg 768w\" sizes=\"(max-width: 1133px) 100vw, 1133px\" \/><\/a>\n\t\t\t<\/dt><\/dl><dl class='gallery-item'>\n\t\t\t<dt class='gallery-icon landscape'>\n\t\t\t\t<a href='https:\/\/www.medellin.gov.co\/es\/sala-de-prensa\/noticias\/tras-proceso-adelantado-por-la-alcaldia-de-medellin-propietario-desmonto-glamping-ilegal-en-santa-elena\/imagen-glamping-ilegal-en-santa-elena-2\/'><img width=\"1133\" height=\"850\" src=\"https:\/\/www.medellin.gov.co\/es\/wp-content\/uploads\/2026\/03\/Imagen-glamping-ilegal-en-Santa-Elena-2.jpg\" class=\"attachment-full size-full\" alt=\"Imagen glamping ilegal en Santa Elena (2)\" loading=\"lazy\" srcset=\"https:\/\/www.medellin.gov.co\/es\/wp-content\/uploads\/2026\/03\/Imagen-glamping-ilegal-en-Santa-Elena-2.jpg 1133w, https:\/\/www.medellin.gov.co\/es\/wp-content\/uploads\/2026\/03\/Imagen-glamping-ilegal-en-Santa-Elena-2-300x225.jpg 300w, https:\/\/www.medellin.gov.co\/es\/wp-content\/uploads\/2026\/03\/Imagen-glamping-ilegal-en-Santa-Elena-2-1024x768.jpg 1024w, https:\/\/www.medellin.gov.co\/es\/wp-content\/uploads\/2026\/03\/Imagen-glamping-ilegal-en-Santa-Elena-2-150x113.jpg 150w, https:\/\/www.medellin.gov.co\/es\/wp-content\/uploads\/2026\/03\/Imagen-glamping-ilegal-en-Santa-Elena-2-768x576.jpg 768w\" sizes=\"(max-width: 1133px) 100vw, 1133px\" \/><\/a>\n\t\t\t<\/dt><\/dl><br style=\"clear: both\" \/>\n\t\t<\/div>\n\n<p>Los mencionados informes, enviados por parte de la Secretar\u00eda de Gesti\u00f3n y Control Territorial a la Corregidur\u00eda y al Instituto Colombiano de Antropolog\u00eda e Historia (ICANH), determinaron que el predio estaba en una zona donde no se puede otorgar licencia de construcci\u00f3n, ante la posible presencia de restos, vestigios, piezas y estructuras antiguas que constituyen patrimonio cultural.<\/p>\n<p>\u201cCuando recibimos el informe por una presunta infracci\u00f3n urban\u00edstica en inmediaciones del Parque Arv\u00ed, procedimos a ordenar la suspensi\u00f3n de la construcci\u00f3n. Una vez suspendido, las personas siguieron construyendo e incumpliendo la orden de polic\u00eda, expedida por el corregidor. Por esta raz\u00f3n, lo citamos a audiencia y se orden\u00f3 la demolici\u00f3n completa de la vivienda y una multa de 200 salarios\u201d, explic\u00f3 el corregidor de Santa Elena, Gustavo Adolfo Restrepo.<\/p>\n\n\t\t<style type=\"text\/css\">\n\t\t\t#gallery-2 {\n\t\t\t\tmargin: auto;\n\t\t\t}\n\t\t\t#gallery-2 .gallery-item {\n\t\t\t\tfloat: left;\n\t\t\t\tmargin-top: 10px;\n\t\t\t\ttext-align: center;\n\t\t\t\twidth: 50%;\n\t\t\t}\n\t\t\t#gallery-2 img {\n\t\t\t\tborder: 2px solid #cfcfcf;\n\t\t\t}\n\t\t\t#gallery-2 .gallery-caption {\n\t\t\t\tmargin-left: 0;\n\t\t\t}\n\t\t\t\/* see gallery_shortcode() in wp-includes\/media.php *\/\n\t\t<\/style>\n\t\t<div id='gallery-2' class='gallery galleryid-505778 gallery-columns-2 gallery-size-full'><dl class='gallery-item'>\n\t\t\t<dt class='gallery-icon landscape'>\n\t\t\t\t<a href='https:\/\/www.medellin.gov.co\/es\/sala-de-prensa\/noticias\/tras-proceso-adelantado-por-la-alcaldia-de-medellin-propietario-desmonto-glamping-ilegal-en-santa-elena\/imagen-glamping-ilegal-en-santa-elena-4\/'><img width=\"1133\" height=\"850\" src=\"https:\/\/www.medellin.gov.co\/es\/wp-content\/uploads\/2026\/03\/Imagen-glamping-ilegal-en-Santa-Elena-4.jpg\" class=\"attachment-full size-full\" alt=\"Imagen glamping ilegal en Santa Elena (6)\" loading=\"lazy\" srcset=\"https:\/\/www.medellin.gov.co\/es\/wp-content\/uploads\/2026\/03\/Imagen-glamping-ilegal-en-Santa-Elena-4.jpg 1133w, https:\/\/www.medellin.gov.co\/es\/wp-content\/uploads\/2026\/03\/Imagen-glamping-ilegal-en-Santa-Elena-4-300x225.jpg 300w, https:\/\/www.medellin.gov.co\/es\/wp-content\/uploads\/2026\/03\/Imagen-glamping-ilegal-en-Santa-Elena-4-1024x768.jpg 1024w, https:\/\/www.medellin.gov.co\/es\/wp-content\/uploads\/2026\/03\/Imagen-glamping-ilegal-en-Santa-Elena-4-150x113.jpg 150w, https:\/\/www.medellin.gov.co\/es\/wp-content\/uploads\/2026\/03\/Imagen-glamping-ilegal-en-Santa-Elena-4-768x576.jpg 768w\" sizes=\"(max-width: 1133px) 100vw, 1133px\" \/><\/a>\n\t\t\t<\/dt><\/dl><dl class='gallery-item'>\n\t\t\t<dt class='gallery-icon landscape'>\n\t\t\t\t<a href='https:\/\/www.medellin.gov.co\/es\/sala-de-prensa\/noticias\/tras-proceso-adelantado-por-la-alcaldia-de-medellin-propietario-desmonto-glamping-ilegal-en-santa-elena\/imagen-glamping-ilegal-en-santa-elena-6\/'><img width=\"1133\" height=\"850\" src=\"https:\/\/www.medellin.gov.co\/es\/wp-content\/uploads\/2026\/03\/Imagen-glamping-ilegal-en-Santa-Elena-6.jpg\" class=\"attachment-full size-full\" alt=\"Imagen glamping ilegal en Santa Elena (6)\" loading=\"lazy\" srcset=\"https:\/\/www.medellin.gov.co\/es\/wp-content\/uploads\/2026\/03\/Imagen-glamping-ilegal-en-Santa-Elena-6.jpg 1133w, https:\/\/www.medellin.gov.co\/es\/wp-content\/uploads\/2026\/03\/Imagen-glamping-ilegal-en-Santa-Elena-6-300x225.jpg 300w, https:\/\/www.medellin.gov.co\/es\/wp-content\/uploads\/2026\/03\/Imagen-glamping-ilegal-en-Santa-Elena-6-1024x768.jpg 1024w, https:\/\/www.medellin.gov.co\/es\/wp-content\/uploads\/2026\/03\/Imagen-glamping-ilegal-en-Santa-Elena-6-150x113.jpg 150w, https:\/\/www.medellin.gov.co\/es\/wp-content\/uploads\/2026\/03\/Imagen-glamping-ilegal-en-Santa-Elena-6-768x576.jpg 768w\" sizes=\"(max-width: 1133px) 100vw, 1133px\" \/><\/a>\n\t\t\t<\/dt><\/dl><br style=\"clear: both\" \/>\n\t\t<\/div>\n\n<p>A su vez, el secretario de Gesti\u00f3n y Control Territorial, Juan Manuel Vel\u00e1squez, indic\u00f3: \u201cEs el resultado de un trabajo t\u00e9cnico juicioso y permanente. De 2024 a la fecha hemos realizado 290 informes que sustentan decisiones de suspensi\u00f3n, procesos policivos y \u00f3rdenes de demolici\u00f3n cuando sea necesario. Nuestro objetivo es prevenir afectaciones en suelos donde la norma es clara y no permite construir. Solo este a\u00f1o se han ordenado 11 remociones en el corregimiento\u201d.<\/p>\n<p><img loading=\"lazy\" class=\"alignnone wp-image-505780 size-full\" title=\"Glamping ilegal en Santa Elena\" src=\"https:\/\/www.medellin.gov.co\/es\/wp-content\/uploads\/2026\/03\/Imagen-glamping-ilegal-en-Santa-Elena-5.jpg\" alt=\"Imagen glamping ilegal en Santa Elena (5)\" width=\"1133\" height=\"850\" srcset=\"https:\/\/www.medellin.gov.co\/es\/wp-content\/uploads\/2026\/03\/Imagen-glamping-ilegal-en-Santa-Elena-5.jpg 1133w, https:\/\/www.medellin.gov.co\/es\/wp-content\/uploads\/2026\/03\/Imagen-glamping-ilegal-en-Santa-Elena-5-300x225.jpg 300w, https:\/\/www.medellin.gov.co\/es\/wp-content\/uploads\/2026\/03\/Imagen-glamping-ilegal-en-Santa-Elena-5-1024x768.jpg 1024w, https:\/\/www.medellin.gov.co\/es\/wp-content\/uploads\/2026\/03\/Imagen-glamping-ilegal-en-Santa-Elena-5-150x113.jpg 150w, https:\/\/www.medellin.gov.co\/es\/wp-content\/uploads\/2026\/03\/Imagen-glamping-ilegal-en-Santa-Elena-5-768x576.jpg 768w\" sizes=\"(max-width: 1133px) 100vw, 1133px\" \/><\/p>\n<p>Cualquier intervenci\u00f3n urban\u00edstica en estos suelos est\u00e1 restringida, ya que la finalidad es preservar valores culturales, ambientales y estrat\u00e9gicos; la presi\u00f3n por construcciones irregulares puede generar impactos irreversibles.<\/p>\n","protected":false},"excerpt":{"rendered":"<p>Como resultado de un fallo policivo, el responsable demoli\u00f3 la obra, lo que permiti\u00f3 restablecer el orden urban\u00edstico. La edificaci\u00f3n fue realizada en una zona arqueol\u00f3gica de protecci\u00f3n, donde cualquier movimiento de tierra puede destruir &#8230;<\/p>\n","protected":false},"author":95,"featured_media":505787,"comment_status":"open","ping_status":"open","sticky":false,"template":"","format":"standard","meta":[],"categories":[7],"tags":[455],"formato_nota":[],"programas_tax":[],"acf":[],"_links":{"self":[{"href":"https:\/\/www.medellin.gov.co\/es\/wp-json\/wp\/v2\/posts\/505778"}],"collection":[{"href":"https:\/\/www.medellin.gov.co\/es\/wp-json\/wp\/v2\/posts"}],"about":[{"href":"https:\/\/www.medellin.gov.co\/es\/wp-json\/wp\/v2\/types\/post"}],"author":[{"embeddable":true,"href":"https:\/\/www.medellin.gov.co\/es\/wp-json\/wp\/v2\/users\/95"}],"replies":[{"embeddable":true,"href":"https:\/\/www.medellin.gov.co\/es\/wp-json\/wp\/v2\/comments?post=505778"}],"version-history":[{"count":1,"href":"https:\/\/www.medellin.gov.co\/es\/wp-json\/wp\/v2\/posts\/505778\/revisions"}],"predecessor-version":[{"id":505794,"href":"https:\/\/www.medellin.gov.co\/es\/wp-json\/wp\/v2\/posts\/505778\/revisions\/505794"}],"wp:featuredmedia":[{"embeddable":true,"href":"https:\/\/www.medellin.gov.co\/es\/wp-json\/wp\/v2\/media\/505787"}],"wp:attachment":[{"href":"https:\/\/www.medellin.gov.co\/es\/wp-json\/wp\/v2\/media?parent=505778"}],"wp:term":[{"taxonomy":"category","embeddable":true,"href":"https:\/\/www.medellin.gov.co\/es\/wp-json\/wp\/v2\/categories?post=505778"},{"taxonomy":"post_tag","embeddable":true,"href":"https:\/\/www.medellin.gov.co\/es\/wp-json\/wp\/v2\/tags?post=505778"},{"taxonomy":"formato_nota","embeddable":true,"href":"https:\/\/www.medellin.gov.co\/es\/wp-json\/wp\/v2\/formato_nota?post=505778"},{"taxonomy":"programas_tax","embeddable":true,"href":"https:\/\/www.medellin.gov.co\/es\/wp-json\/wp\/v2\/programas_tax?post=505778"}],"curies":[{"name":"wp","href":"https:\/\/api.w.org\/{rel}","templated":true}]}}