{"id":505795,"date":"2026-03-04T12:45:36","date_gmt":"2026-03-04T17:45:36","guid":{"rendered":"https:\/\/www.medellin.gov.co\/es\/?p=505795"},"modified":"2026-03-04T12:45:36","modified_gmt":"2026-03-04T17:45:36","slug":"medellin-se-consolida-como-territorio-creativo-se-abre-nueva-convocatoria-de-incentivos-cinematograficos","status":"publish","type":"post","link":"https:\/\/www.medellin.gov.co\/es\/sala-de-prensa\/noticias\/medellin-se-consolida-como-territorio-creativo-se-abre-nueva-convocatoria-de-incentivos-cinematograficos\/","title":{"rendered":"Medell\u00edn se consolida como territorio creativo: se abre nueva convocatoria de incentivos cinematogr\u00e1ficos"},"content":{"rendered":"<ul>\n<li>Los interesados en participar, deber\u00e1n postular sus proyectos hasta el 31 de marzo, registr\u00e1ndose en www.filmedellin.com.<\/li>\n<li>Entre 2024 y 2025, el Distrito, a trav\u00e9s de la Comisi\u00f3n F\u00edlmica, acompa\u00f1\u00f3 la realizaci\u00f3n de 80 producciones y 185 proyectos recibieron incentivos por $3.181 millones.<\/li>\n<\/ul>\n<!--[if lt IE 9]><script>document.createElement('audio');<\/script><![endif]-->\n\t<div class=\"wp-playlist wp-audio-playlist wp-playlist-light\">\n\t\t\t<div class=\"wp-playlist-current-item\"><\/div>\n\t\t<audio controls=\"controls\" preload=\"none\" width=\"640\"\n\t\t\t><\/audio>\n\t<div class=\"wp-playlist-next\"><\/div>\n\t<div class=\"wp-playlist-prev\"><\/div>\n\t<noscript>\n\t<ol>\n\t\t<li><a href='https:\/\/www.medellin.gov.co\/es\/wp-content\/uploads\/2026\/03\/Declaraciones-secretaria-de-Desarrollo-Economico-Maria-Fernanda-Galeano-Rojo.mp3'>Declaraciones secretaria de Desarrollo Econ\u00f3mico, Mar\u00eda Fernanda Galeano Rojo<\/a><\/li><li><a href='https:\/\/www.medellin.gov.co\/es\/wp-content\/uploads\/2026\/03\/Declaraciones-Cheryl-Alarcon-de-la-productora-Punto-8.mp3'>Declaraciones Cheryl Alarc\u00f3n, de la productora Punto 8<\/a><\/li>\t<\/ol>\n\t<\/noscript>\n\t<script type=\"application\/json\" class=\"wp-playlist-script\">{\"type\":\"audio\",\"tracklist\":true,\"tracknumbers\":true,\"images\":true,\"artists\":true,\"tracks\":[{\"src\":\"https:\\\/\\\/www.medellin.gov.co\\\/es\\\/wp-content\\\/uploads\\\/2026\\\/03\\\/Declaraciones-secretaria-de-Desarrollo-Economico-Maria-Fernanda-Galeano-Rojo.mp3\",\"type\":\"audio\\\/mpeg\",\"title\":\"Declaraciones secretaria de Desarrollo Econ\\u00f3mico, Mar\\u00eda Fernanda Galeano Rojo\",\"caption\":\"\",\"description\":\"\\u00abDeclaraciones secretaria de Desarrollo Econ\\u00f3mico, Mar\\u00eda Fernanda Galeano Rojo\\u00bb. G\\u00e9nero: Blues.\",\"meta\":{\"genre\":\"Blues\",\"length_formatted\":\"0:39\"},\"image\":{\"src\":\"https:\\\/\\\/www.medellin.gov.co\\\/es\\\/wp-includes\\\/images\\\/media\\\/audio.png\",\"width\":48,\"height\":64},\"thumb\":{\"src\":\"https:\\\/\\\/www.medellin.gov.co\\\/es\\\/wp-includes\\\/images\\\/media\\\/audio.png\",\"width\":48,\"height\":64}},{\"src\":\"https:\\\/\\\/www.medellin.gov.co\\\/es\\\/wp-content\\\/uploads\\\/2026\\\/03\\\/Declaraciones-Cheryl-Alarcon-de-la-productora-Punto-8.mp3\",\"type\":\"audio\\\/mpeg\",\"title\":\"Declaraciones Cheryl Alarc\\u00f3n, de la productora Punto 8\",\"caption\":\"\",\"description\":\"\\u00abDeclaraciones Cheryl Alarc\\u00f3n, de la productora Punto 8\\u00bb. G\\u00e9nero: Blues.\",\"meta\":{\"genre\":\"Blues\",\"length_formatted\":\"0:52\"},\"image\":{\"src\":\"https:\\\/\\\/www.medellin.gov.co\\\/es\\\/wp-includes\\\/images\\\/media\\\/audio.png\",\"width\":48,\"height\":64},\"thumb\":{\"src\":\"https:\\\/\\\/www.medellin.gov.co\\\/es\\\/wp-includes\\\/images\\\/media\\\/audio.png\",\"width\":48,\"height\":64}}]}<\/script>\n<\/div>\n\t\n<p>La Administraci\u00f3n Distrital, a trav\u00e9s de la Comisi\u00f3n F\u00edlmica, abri\u00f3 la convocatoria del Incentivo Cinematogr\u00e1fico y Audiovisual de Medell\u00edn -ICAM- para el primer semestre de 2026, la cual busca impulsar la realizaci\u00f3n de producciones audiovisuales en la ciudad, con recursos que ascienden a los $970 millones.<\/p>\n<p><img loading=\"lazy\" class=\"alignnone wp-image-505803 size-full\" title=\"Convocatoria de incentivos cinematogr\u00e1ficos\" src=\"https:\/\/www.medellin.gov.co\/es\/wp-content\/uploads\/2026\/03\/Imagen-convocatoria-de-incentivos-cinematograficos-2.jpg\" alt=\"Imagen convocatoria de incentivos cinematogr\u00e1ficos (2)\" width=\"1273\" height=\"850\" srcset=\"https:\/\/www.medellin.gov.co\/es\/wp-content\/uploads\/2026\/03\/Imagen-convocatoria-de-incentivos-cinematograficos-2.jpg 1273w, https:\/\/www.medellin.gov.co\/es\/wp-content\/uploads\/2026\/03\/Imagen-convocatoria-de-incentivos-cinematograficos-2-300x200.jpg 300w, https:\/\/www.medellin.gov.co\/es\/wp-content\/uploads\/2026\/03\/Imagen-convocatoria-de-incentivos-cinematograficos-2-1024x684.jpg 1024w, https:\/\/www.medellin.gov.co\/es\/wp-content\/uploads\/2026\/03\/Imagen-convocatoria-de-incentivos-cinematograficos-2-150x100.jpg 150w, https:\/\/www.medellin.gov.co\/es\/wp-content\/uploads\/2026\/03\/Imagen-convocatoria-de-incentivos-cinematograficos-2-768x513.jpg 768w\" sizes=\"(max-width: 1273px) 100vw, 1273px\" \/><\/p>\n<p>La convocatoria cuenta con dos l\u00edneas de cash rebate: una de ellas consiste en el reembolso en efectivo hasta del 20 % de los gastos efectuados en proveedores de Medell\u00edn. Est\u00e1 dirigida a empresas locales que hayan llevado a cabo actividades de desarrollo, producci\u00f3n o posproducci\u00f3n de proyectos audiovisuales en la ciudad y a empresas audiovisuales colombianas que presten servicios de producci\u00f3n o posproducci\u00f3n a uno o varios proyectos audiovisuales de cualquier formato, ya sean nacionales o internacionales, siempre que estos hayan sido producidos o posproducidos total o parcialmente en Medell\u00edn.<\/p>\n<p>\u201cEl objetivo es fortalecer este sector, atraer producciones locales, nacionales e internacionales, y generar un impacto econ\u00f3mico positivo en la ciudad. Medell\u00edn es la \u00fanica del pa\u00eds que cuenta con el reembolso de dinero para las producciones que se ruedan en nuestros escenarios. Esto la consolida como territorio creativo y competitivo\u201d, dijo la secretaria de Desarrollo Econ\u00f3mico, Mar\u00eda Fernanda Galeano Rojo.<\/p>\n<p>Adicionalmente, hay una l\u00ednea de incentivos autom\u00e1ticos para empresas locales, las cuales recibir\u00e1n un monto fijo por participar en festivales, mercados y otros eventos internacionales en los \u00faltimos 12 meses.<\/p>\n\n\t\t<style type=\"text\/css\">\n\t\t\t#gallery-1 {\n\t\t\t\tmargin: auto;\n\t\t\t}\n\t\t\t#gallery-1 .gallery-item {\n\t\t\t\tfloat: left;\n\t\t\t\tmargin-top: 10px;\n\t\t\t\ttext-align: center;\n\t\t\t\twidth: 50%;\n\t\t\t}\n\t\t\t#gallery-1 img {\n\t\t\t\tborder: 2px solid #cfcfcf;\n\t\t\t}\n\t\t\t#gallery-1 .gallery-caption {\n\t\t\t\tmargin-left: 0;\n\t\t\t}\n\t\t\t\/* see gallery_shortcode() in wp-includes\/media.php *\/\n\t\t<\/style>\n\t\t<div id='gallery-1' class='gallery galleryid-505795 gallery-columns-2 gallery-size-full'><dl class='gallery-item'>\n\t\t\t<dt class='gallery-icon landscape'>\n\t\t\t\t<a href='https:\/\/www.medellin.gov.co\/es\/sala-de-prensa\/noticias\/medellin-se-consolida-como-territorio-creativo-se-abre-nueva-convocatoria-de-incentivos-cinematograficos\/imagen-convocatoria-de-incentivos-cinematograficos-3\/'><img width=\"1273\" height=\"850\" src=\"https:\/\/www.medellin.gov.co\/es\/wp-content\/uploads\/2026\/03\/Imagen-convocatoria-de-incentivos-cinematograficos-3.jpg\" class=\"attachment-full size-full\" alt=\"Imagen convocatoria de incentivos cinematogr\u00e1ficos (4)\" loading=\"lazy\" srcset=\"https:\/\/www.medellin.gov.co\/es\/wp-content\/uploads\/2026\/03\/Imagen-convocatoria-de-incentivos-cinematograficos-3.jpg 1273w, https:\/\/www.medellin.gov.co\/es\/wp-content\/uploads\/2026\/03\/Imagen-convocatoria-de-incentivos-cinematograficos-3-300x200.jpg 300w, https:\/\/www.medellin.gov.co\/es\/wp-content\/uploads\/2026\/03\/Imagen-convocatoria-de-incentivos-cinematograficos-3-1024x684.jpg 1024w, https:\/\/www.medellin.gov.co\/es\/wp-content\/uploads\/2026\/03\/Imagen-convocatoria-de-incentivos-cinematograficos-3-150x100.jpg 150w, https:\/\/www.medellin.gov.co\/es\/wp-content\/uploads\/2026\/03\/Imagen-convocatoria-de-incentivos-cinematograficos-3-768x513.jpg 768w\" sizes=\"(max-width: 1273px) 100vw, 1273px\" \/><\/a>\n\t\t\t<\/dt><\/dl><dl class='gallery-item'>\n\t\t\t<dt class='gallery-icon landscape'>\n\t\t\t\t<a href='https:\/\/www.medellin.gov.co\/es\/sala-de-prensa\/noticias\/medellin-se-consolida-como-territorio-creativo-se-abre-nueva-convocatoria-de-incentivos-cinematograficos\/imagen-convocatoria-de-incentivos-cinematograficos-4\/'><img width=\"1276\" height=\"850\" src=\"https:\/\/www.medellin.gov.co\/es\/wp-content\/uploads\/2026\/03\/Imagen-convocatoria-de-incentivos-cinematograficos-4.jpg\" class=\"attachment-full size-full\" alt=\"Imagen convocatoria de incentivos cinematogr\u00e1ficos (4)\" loading=\"lazy\" srcset=\"https:\/\/www.medellin.gov.co\/es\/wp-content\/uploads\/2026\/03\/Imagen-convocatoria-de-incentivos-cinematograficos-4.jpg 1276w, https:\/\/www.medellin.gov.co\/es\/wp-content\/uploads\/2026\/03\/Imagen-convocatoria-de-incentivos-cinematograficos-4-300x200.jpg 300w, https:\/\/www.medellin.gov.co\/es\/wp-content\/uploads\/2026\/03\/Imagen-convocatoria-de-incentivos-cinematograficos-4-1024x682.jpg 1024w, https:\/\/www.medellin.gov.co\/es\/wp-content\/uploads\/2026\/03\/Imagen-convocatoria-de-incentivos-cinematograficos-4-150x100.jpg 150w, https:\/\/www.medellin.gov.co\/es\/wp-content\/uploads\/2026\/03\/Imagen-convocatoria-de-incentivos-cinematograficos-4-768x512.jpg 768w\" sizes=\"(max-width: 1276px) 100vw, 1276px\" \/><\/a>\n\t\t\t<\/dt><\/dl><br style=\"clear: both\" \/>\n\t\t<\/div>\n\n<p>Como novedad, este a\u00f1o se abre una nueva l\u00ednea de incentivos autom\u00e1ticos para el fortalecimiento empresarial y del talento, dirigidos a empresas locales que hayan desarrollado actividades como promoci\u00f3n y doblaje de pel\u00edculas, series, videojuegos; o que hayan realizado eventos relacionados con el \u00e1mbito audiovisual y que incluyan un componente de internacionalizaci\u00f3n, o invertido en la formaci\u00f3n especializada de sus empleados.<\/p>\n<p>\u201cNosotros trabajamos documentales, largometrajes, ficci\u00f3n, series, y videoclips; entonces, lo que hicimos fue juntar el trabajo de todo un a\u00f1o para acceder a las diferentes l\u00edneas de participaci\u00f3n que tiene el incentivo. Esto ayud\u00f3 a que nuestros proyectos pudieran refinanciarse; hicimos inversi\u00f3n en nuevos equipos y pudimos salir a mostrar nuestros proyectos a diferentes mercados audiovisuales nacionales e internacionales\u201d, expres\u00f3 Cheryl Alarc\u00f3n, de la productora Punto 8.<\/p>\n<p><img loading=\"lazy\" class=\"alignnone wp-image-505805 size-full\" title=\"Convocatoria de incentivos cinematogr\u00e1ficos\" src=\"https:\/\/www.medellin.gov.co\/es\/wp-content\/uploads\/2026\/03\/Imagen-convocatoria-de-incentivos-cinematograficos-1.jpg\" alt=\"Imagen convocatoria de incentivos cinematogr\u00e1ficos (1)\" width=\"1273\" height=\"850\" srcset=\"https:\/\/www.medellin.gov.co\/es\/wp-content\/uploads\/2026\/03\/Imagen-convocatoria-de-incentivos-cinematograficos-1.jpg 1273w, https:\/\/www.medellin.gov.co\/es\/wp-content\/uploads\/2026\/03\/Imagen-convocatoria-de-incentivos-cinematograficos-1-300x200.jpg 300w, https:\/\/www.medellin.gov.co\/es\/wp-content\/uploads\/2026\/03\/Imagen-convocatoria-de-incentivos-cinematograficos-1-1024x684.jpg 1024w, https:\/\/www.medellin.gov.co\/es\/wp-content\/uploads\/2026\/03\/Imagen-convocatoria-de-incentivos-cinematograficos-1-150x100.jpg 150w, https:\/\/www.medellin.gov.co\/es\/wp-content\/uploads\/2026\/03\/Imagen-convocatoria-de-incentivos-cinematograficos-1-768x513.jpg 768w\" sizes=\"(max-width: 1273px) 100vw, 1273px\" \/><\/p>\n<p>Entre 2024 y 2025, el Distrito, a trav\u00e9s de la Comisi\u00f3n F\u00edlmica, acompa\u00f1\u00f3 la realizaci\u00f3n de 80 producciones y 185 proyectos recibieron incentivos por $3.181 millones, que dejaron una derrama cercana a los $26.000 millones; as\u00ed mismo, se realizaron dos ruedas de inversi\u00f3n con una proyecci\u00f3n de $2.750 millones y se efectuaron ocho fam trips con importantes sellos cinematogr\u00e1ficos como Paramount, FOX y Secuoya Studios, entre otros.<\/p>\n","protected":false},"excerpt":{"rendered":"<p>Los interesados en participar, deber\u00e1n postular sus proyectos hasta el 31 de marzo, registr\u00e1ndose en www.filmedellin.com. Entre 2024 y 2025, el Distrito, a trav\u00e9s de la Comisi\u00f3n F\u00edlmica, acompa\u00f1\u00f3 la realizaci\u00f3n de 80 producciones y &#8230;<\/p>\n","protected":false},"author":95,"featured_media":505796,"comment_status":"open","ping_status":"open","sticky":false,"template":"","format":"standard","meta":[],"categories":[3],"tags":[455],"formato_nota":[],"programas_tax":[],"acf":[],"_links":{"self":[{"href":"https:\/\/www.medellin.gov.co\/es\/wp-json\/wp\/v2\/posts\/505795"}],"collection":[{"href":"https:\/\/www.medellin.gov.co\/es\/wp-json\/wp\/v2\/posts"}],"about":[{"href":"https:\/\/www.medellin.gov.co\/es\/wp-json\/wp\/v2\/types\/post"}],"author":[{"embeddable":true,"href":"https:\/\/www.medellin.gov.co\/es\/wp-json\/wp\/v2\/users\/95"}],"replies":[{"embeddable":true,"href":"https:\/\/www.medellin.gov.co\/es\/wp-json\/wp\/v2\/comments?post=505795"}],"version-history":[{"count":1,"href":"https:\/\/www.medellin.gov.co\/es\/wp-json\/wp\/v2\/posts\/505795\/revisions"}],"predecessor-version":[{"id":505808,"href":"https:\/\/www.medellin.gov.co\/es\/wp-json\/wp\/v2\/posts\/505795\/revisions\/505808"}],"wp:featuredmedia":[{"embeddable":true,"href":"https:\/\/www.medellin.gov.co\/es\/wp-json\/wp\/v2\/media\/505796"}],"wp:attachment":[{"href":"https:\/\/www.medellin.gov.co\/es\/wp-json\/wp\/v2\/media?parent=505795"}],"wp:term":[{"taxonomy":"category","embeddable":true,"href":"https:\/\/www.medellin.gov.co\/es\/wp-json\/wp\/v2\/categories?post=505795"},{"taxonomy":"post_tag","embeddable":true,"href":"https:\/\/www.medellin.gov.co\/es\/wp-json\/wp\/v2\/tags?post=505795"},{"taxonomy":"formato_nota","embeddable":true,"href":"https:\/\/www.medellin.gov.co\/es\/wp-json\/wp\/v2\/formato_nota?post=505795"},{"taxonomy":"programas_tax","embeddable":true,"href":"https:\/\/www.medellin.gov.co\/es\/wp-json\/wp\/v2\/programas_tax?post=505795"}],"curies":[{"name":"wp","href":"https:\/\/api.w.org\/{rel}","templated":true}]}}