{"id":507649,"date":"2026-03-10T15:26:24","date_gmt":"2026-03-10T20:26:24","guid":{"rendered":"https:\/\/www.medellin.gov.co\/es\/?p=507649"},"modified":"2026-03-10T15:26:24","modified_gmt":"2026-03-10T20:26:24","slug":"capturados-en-medellin-dos-peligrosos-integrantes-de-grupos-criminales-son-senalados-de-secuestros-extorsiones-y-asesinatos","status":"publish","type":"post","link":"https:\/\/www.medellin.gov.co\/es\/sala-de-prensa\/noticias\/capturados-en-medellin-dos-peligrosos-integrantes-de-grupos-criminales-son-senalados-de-secuestros-extorsiones-y-asesinatos\/","title":{"rendered":"Capturados en Medell\u00edn dos peligrosos integrantes de grupos criminales: son se\u00f1alados de secuestros, extorsiones y asesinatos"},"content":{"rendered":"<ul>\n<li>Se trata de alias \u2018T\u00edo\u2019, cabecilla del grupo de delincuencia com\u00fan organizada \u2018El Coco\u2019, y \u2018\u00c1rabe\u2019, de la estructura ilegal \u2018Los del Llano\u2019.<\/li>\n<li>La extorsi\u00f3n en Medell\u00edn registra una reducci\u00f3n del 54 % en 2026, resultado de los golpes a estructuras criminales y operativos de las autoridades.<\/li>\n<\/ul>\n<!--[if lt IE 9]><script>document.createElement('audio');<\/script><![endif]-->\n\t<div class=\"wp-playlist wp-audio-playlist wp-playlist-light\">\n\t\t\t<div class=\"wp-playlist-current-item\"><\/div>\n\t\t<audio controls=\"controls\" preload=\"none\" width=\"640\"\n\t\t\t><\/audio>\n\t<div class=\"wp-playlist-next\"><\/div>\n\t<div class=\"wp-playlist-prev\"><\/div>\n\t<noscript>\n\t<ol>\n\t\t<li><a href='https:\/\/www.medellin.gov.co\/es\/wp-content\/uploads\/2026\/03\/Declaraciones-secretario-de-Seguridad-y-Convivencia-Manuel-Villa-Mejia-1.mp3'>Declaraciones secretario de Seguridad y Convivencia, Manuel Villa Mej\u00eda<\/a><\/li>\t<\/ol>\n\t<\/noscript>\n\t<script type=\"application\/json\" class=\"wp-playlist-script\">{\"type\":\"audio\",\"tracklist\":true,\"tracknumbers\":true,\"images\":true,\"artists\":true,\"tracks\":[{\"src\":\"https:\\\/\\\/www.medellin.gov.co\\\/es\\\/wp-content\\\/uploads\\\/2026\\\/03\\\/Declaraciones-secretario-de-Seguridad-y-Convivencia-Manuel-Villa-Mejia-1.mp3\",\"type\":\"audio\\\/mpeg\",\"title\":\"Declaraciones secretario de Seguridad y Convivencia, Manuel Villa Mej\\u00eda\",\"caption\":\"\",\"description\":\"\\u00abDeclaraciones secretario de Seguridad y Convivencia, Manuel Villa Mej\\u00eda\\u00bb. G\\u00e9nero: Blues.\",\"meta\":{\"genre\":\"Blues\",\"length_formatted\":\"5:44\"},\"image\":{\"src\":\"https:\\\/\\\/www.medellin.gov.co\\\/es\\\/wp-includes\\\/images\\\/media\\\/audio.png\",\"width\":48,\"height\":64},\"thumb\":{\"src\":\"https:\\\/\\\/www.medellin.gov.co\\\/es\\\/wp-includes\\\/images\\\/media\\\/audio.png\",\"width\":48,\"height\":64}}]}<\/script>\n<\/div>\n\t\n<p>En una ofensiva contra la criminalidad organizada, el Gaula de la Polic\u00eda Nacional, en articulaci\u00f3n con la Alcald\u00eda de Medell\u00edn, logr\u00f3 las capturas de alias \u2018T\u00edo\u00b4, se\u00f1alado de ser cabecilla del grupo de delincuencia com\u00fan organizada (GDCO) \u2018El Coco\u2019 y de \u2018\u00c1rabe\u2019, integrante del GDCO \u2018Los del Llano\u2019, estructuras alineadas al grupo ilegal \u2018Robledo\u2019.<\/p>\n<p><img loading=\"lazy\" class=\"alignnone wp-image-507650 size-full\" title=\"Integrantes de grupos criminales\" src=\"https:\/\/www.medellin.gov.co\/es\/wp-content\/uploads\/2026\/03\/Imagen-integrantes-de-grupos-criminales-2.jpg\" alt=\"Imagen integrantes de grupos criminales (2)\" width=\"1280\" height=\"723\" srcset=\"https:\/\/www.medellin.gov.co\/es\/wp-content\/uploads\/2026\/03\/Imagen-integrantes-de-grupos-criminales-2.jpg 1280w, https:\/\/www.medellin.gov.co\/es\/wp-content\/uploads\/2026\/03\/Imagen-integrantes-de-grupos-criminales-2-300x169.jpg 300w, https:\/\/www.medellin.gov.co\/es\/wp-content\/uploads\/2026\/03\/Imagen-integrantes-de-grupos-criminales-2-1024x578.jpg 1024w, https:\/\/www.medellin.gov.co\/es\/wp-content\/uploads\/2026\/03\/Imagen-integrantes-de-grupos-criminales-2-150x85.jpg 150w, https:\/\/www.medellin.gov.co\/es\/wp-content\/uploads\/2026\/03\/Imagen-integrantes-de-grupos-criminales-2-768x434.jpg 768w\" sizes=\"(max-width: 1280px) 100vw, 1280px\" \/><\/p>\n<p>Las detenciones se realizaron mediante \u00f3rdenes judiciales en Medell\u00edn y representan un nuevo golpe contra las redes dedicadas a la extorsi\u00f3n, el secuestro extorsivo, el tr\u00e1fico de estupefacientes y los homicidios selectivos, mediante investigaciones que permitieron establecer que estas estructuras manten\u00edan control criminal en diferentes sectores de la ciudad.<\/p>\n<p>El integrante de \u2018El Coco\u2019, quien permanec\u00eda evadido de la justicia desde mayo de 2024, habr\u00eda liderado durante m\u00e1s de dos d\u00e9cadas actividades delictivas en barrios como Santa Luc\u00eda, La Floresta, La Am\u00e9rica, Santa Rosa de Lima, Juan XXIII, La Divisa y La Pradera, donde ordenaba cobros extorsivos semanales entre $50.000 y $80.000 a transportadores y comerciantes. Adem\u00e1s, las autoridades identificaron presuntos v\u00ednculos con redes de narcotr\u00e1fico en la costa Caribe y con oficinas de cobro en Barranquilla, Santa Marta y Cartagena.<\/p>\n<p>\u201cCada captura de quienes dirigen o ejecutan la extorsi\u00f3n es un golpe directo a las estructuras criminales que afectan a nuestros comerciantes, transportadores y ciudadanos. Vamos tras los cabecillas y las redes que pretenden controlar territorios a trav\u00e9s del miedo\u201d, afirm\u00f3 el secretario de Seguridad, Manuel Villa Mej\u00eda.<\/p>\n<p>Alias \u2018\u00c1rabe\u2019, por su parte, ser\u00eda el encargado de coordinar extorsiones y secuestros extorsivos en sectores como Olaya Herrera, Blanquizal y Cucaracho. Las autoridades lo vinculan con el secuestro de dos personas ocurrido el 8 de marzo de 2025. En ese caso exig\u00edan, por su liberaci\u00f3n, alrededor de $12 millones, adem\u00e1s de $3 millones para devolver una motocicleta. Este hombre es se\u00f1alado como responsable del homicidio de alias \u2018Ro\u00f1a\u2019, en enero de 2026, en medio de disputas internas por el control criminal del territorio.<\/p>\n<p><img loading=\"lazy\" class=\"alignnone wp-image-502114 size-full\" title=\"Polic\u00eda realizando una requisa\" src=\"https:\/\/www.medellin.gov.co\/es\/wp-content\/uploads\/2026\/02\/Imagen-de-policia-realizando-una-requisa.jpg\" alt=\"Imagen de polic\u00eda realizando una requisa\" width=\"1280\" height=\"720\" srcset=\"https:\/\/www.medellin.gov.co\/es\/wp-content\/uploads\/2026\/02\/Imagen-de-policia-realizando-una-requisa.jpg 1280w, https:\/\/www.medellin.gov.co\/es\/wp-content\/uploads\/2026\/02\/Imagen-de-policia-realizando-una-requisa-300x169.jpg 300w, https:\/\/www.medellin.gov.co\/es\/wp-content\/uploads\/2026\/02\/Imagen-de-policia-realizando-una-requisa-1024x576.jpg 1024w, https:\/\/www.medellin.gov.co\/es\/wp-content\/uploads\/2026\/02\/Imagen-de-policia-realizando-una-requisa-150x84.jpg 150w, https:\/\/www.medellin.gov.co\/es\/wp-content\/uploads\/2026\/02\/Imagen-de-policia-realizando-una-requisa-768x432.jpg 768w\" sizes=\"(max-width: 1280px) 100vw, 1280px\" \/><\/p>\n<p>\u201cEstos resultados no son casualidad, son producto de una estrategia sostenida de inteligencia, investigaci\u00f3n criminal y operaciones contra las estructuras que extorsionan. Cada cabecilla capturado significa menos presi\u00f3n criminal sobre los ciudadanos y m\u00e1s control territorial por parte del Estado\u201d, agreg\u00f3 Villa Mej\u00eda.<\/p>\n<p>Los capturados fueron puestos a disposici\u00f3n de la Fiscal\u00eda General de la Naci\u00f3n por los delitos de concierto para delinquir agravado, extorsi\u00f3n, secuestro extorsivo y hurto. Durante los procedimientos se incautaron tres tel\u00e9fonos celulares que ser\u00e1n analizados para fortalecer las investigaciones.<\/p>\n<p>Las autoridades destacaron que estos resultados se reflejan en la reducci\u00f3n de delitos de alto impacto en Medell\u00edn. Seg\u00fan el balance de seguridad con corte al 6 de marzo de 2026, los casos de extorsi\u00f3n han disminuido un 54 %, al pasar de 110 denuncias en el mismo periodo de 2025 a 51 en lo corrido de 2026.<\/p>\n","protected":false},"excerpt":{"rendered":"<p>Se trata de alias \u2018T\u00edo\u2019, cabecilla del grupo de delincuencia com\u00fan organizada \u2018El Coco\u2019, y \u2018\u00c1rabe\u2019, de la estructura ilegal \u2018Los del Llano\u2019. La extorsi\u00f3n en Medell\u00edn registra una reducci\u00f3n del 54 % en 2026, &#8230;<\/p>\n","protected":false},"author":95,"featured_media":507653,"comment_status":"open","ping_status":"open","sticky":false,"template":"","format":"standard","meta":[],"categories":[21],"tags":[619],"formato_nota":[],"programas_tax":[],"acf":[],"_links":{"self":[{"href":"https:\/\/www.medellin.gov.co\/es\/wp-json\/wp\/v2\/posts\/507649"}],"collection":[{"href":"https:\/\/www.medellin.gov.co\/es\/wp-json\/wp\/v2\/posts"}],"about":[{"href":"https:\/\/www.medellin.gov.co\/es\/wp-json\/wp\/v2\/types\/post"}],"author":[{"embeddable":true,"href":"https:\/\/www.medellin.gov.co\/es\/wp-json\/wp\/v2\/users\/95"}],"replies":[{"embeddable":true,"href":"https:\/\/www.medellin.gov.co\/es\/wp-json\/wp\/v2\/comments?post=507649"}],"version-history":[{"count":1,"href":"https:\/\/www.medellin.gov.co\/es\/wp-json\/wp\/v2\/posts\/507649\/revisions"}],"predecessor-version":[{"id":507658,"href":"https:\/\/www.medellin.gov.co\/es\/wp-json\/wp\/v2\/posts\/507649\/revisions\/507658"}],"wp:featuredmedia":[{"embeddable":true,"href":"https:\/\/www.medellin.gov.co\/es\/wp-json\/wp\/v2\/media\/507653"}],"wp:attachment":[{"href":"https:\/\/www.medellin.gov.co\/es\/wp-json\/wp\/v2\/media?parent=507649"}],"wp:term":[{"taxonomy":"category","embeddable":true,"href":"https:\/\/www.medellin.gov.co\/es\/wp-json\/wp\/v2\/categories?post=507649"},{"taxonomy":"post_tag","embeddable":true,"href":"https:\/\/www.medellin.gov.co\/es\/wp-json\/wp\/v2\/tags?post=507649"},{"taxonomy":"formato_nota","embeddable":true,"href":"https:\/\/www.medellin.gov.co\/es\/wp-json\/wp\/v2\/formato_nota?post=507649"},{"taxonomy":"programas_tax","embeddable":true,"href":"https:\/\/www.medellin.gov.co\/es\/wp-json\/wp\/v2\/programas_tax?post=507649"}],"curies":[{"name":"wp","href":"https:\/\/api.w.org\/{rel}","templated":true}]}}