{"id":507659,"date":"2026-03-10T15:32:43","date_gmt":"2026-03-10T20:32:43","guid":{"rendered":"https:\/\/www.medellin.gov.co\/es\/?p=507659"},"modified":"2026-03-10T15:32:43","modified_gmt":"2026-03-10T20:32:43","slug":"medellin-cuenta-con-mentor-un-proyecto-para-acompanar-a-los-jovenes-en-su-camino-a-la-educacion-superior","status":"publish","type":"post","link":"https:\/\/www.medellin.gov.co\/es\/sala-de-prensa\/noticias\/medellin-cuenta-con-mentor-un-proyecto-para-acompanar-a-los-jovenes-en-su-camino-a-la-educacion-superior\/","title":{"rendered":"Medell\u00edn cuenta con Mentor, un proyecto para acompa\u00f1ar a los j\u00f3venes en su camino a la educaci\u00f3n superior"},"content":{"rendered":"<ul>\n<li>La iniciativa beneficiar\u00e1 a m\u00e1s de 800 estudiantes de 15 instituciones oficiales.<\/li>\n<li>El programa fortalecer\u00e1 la orientaci\u00f3n vocacional, el acompa\u00f1amiento socioemocional y el rol de las familias para prevenir la deserci\u00f3n escolar.<\/li>\n<\/ul>\n<!--[if lt IE 9]><script>document.createElement('audio');<\/script><![endif]-->\n\t<div class=\"wp-playlist wp-audio-playlist wp-playlist-light\">\n\t\t\t<div class=\"wp-playlist-current-item\"><\/div>\n\t\t<audio controls=\"controls\" preload=\"none\" width=\"640\"\n\t\t\t><\/audio>\n\t<div class=\"wp-playlist-next\"><\/div>\n\t<div class=\"wp-playlist-prev\"><\/div>\n\t<noscript>\n\t<ol>\n\t\t<li><a href='https:\/\/www.medellin.gov.co\/es\/wp-content\/uploads\/2026\/03\/Declaraciones-secretaria-de-Educacion-Carolina-Franco-Giraldo-1.mp3'>Declaraciones secretaria de Educaci\u00f3n, Carolina Franco Giraldo<\/a><\/li>\t<\/ol>\n\t<\/noscript>\n\t<script type=\"application\/json\" class=\"wp-playlist-script\">{\"type\":\"audio\",\"tracklist\":true,\"tracknumbers\":true,\"images\":true,\"artists\":true,\"tracks\":[{\"src\":\"https:\\\/\\\/www.medellin.gov.co\\\/es\\\/wp-content\\\/uploads\\\/2026\\\/03\\\/Declaraciones-secretaria-de-Educacion-Carolina-Franco-Giraldo-1.mp3\",\"type\":\"audio\\\/mpeg\",\"title\":\"Declaraciones secretaria de Educaci\\u00f3n, Carolina Franco Giraldo\",\"caption\":\"\",\"description\":\"\\u00abDeclaraciones secretaria de Educaci\\u00f3n, Carolina Franco Giraldo\\u00bb. G\\u00e9nero: Blues.\",\"meta\":{\"genre\":\"Blues\",\"length_formatted\":\"1:15\"},\"image\":{\"src\":\"https:\\\/\\\/www.medellin.gov.co\\\/es\\\/wp-includes\\\/images\\\/media\\\/audio.png\",\"width\":48,\"height\":64},\"thumb\":{\"src\":\"https:\\\/\\\/www.medellin.gov.co\\\/es\\\/wp-includes\\\/images\\\/media\\\/audio.png\",\"width\":48,\"height\":64}}]}<\/script>\n<\/div>\n\t\n<p>La <a href=\"https:\/\/www.instagram.com\/alcaldiademed\/?hl=es-la\" target=\"_blank\" rel=\"noopener\">Alcald\u00eda de Medell\u00edn<\/a>, junto con la Fundaci\u00f3n Vibra en Alta, Proantioquia, Fundaci\u00f3n MUV, Corporaci\u00f3n Presencia, Fundaci\u00f3n Sof\u00eda P\u00e9rez de Soto, Coschool y Eafit, pondr\u00e1 en marcha el proyecto Mentor, una iniciativa para la permanencia escolar y facilitar el tr\u00e1nsito hacia la educaci\u00f3n posterior a la secundaria, as\u00ed como a la formaci\u00f3n para el trabajo.<\/p>\n<p><img loading=\"lazy\" class=\"alignnone wp-image-507669 size-full\" title=\"Mentor, un proyecto para acompa\u00f1ar a los j\u00f3venes en su camino a la educaci\u00f3n superior\" src=\"https:\/\/www.medellin.gov.co\/es\/wp-content\/uploads\/2026\/03\/Imagen-Mentor-un-proyecto-para-acompanar-a-los-jovenes-en-su-camino-a-la-educacion-superior-2.jpg\" alt=\"Imagen Mentor, un proyecto para acompa\u00f1ar a los j\u00f3venes en su camino a la educaci\u00f3n superior (2)\" width=\"1276\" height=\"850\" srcset=\"https:\/\/www.medellin.gov.co\/es\/wp-content\/uploads\/2026\/03\/Imagen-Mentor-un-proyecto-para-acompanar-a-los-jovenes-en-su-camino-a-la-educacion-superior-2.jpg 1276w, https:\/\/www.medellin.gov.co\/es\/wp-content\/uploads\/2026\/03\/Imagen-Mentor-un-proyecto-para-acompanar-a-los-jovenes-en-su-camino-a-la-educacion-superior-2-300x200.jpg 300w, https:\/\/www.medellin.gov.co\/es\/wp-content\/uploads\/2026\/03\/Imagen-Mentor-un-proyecto-para-acompanar-a-los-jovenes-en-su-camino-a-la-educacion-superior-2-1024x682.jpg 1024w, https:\/\/www.medellin.gov.co\/es\/wp-content\/uploads\/2026\/03\/Imagen-Mentor-un-proyecto-para-acompanar-a-los-jovenes-en-su-camino-a-la-educacion-superior-2-150x100.jpg 150w, https:\/\/www.medellin.gov.co\/es\/wp-content\/uploads\/2026\/03\/Imagen-Mentor-un-proyecto-para-acompanar-a-los-jovenes-en-su-camino-a-la-educacion-superior-2-768x512.jpg 768w\" sizes=\"(max-width: 1276px) 100vw, 1276px\" \/><\/p>\n<p>Mentor surge como una estrategia entre actores del sector p\u00fablico, privado y social para acompa\u00f1ar la transici\u00f3n entre la educaci\u00f3n media y la vida acad\u00e9mica o laboral. A trav\u00e9s de procesos de orientaci\u00f3n vocacional, acompa\u00f1amiento socioemocional y trabajo con las familias, el programa busca que m\u00e1s j\u00f3venes contin\u00faen con sus estudios y construyan proyectos de vida con mayores oportunidades.<\/p>\n<p>\u201cEn Medell\u00edn, la movilizaci\u00f3n social por la educaci\u00f3n es lo que ha garantizado que tantas ni\u00f1as y ni\u00f1os permanezcan en nuestras instituciones. Mejoramos la cifra de deserci\u00f3n, hoy la tenemos en 2.4 %, y programas como este, que van a llegar a 15 planteles, a m\u00e1s de 800 estudiantes y a 30 directivos docentes, nos van a garantizar que nuestros alumnos tomen muy buenas decisiones para el acceso a la educaci\u00f3n superior\u201d, indic\u00f3 la secretaria de Educaci\u00f3n, Carolina Franco Giraldo.<\/p>\n<p><img loading=\"lazy\" class=\"alignnone wp-image-507666 size-full\" title=\"Mentor, un proyecto para acompa\u00f1ar a los j\u00f3venes en su camino a la educaci\u00f3n superior\" src=\"https:\/\/www.medellin.gov.co\/es\/wp-content\/uploads\/2026\/03\/Imagen-Mentor-un-proyecto-para-acompanar-a-los-jovenes-en-su-camino-a-la-educacion-superior-1.jpg\" alt=\"Imagen Mentor, un proyecto para acompa\u00f1ar a los j\u00f3venes en su camino a la educaci\u00f3n superior (1)\" width=\"1275\" height=\"850\" srcset=\"https:\/\/www.medellin.gov.co\/es\/wp-content\/uploads\/2026\/03\/Imagen-Mentor-un-proyecto-para-acompanar-a-los-jovenes-en-su-camino-a-la-educacion-superior-1.jpg 1275w, https:\/\/www.medellin.gov.co\/es\/wp-content\/uploads\/2026\/03\/Imagen-Mentor-un-proyecto-para-acompanar-a-los-jovenes-en-su-camino-a-la-educacion-superior-1-300x200.jpg 300w, https:\/\/www.medellin.gov.co\/es\/wp-content\/uploads\/2026\/03\/Imagen-Mentor-un-proyecto-para-acompanar-a-los-jovenes-en-su-camino-a-la-educacion-superior-1-1024x683.jpg 1024w, https:\/\/www.medellin.gov.co\/es\/wp-content\/uploads\/2026\/03\/Imagen-Mentor-un-proyecto-para-acompanar-a-los-jovenes-en-su-camino-a-la-educacion-superior-1-150x100.jpg 150w, https:\/\/www.medellin.gov.co\/es\/wp-content\/uploads\/2026\/03\/Imagen-Mentor-un-proyecto-para-acompanar-a-los-jovenes-en-su-camino-a-la-educacion-superior-1-768x512.jpg 768w\" sizes=\"(max-width: 1275px) 100vw, 1275px\" \/><\/p>\n<p>Durante 2026, el proyecto impactar\u00e1 a m\u00e1s de 800 alumnos de educaci\u00f3n media de 15 instituciones oficiales de Medell\u00edn, priorizando a quienes presentan riesgo de deserci\u00f3n escolar. Esto contempla orientaci\u00f3n vocacional para ayudar a los estudiantes a identificar sus intereses y habilidades, espacios de acompa\u00f1amiento socioemocional enfocados en su bienestar y motivaci\u00f3n, y acciones de fortalecimiento familiar e institucional.<\/p>\n<p>La iniciativa esta alineada con la estrategia de monitoreo y seguimiento a la permanencia escolar que atiende las capacidades de las instituciones para prevenir el abandono escolar.<\/p>\n<p><img loading=\"lazy\" class=\"alignnone wp-image-507662 size-full\" title=\"Mentor, un proyecto para acompa\u00f1ar a los j\u00f3venes en su camino a la educaci\u00f3n superior\" src=\"https:\/\/www.medellin.gov.co\/es\/wp-content\/uploads\/2026\/03\/Imagen-Mentor-un-proyecto-para-acompanar-a-los-jovenes-en-su-camino-a-la-educacion-superior-4.jpg\" alt=\"Imagen Mentor, un proyecto para acompa\u00f1ar a los j\u00f3venes en su camino a la educaci\u00f3n superior (4)\" width=\"1275\" height=\"850\" srcset=\"https:\/\/www.medellin.gov.co\/es\/wp-content\/uploads\/2026\/03\/Imagen-Mentor-un-proyecto-para-acompanar-a-los-jovenes-en-su-camino-a-la-educacion-superior-4.jpg 1275w, https:\/\/www.medellin.gov.co\/es\/wp-content\/uploads\/2026\/03\/Imagen-Mentor-un-proyecto-para-acompanar-a-los-jovenes-en-su-camino-a-la-educacion-superior-4-300x200.jpg 300w, https:\/\/www.medellin.gov.co\/es\/wp-content\/uploads\/2026\/03\/Imagen-Mentor-un-proyecto-para-acompanar-a-los-jovenes-en-su-camino-a-la-educacion-superior-4-1024x683.jpg 1024w, https:\/\/www.medellin.gov.co\/es\/wp-content\/uploads\/2026\/03\/Imagen-Mentor-un-proyecto-para-acompanar-a-los-jovenes-en-su-camino-a-la-educacion-superior-4-150x100.jpg 150w, https:\/\/www.medellin.gov.co\/es\/wp-content\/uploads\/2026\/03\/Imagen-Mentor-un-proyecto-para-acompanar-a-los-jovenes-en-su-camino-a-la-educacion-superior-4-768x512.jpg 768w\" sizes=\"(max-width: 1275px) 100vw, 1275px\" \/><\/p>\n<p>Mentor se implementa en el marco de la apuesta de Escuela Inteligente, para que los j\u00f3venes consoliden sus proyectos de vida y avancen hacia la educaci\u00f3n superior o la formaci\u00f3n para el trabajo.<\/p>\n","protected":false},"excerpt":{"rendered":"<p>La iniciativa beneficiar\u00e1 a m\u00e1s de 800 estudiantes de 15 instituciones oficiales. El programa fortalecer\u00e1 la orientaci\u00f3n vocacional, el acompa\u00f1amiento socioemocional y el rol de las familias para prevenir la deserci\u00f3n escolar. La Alcald\u00eda de &#8230;<\/p>\n","protected":false},"author":95,"featured_media":507664,"comment_status":"open","ping_status":"open","sticky":false,"template":"","format":"standard","meta":[],"categories":[4],"tags":[431],"formato_nota":[],"programas_tax":[],"acf":[],"_links":{"self":[{"href":"https:\/\/www.medellin.gov.co\/es\/wp-json\/wp\/v2\/posts\/507659"}],"collection":[{"href":"https:\/\/www.medellin.gov.co\/es\/wp-json\/wp\/v2\/posts"}],"about":[{"href":"https:\/\/www.medellin.gov.co\/es\/wp-json\/wp\/v2\/types\/post"}],"author":[{"embeddable":true,"href":"https:\/\/www.medellin.gov.co\/es\/wp-json\/wp\/v2\/users\/95"}],"replies":[{"embeddable":true,"href":"https:\/\/www.medellin.gov.co\/es\/wp-json\/wp\/v2\/comments?post=507659"}],"version-history":[{"count":1,"href":"https:\/\/www.medellin.gov.co\/es\/wp-json\/wp\/v2\/posts\/507659\/revisions"}],"predecessor-version":[{"id":507674,"href":"https:\/\/www.medellin.gov.co\/es\/wp-json\/wp\/v2\/posts\/507659\/revisions\/507674"}],"wp:featuredmedia":[{"embeddable":true,"href":"https:\/\/www.medellin.gov.co\/es\/wp-json\/wp\/v2\/media\/507664"}],"wp:attachment":[{"href":"https:\/\/www.medellin.gov.co\/es\/wp-json\/wp\/v2\/media?parent=507659"}],"wp:term":[{"taxonomy":"category","embeddable":true,"href":"https:\/\/www.medellin.gov.co\/es\/wp-json\/wp\/v2\/categories?post=507659"},{"taxonomy":"post_tag","embeddable":true,"href":"https:\/\/www.medellin.gov.co\/es\/wp-json\/wp\/v2\/tags?post=507659"},{"taxonomy":"formato_nota","embeddable":true,"href":"https:\/\/www.medellin.gov.co\/es\/wp-json\/wp\/v2\/formato_nota?post=507659"},{"taxonomy":"programas_tax","embeddable":true,"href":"https:\/\/www.medellin.gov.co\/es\/wp-json\/wp\/v2\/programas_tax?post=507659"}],"curies":[{"name":"wp","href":"https:\/\/api.w.org\/{rel}","templated":true}]}}