{"id":50805,"date":"2021-06-29T00:00:00","date_gmt":"2021-06-29T05:00:00","guid":{"rendered":"https:\/\/www.medellin.gov.co\/es\/saladeprensa\/noticias\/10-razones-para-no-perderse-la-cumbre-de-empleo-joven\/"},"modified":"2024-11-08T10:47:15","modified_gmt":"2024-11-08T15:47:15","slug":"10-razones-para-no-perderse-la-cumbre-de-empleo-joven","status":"publish","type":"post","link":"https:\/\/www.medellin.gov.co\/es\/sala-de-prensa\/noticias\/10-razones-para-no-perderse-la-cumbre-de-empleo-joven\/","title":{"rendered":"10 razones para no perderse la Cumbre de empleo joven"},"content":{"rendered":"<p>&nbsp;<\/p>\n<div class=\"wrap contenido\">\n<div class=\"noticia\">\n<div class=\"imagen\">\n<div class=\"divContImageNoticia input_plantilla input_background\" style=\"background-image: url('\/irj\/go\/km\/docs\/galerias\/Imagenes\/Galer\u00eda d\u00eda a d\u00eda 2021\/500_400\/20210630-Empleo-Joven-1.jpg');\" data-input=\"fotografia\"><\/div>\n<p class=\"pMetaDesc\">Foto: \u00a110 razones para no perderse la Cumbre de empleo joven!.<\/p>\n<p class=\"pMetaFotografo\">Fot\u00f3grafo: Foto Alcald\u00eda de Medell\u00edn<\/p>\n<\/div>\n<p class=\"fecha\"><span class=\"input_plantilla input_text\" data-input=\"fecha\">2021-06-30<\/span><\/p>\n<p><span class=\"input_plantilla input_text\" data-input=\"titulo\">\u00a110 razones para no perderse la Cumbre de empleo joven!<\/span><\/p>\n<h5 class=\"input_plantilla input_text\" data-input=\"autor\">Por Nathy Saldarriaga<\/h5>\n<div class=\"cuerpo input_plantilla input_area\" data-input=\"contenido\">\n<p>Hasta este 30 de junio, los j\u00f3venes podr\u00e1n acceder a oferta institucional p\u00fablica y privada, y podr\u00e1n encontrar oportunidades en el mercado laboral.<\/p>\n<p>El evento que se est\u00e1 desarrollando en Plaza Mayor cuenta 25 actividades y la entrada es libre, con inscripci\u00f3n.<\/p>\n<p><a title=\"\u00a110 razones para no perderse la Cumbre de empleo joven!\" href=\"\/irj\/go\/km\/docs\/galerias\/Imagenes\/Galer%C3%ADa%20d%C3%ADa%20a%20d%C3%ADa%202021\/20210630-Empleo-Joven-2.jpeg\" target=\"_blank\" rel=\"noopener\"><img src=\"\/irj\/go\/km\/docs\/galerias\/Imagenes\/Galer%C3%ADa%20d%C3%ADa%20a%20d%C3%ADa%202021\/1000_450\/20210630-Empleo-Joven-2.jpg\" alt=\"\u00a110 razones para no perderse la Cumbre de empleo joven!\" width=\"100%\" \/><\/a><\/p>\n<ol>\n<li>Encontrar oportunidades laborales con oferta institucional p\u00fablica y privada.<\/li>\n<li>Emprendimientos juveniles #MercadoJoven.<\/li>\n<li>Orientaci\u00f3n para entrar al mercado laboral joven.<\/li>\n<li>Talleres de innovaci\u00f3n y del Valle de Software.<\/li>\n<li>Orientaci\u00f3n y mejoras de la hoja de vida y entrevistas de trabajo.<\/li>\n<li>Asesor\u00edas individuales y \u2018Escuchaderos\u00b4 con orientaci\u00f3n psicol\u00f3gica profesional.<\/li>\n<li>Oportunidades con 480 empresas aliadas y 26 pares de Desarrollo Econ\u00f3mico del pa\u00eds.<\/li>\n<li>Comer algo rico o compartir un caf\u00e9.<\/li>\n<li>Disfrutar de las muestras art\u00edsticas.<\/li>\n<li>Asistir a los conversatorios y talleres did\u00e1cticos.<\/li>\n<li>Apoyar el talento local comprando Hecho en Medell\u00edn.<\/li>\n<\/ol>\n<p>La cumbre es uno de los hitos del Plan Joven que se puso en marcha de la mano con la reactivaci\u00f3n econ\u00f3mica de Medell\u00edn y prioriza las oportunidades de empleo, educaci\u00f3n y participaci\u00f3n para la juventud, que representa una cuarta parte de la poblaci\u00f3n de la ciudad. Si no puedes desplazarte, con\u00e9ctate a trav\u00e9s de las redes sociales de la Alcald\u00eda de Medell\u00edn y si quieres participar, consulta c\u00f3mo en <a href=\"http:\/\/cumbredelempleo.medellinjoven.com\/\">cumbredelempleo.medellinjoven.com<\/a><\/p>\n<\/div>\n<div class=\"compartir\">Compartir en:<\/div>\n<\/div>\n<p><script>try{comprobarImagen();fixBtnRedes();hitsMedellin();}catch(e){}<\/script><\/p>\n<\/div>\n<p>&nbsp;<\/p>\n","protected":false},"excerpt":{"rendered":"<p>&nbsp; Foto: \u00a110 razones para no perderse la Cumbre de empleo joven!. Fot\u00f3grafo: Foto Alcald\u00eda de Medell\u00edn 2021-06-30 \u00a110 razones para no perderse la Cumbre de empleo joven! Por Nathy Saldarriaga Hasta este 30 de &#8230;<\/p>\n","protected":false},"author":1,"featured_media":56164,"comment_status":"open","ping_status":"open","sticky":false,"template":"","format":"standard","meta":[],"categories":[3,8,12],"tags":[437,433,428,449],"formato_nota":[],"programas_tax":[],"acf":[],"_links":{"self":[{"href":"https:\/\/www.medellin.gov.co\/es\/wp-json\/wp\/v2\/posts\/50805"}],"collection":[{"href":"https:\/\/www.medellin.gov.co\/es\/wp-json\/wp\/v2\/posts"}],"about":[{"href":"https:\/\/www.medellin.gov.co\/es\/wp-json\/wp\/v2\/types\/post"}],"author":[{"embeddable":true,"href":"https:\/\/www.medellin.gov.co\/es\/wp-json\/wp\/v2\/users\/1"}],"replies":[{"embeddable":true,"href":"https:\/\/www.medellin.gov.co\/es\/wp-json\/wp\/v2\/comments?post=50805"}],"version-history":[{"count":2,"href":"https:\/\/www.medellin.gov.co\/es\/wp-json\/wp\/v2\/posts\/50805\/revisions"}],"predecessor-version":[{"id":362912,"href":"https:\/\/www.medellin.gov.co\/es\/wp-json\/wp\/v2\/posts\/50805\/revisions\/362912"}],"wp:featuredmedia":[{"embeddable":true,"href":"https:\/\/www.medellin.gov.co\/es\/wp-json\/wp\/v2\/media\/56164"}],"wp:attachment":[{"href":"https:\/\/www.medellin.gov.co\/es\/wp-json\/wp\/v2\/media?parent=50805"}],"wp:term":[{"taxonomy":"category","embeddable":true,"href":"https:\/\/www.medellin.gov.co\/es\/wp-json\/wp\/v2\/categories?post=50805"},{"taxonomy":"post_tag","embeddable":true,"href":"https:\/\/www.medellin.gov.co\/es\/wp-json\/wp\/v2\/tags?post=50805"},{"taxonomy":"formato_nota","embeddable":true,"href":"https:\/\/www.medellin.gov.co\/es\/wp-json\/wp\/v2\/formato_nota?post=50805"},{"taxonomy":"programas_tax","embeddable":true,"href":"https:\/\/www.medellin.gov.co\/es\/wp-json\/wp\/v2\/programas_tax?post=50805"}],"curies":[{"name":"wp","href":"https:\/\/api.w.org\/{rel}","templated":true}]}}