{"id":508148,"date":"2026-03-11T16:31:22","date_gmt":"2026-03-11T21:31:22","guid":{"rendered":"https:\/\/www.medellin.gov.co\/es\/?p=508148"},"modified":"2026-03-11T22:10:01","modified_gmt":"2026-03-12T03:10:01","slug":"abierta-la-segunda-convocatoria-de-semilla-verde-para-impulsar-200-emprendimientos-sostenibles-de-medellin","status":"publish","type":"post","link":"https:\/\/www.medellin.gov.co\/es\/sala-de-prensa\/noticias\/abierta-la-segunda-convocatoria-de-semilla-verde-para-impulsar-200-emprendimientos-sostenibles-de-medellin\/","title":{"rendered":"Abierta la segunda convocatoria de Semilla Verde para impulsar 200 emprendimientos sostenibles de Medell\u00edn"},"content":{"rendered":"<ul>\n<li>Podr\u00e1n participar iniciativas relacionadas con turismo responsable, agricultura ecol\u00f3gica, moda circular, manejo de residuos, biotecnolog\u00eda, construcci\u00f3n verde, movilidad limpia y econom\u00eda circular, entre otros.<\/li>\n<li>Los interesados podr\u00e1n inscribirse hasta el 31 de marzo.<\/li>\n<\/ul>\n<!--[if lt IE 9]><script>document.createElement('audio');<\/script><![endif]-->\n\t<div class=\"wp-playlist wp-audio-playlist wp-playlist-light\">\n\t\t\t<div class=\"wp-playlist-current-item\"><\/div>\n\t\t<audio controls=\"controls\" preload=\"none\" width=\"640\"\n\t\t\t><\/audio>\n\t<div class=\"wp-playlist-next\"><\/div>\n\t<div class=\"wp-playlist-prev\"><\/div>\n\t<noscript>\n\t<ol>\n\t\t<li><a href='https:\/\/www.medellin.gov.co\/es\/wp-content\/uploads\/2026\/03\/Declaraciones-de-la-secretaria-de-Desarrollo-Economico-Maria-Fernanda-Galeano-Rojo.mp3'>Declaraciones de la secretaria de Desarrollo Econ\u00f3mico, Maria Fernanda Galeano Rojo<\/a><\/li><li><a href='https:\/\/www.medellin.gov.co\/es\/wp-content\/uploads\/2026\/03\/Declaraciones-del-lider-de-Conciencia-Organica-emprendimiento-de-Santa-Elena-Diana-Cajigas.mp3'>Declaraciones del l\u00edder de Conciencia Org\u00e1nica, emprendimiento de Santa Elena, Diana Cajigas<\/a><\/li>\t<\/ol>\n\t<\/noscript>\n\t<script type=\"application\/json\" class=\"wp-playlist-script\">{\"type\":\"audio\",\"tracklist\":true,\"tracknumbers\":true,\"images\":true,\"artists\":true,\"tracks\":[{\"src\":\"https:\\\/\\\/www.medellin.gov.co\\\/es\\\/wp-content\\\/uploads\\\/2026\\\/03\\\/Declaraciones-de-la-secretaria-de-Desarrollo-Economico-Maria-Fernanda-Galeano-Rojo.mp3\",\"type\":\"audio\\\/mpeg\",\"title\":\"Declaraciones de la secretaria de Desarrollo Econ\\u00f3mico, Maria Fernanda Galeano Rojo\",\"caption\":\"\",\"description\":\"\\u00abDeclaraciones de la secretaria de Desarrollo Econ\\u00f3mico, Maria Fernanda Galeano Rojo\\u00bb. \",\"meta\":{\"genre\":\"Blues\",\"length_formatted\":\"0:36\"},\"image\":{\"src\":\"https:\\\/\\\/www.medellin.gov.co\\\/es\\\/wp-includes\\\/images\\\/media\\\/audio.png\",\"width\":48,\"height\":64},\"thumb\":{\"src\":\"https:\\\/\\\/www.medellin.gov.co\\\/es\\\/wp-includes\\\/images\\\/media\\\/audio.png\",\"width\":48,\"height\":64}},{\"src\":\"https:\\\/\\\/www.medellin.gov.co\\\/es\\\/wp-content\\\/uploads\\\/2026\\\/03\\\/Declaraciones-del-lider-de-Conciencia-Organica-emprendimiento-de-Santa-Elena-Diana-Cajigas.mp3\",\"type\":\"audio\\\/mpeg\",\"title\":\"Declaraciones del l\\u00edder de Conciencia Org\\u00e1nica, emprendimiento de Santa Elena, Diana Cajigas\",\"caption\":\"\",\"description\":\"\\u00abDeclaraciones del l\\u00edder de Conciencia Org\\u00e1nica, emprendimiento de Santa Elena, Diana Cajigas\\u00bb. \",\"meta\":{\"genre\":\"Blues\",\"length_formatted\":\"0:26\"},\"image\":{\"src\":\"https:\\\/\\\/www.medellin.gov.co\\\/es\\\/wp-includes\\\/images\\\/media\\\/audio.png\",\"width\":48,\"height\":64},\"thumb\":{\"src\":\"https:\\\/\\\/www.medellin.gov.co\\\/es\\\/wp-includes\\\/images\\\/media\\\/audio.png\",\"width\":48,\"height\":64}}]}<\/script>\n<\/div>\n\t\n<p>Los emprendimientos sostenibles y circulares de las 16 comunas y los 5 corregimientos de Medell\u00edn ya pueden postularse a la segunda edici\u00f3n de la <a href=\"https:\/\/socya.org.co\/semillaverde\/\" target=\"_blank\" rel=\"noopener\">convocatoria Semilla Verde<\/a>, la cual implementa distintas acciones y ofrece herramientas para afianzar iniciativas con enfoque social y ambiental.<\/p>\n<p>\u201c<em>Es un programa con el que vamos a fortalecer hasta a 200 empresas. Los seleccionados recibir\u00e1n formaci\u00f3n en modelos de negocio sostenibles, talleres para mejorar sus capacidades y acompa\u00f1amiento especializado para hacer crecer sus proyectos. Adem\u00e1s, las iniciativas con mayor potencial podr\u00e1n avanzar hacia la estructuraci\u00f3n de planes de inversi\u00f3n y acceder a incentivos para su puesta en marcha. Con Semilla Verde, Medell\u00edn sigue impulsando el talento emprendedor y las ideas que ayudan a construir una ciudad m\u00e1s sostenible<\/em>\u201d, dijo la secretaria de Desarrollo Econ\u00f3mico, Maria Fernanda Galeano Rojo.<\/p>\n<p>La convocatoria es liderada por la Alcald\u00eda de Medell\u00edn, en alianza con la Fundaci\u00f3n Socya, y est\u00e1 dirigida a personas mayores de 18 a\u00f1os que tengan emprendimientos relacionados con turismo responsable, agrosistemas y agroindustria sostenible, biocomercio, biotecnolog\u00eda, aprovechamiento y valorizaci\u00f3n de residuos, moda sostenible, gesti\u00f3n de residuos, econom\u00eda circular, construcci\u00f3n sostenible, empaques ecol\u00f3gicos, tecnolog\u00edas verdes, preservaci\u00f3n de ecosistemas y movilidad inteligente.<\/p>\n<p><a href=\"https:\/\/www.medellin.gov.co\/es\/wp-content\/uploads\/2026\/03\/Imagen-de-una-sesion-en-salon.jpg\" target=\"_blank\" rel=\"noopener\"><img loading=\"lazy\" class=\"alignnone wp-image-508104 size-full\" title=\"sesi\u00f3n en sal\u00f3n\" src=\"https:\/\/www.medellin.gov.co\/es\/wp-content\/uploads\/2026\/03\/Imagen-de-una-sesion-en-salon.jpg\" alt=\"Imagen de una sesi\u00f3n en sal\u00f3n\" width=\"1280\" height=\"719\" srcset=\"https:\/\/www.medellin.gov.co\/es\/wp-content\/uploads\/2026\/03\/Imagen-de-una-sesion-en-salon.jpg 1280w, https:\/\/www.medellin.gov.co\/es\/wp-content\/uploads\/2026\/03\/Imagen-de-una-sesion-en-salon-300x169.jpg 300w, https:\/\/www.medellin.gov.co\/es\/wp-content\/uploads\/2026\/03\/Imagen-de-una-sesion-en-salon-1024x575.jpg 1024w, https:\/\/www.medellin.gov.co\/es\/wp-content\/uploads\/2026\/03\/Imagen-de-una-sesion-en-salon-150x84.jpg 150w, https:\/\/www.medellin.gov.co\/es\/wp-content\/uploads\/2026\/03\/Imagen-de-una-sesion-en-salon-768x431.jpg 768w\" sizes=\"(max-width: 1280px) 100vw, 1280px\" \/><\/a><\/p>\n<p>Mediante esta segunda edici\u00f3n, el Distrito reafirma su compromiso con el fortalecimiento del ecosistema de emprendimiento sostenible, promueve la innovaci\u00f3n responsable y conecta a los participantes con aliados estrat\u00e9gicos del territorio.<\/p>\n<p>\u201c<em>Es importante apoyar este tipo de emprendimiento, porque adem\u00e1s del factor econ\u00f3mico que debe tener todo proyecto, estamos dando un impacto positivo a nivel ambiental y social. Entonces, creo que es importante fortalecer, aprender y apoyar este tipo de proyectos para dar un aporte a la comunidad y a la sociedad en la que estamos trabajando<\/em>\u201d, se\u00f1al\u00f3 Diana Cajigas, l\u00edder del Conciencia Org\u00e1nica, emprendimiento de Santa Elena.<\/p>\n<p>Los seleccionados acceder\u00e1n a formaci\u00f3n grupal en modelos de negocio sostenibles e innovadores con metodolog\u00eda tipo bootcamp, acompa\u00f1amiento individual con diagn\u00f3sticos de entrada para identificar brechas y acceso a un ecosistema de emprendimientos verdes y circulares en Medell\u00edn. 100 de ellos recibir\u00e1n 10 horas de asesor\u00eda personalizada y los 25 m\u00e1s destacados tendr\u00e1n incentivos econ\u00f3micos de hasta $10.000.000 en especie.<\/p>\n<p><a href=\"https:\/\/www.medellin.gov.co\/es\/wp-content\/uploads\/2026\/03\/Imagen-de-charla-grupal-en-un-salon.jpg\" target=\"_blank\" rel=\"noopener\"><img loading=\"lazy\" class=\"alignnone wp-image-508131 size-full\" title=\"charla grupal en un sal\u00f3n\" src=\"https:\/\/www.medellin.gov.co\/es\/wp-content\/uploads\/2026\/03\/Imagen-de-charla-grupal-en-un-salon.jpg\" alt=\"Imagen de charla grupal en un sal\u00f3n\" width=\"1280\" height=\"719\" srcset=\"https:\/\/www.medellin.gov.co\/es\/wp-content\/uploads\/2026\/03\/Imagen-de-charla-grupal-en-un-salon.jpg 1280w, https:\/\/www.medellin.gov.co\/es\/wp-content\/uploads\/2026\/03\/Imagen-de-charla-grupal-en-un-salon-300x169.jpg 300w, https:\/\/www.medellin.gov.co\/es\/wp-content\/uploads\/2026\/03\/Imagen-de-charla-grupal-en-un-salon-1024x575.jpg 1024w, https:\/\/www.medellin.gov.co\/es\/wp-content\/uploads\/2026\/03\/Imagen-de-charla-grupal-en-un-salon-150x84.jpg 150w, https:\/\/www.medellin.gov.co\/es\/wp-content\/uploads\/2026\/03\/Imagen-de-charla-grupal-en-un-salon-768x431.jpg 768w\" sizes=\"(max-width: 1280px) 100vw, 1280px\" \/><\/a><\/p>\n<p>Los interesados en participar pueden estar o no formalizados ante C\u00e1mara de Comercio; no deben haber recibido incentivos econ\u00f3micos de otros programas de la Secretar\u00eda de Desarrollo Econ\u00f3mico durante 2025, incluida la edici\u00f3n de Semilla Verde del a\u00f1o pasado; y deben tener disponibilidad para participar en todo el proceso de formaci\u00f3n. Solo podr\u00e1n inscribir una idea de negocio por emprendedor.<\/p>\n<p>Para ampliar la informaci\u00f3n e inscribirse, se puede acceder a la p\u00e1gina <a href=\"http:\/\/www.medellin.gov.co\/es\/secretaria-desarrollo-economico\/\" target=\"_blank\" rel=\"noopener\">www.medellin.gov.co\/es\/secretaria-desarrollo-economico\/<\/a> , escribir al correo electr\u00f3nico <a href=\"mailto:semillaverde@socya.org.co\" target=\"_blank\" rel=\"noopener\">semillaverde@socya.org.co<\/a> o a la l\u00ednea WhatsApp 314 678 1533.<\/p>\n","protected":false},"excerpt":{"rendered":"<p>Podr\u00e1n participar iniciativas relacionadas con turismo responsable, agricultura ecol\u00f3gica, moda circular, manejo de residuos, biotecnolog\u00eda, construcci\u00f3n verde, movilidad limpia y econom\u00eda circular, entre otros. Los interesados podr\u00e1n inscribirse hasta el 31 de marzo. Los emprendimientos &#8230;<\/p>\n","protected":false},"author":21,"featured_media":508116,"comment_status":"open","ping_status":"open","sticky":false,"template":"","format":"standard","meta":[],"categories":[3],"tags":[691,428,455],"formato_nota":[],"programas_tax":[],"acf":[],"_links":{"self":[{"href":"https:\/\/www.medellin.gov.co\/es\/wp-json\/wp\/v2\/posts\/508148"}],"collection":[{"href":"https:\/\/www.medellin.gov.co\/es\/wp-json\/wp\/v2\/posts"}],"about":[{"href":"https:\/\/www.medellin.gov.co\/es\/wp-json\/wp\/v2\/types\/post"}],"author":[{"embeddable":true,"href":"https:\/\/www.medellin.gov.co\/es\/wp-json\/wp\/v2\/users\/21"}],"replies":[{"embeddable":true,"href":"https:\/\/www.medellin.gov.co\/es\/wp-json\/wp\/v2\/comments?post=508148"}],"version-history":[{"count":1,"href":"https:\/\/www.medellin.gov.co\/es\/wp-json\/wp\/v2\/posts\/508148\/revisions"}],"predecessor-version":[{"id":508160,"href":"https:\/\/www.medellin.gov.co\/es\/wp-json\/wp\/v2\/posts\/508148\/revisions\/508160"}],"wp:featuredmedia":[{"embeddable":true,"href":"https:\/\/www.medellin.gov.co\/es\/wp-json\/wp\/v2\/media\/508116"}],"wp:attachment":[{"href":"https:\/\/www.medellin.gov.co\/es\/wp-json\/wp\/v2\/media?parent=508148"}],"wp:term":[{"taxonomy":"category","embeddable":true,"href":"https:\/\/www.medellin.gov.co\/es\/wp-json\/wp\/v2\/categories?post=508148"},{"taxonomy":"post_tag","embeddable":true,"href":"https:\/\/www.medellin.gov.co\/es\/wp-json\/wp\/v2\/tags?post=508148"},{"taxonomy":"formato_nota","embeddable":true,"href":"https:\/\/www.medellin.gov.co\/es\/wp-json\/wp\/v2\/formato_nota?post=508148"},{"taxonomy":"programas_tax","embeddable":true,"href":"https:\/\/www.medellin.gov.co\/es\/wp-json\/wp\/v2\/programas_tax?post=508148"}],"curies":[{"name":"wp","href":"https:\/\/api.w.org\/{rel}","templated":true}]}}