{"id":508161,"date":"2026-03-11T16:41:14","date_gmt":"2026-03-11T21:41:14","guid":{"rendered":"https:\/\/www.medellin.gov.co\/es\/?p=508161"},"modified":"2026-03-11T22:11:00","modified_gmt":"2026-03-12T03:11:00","slug":"50-recicladores-de-un-corregimiento-de-medellin-fortalecen-su-labor-gracias-a-familias-que-separan-residuos-en-casa","status":"publish","type":"post","link":"https:\/\/www.medellin.gov.co\/es\/sala-de-prensa\/noticias\/50-recicladores-de-un-corregimiento-de-medellin-fortalecen-su-labor-gracias-a-familias-que-separan-residuos-en-casa\/","title":{"rendered":"50 recicladores de un corregimiento de Medell\u00edn fortalecen su labor, gracias a familias que separan residuos en casa"},"content":{"rendered":"<ul>\n<li>La Administraci\u00f3n Distrital avanza en San Antonio de Prado con la campa\u00f1a que promueve pr\u00e1cticas adecuadas de separaci\u00f3n de basuras, una acci\u00f3n que se suma a la estrategia Mi Metro Cuadrado.<\/li>\n<li>M\u00e1s de mil toneladas de materiales reciclables fueron recuperadas en este territorio durante el \u00faltimo a\u00f1o. El Distrito comenz\u00f3 una nueva etapa de visitas a los hogares.<\/li>\n<\/ul>\n<!--[if lt IE 9]><script>document.createElement('audio');<\/script><![endif]-->\n\t<div class=\"wp-playlist wp-audio-playlist wp-playlist-light\">\n\t\t\t<div class=\"wp-playlist-current-item\"><\/div>\n\t\t<audio controls=\"controls\" preload=\"none\" width=\"640\"\n\t\t\t><\/audio>\n\t<div class=\"wp-playlist-next\"><\/div>\n\t<div class=\"wp-playlist-prev\"><\/div>\n\t<noscript>\n\t<ol>\n\t\t<li><a href='https:\/\/www.medellin.gov.co\/es\/wp-content\/uploads\/2026\/03\/Declaraciones-del-secretario-de-Gestion-y-Control-Territorial-Juan-Manuel-Velasquez-Correa.mp3'>Declaraciones del secretario de Gesti\u00f3n y Control Territorial, Juan Manuel Vel\u00e1squez Correa<\/a><\/li>\t<\/ol>\n\t<\/noscript>\n\t<script type=\"application\/json\" class=\"wp-playlist-script\">{\"type\":\"audio\",\"tracklist\":true,\"tracknumbers\":true,\"images\":true,\"artists\":true,\"tracks\":[{\"src\":\"https:\\\/\\\/www.medellin.gov.co\\\/es\\\/wp-content\\\/uploads\\\/2026\\\/03\\\/Declaraciones-del-secretario-de-Gestion-y-Control-Territorial-Juan-Manuel-Velasquez-Correa.mp3\",\"type\":\"audio\\\/mpeg\",\"title\":\"Declaraciones del secretario de Gesti\\u00f3n y Control Territorial, Juan Manuel Vel\\u00e1squez Correa\",\"caption\":\"\",\"description\":\"\\u00abDeclaraciones del secretario de Gesti\\u00f3n y Control Territorial, Juan Manuel Vel\\u00e1squez Correa\\u00bb. \",\"meta\":{\"genre\":\"Blues\",\"length_formatted\":\"1:07\"},\"image\":{\"src\":\"https:\\\/\\\/www.medellin.gov.co\\\/es\\\/wp-includes\\\/images\\\/media\\\/audio.png\",\"width\":48,\"height\":64},\"thumb\":{\"src\":\"https:\\\/\\\/www.medellin.gov.co\\\/es\\\/wp-includes\\\/images\\\/media\\\/audio.png\",\"width\":48,\"height\":64}}]}<\/script>\n<\/div>\n\t\n<p>La Alcald\u00eda de <a href=\"https:\/\/www.instagram.com\/alcaldiademed\/?hl=es-la\" target=\"_blank\" rel=\"noopener\">Medell\u00edn<\/a> comenz\u00f3 una nueva etapa de visitas a hogares del corregimiento San Antonio de Prado, para promover la campa\u00f1a \u201c<em>T\u00fa separas, yo reciclo<\/em>\u201d, que busca fortalecer la separaci\u00f3n en la fuente y reducir la cantidad de residuos que llegan al relleno sanitario. Por medio de esta estrategia, los ciudadanos se acercan al proceso de recolecci\u00f3n de material apto para el reciclaje, la recuperaci\u00f3n o la reutilizaci\u00f3n.<\/p>\n<p>El proceso all\u00ed comenz\u00f3 en 2025 con el acompa\u00f1amiento a 6.391 hogares, mediante visitas puerta a puerta. Los beneficiarios recibieron orientaci\u00f3n sobre la adecuada separaci\u00f3n de residuos y conocieron al reciclador de su zona, para entregar los materiales aprovechables de manera correcta, en los d\u00edas establecidos para su recolecci\u00f3n.<\/p>\n<p><a href=\"https:\/\/www.medellin.gov.co\/es\/wp-content\/uploads\/2026\/03\/Imagen-de-ciudadano-recibiendo-componentes-de-reciclaje.jpg\" target=\"_blank\" rel=\"noopener\"><img loading=\"lazy\" class=\"alignnone wp-image-508128 size-full\" title=\"ciudadano recibiendo componentes de reciclaje\" src=\"https:\/\/www.medellin.gov.co\/es\/wp-content\/uploads\/2026\/03\/Imagen-de-ciudadano-recibiendo-componentes-de-reciclaje.jpg\" alt=\"Imagen de ciudadano recibiendo componentes de reciclaje\" width=\"1280\" height=\"720\" srcset=\"https:\/\/www.medellin.gov.co\/es\/wp-content\/uploads\/2026\/03\/Imagen-de-ciudadano-recibiendo-componentes-de-reciclaje.jpg 1280w, https:\/\/www.medellin.gov.co\/es\/wp-content\/uploads\/2026\/03\/Imagen-de-ciudadano-recibiendo-componentes-de-reciclaje-300x169.jpg 300w, https:\/\/www.medellin.gov.co\/es\/wp-content\/uploads\/2026\/03\/Imagen-de-ciudadano-recibiendo-componentes-de-reciclaje-1024x576.jpg 1024w, https:\/\/www.medellin.gov.co\/es\/wp-content\/uploads\/2026\/03\/Imagen-de-ciudadano-recibiendo-componentes-de-reciclaje-150x84.jpg 150w, https:\/\/www.medellin.gov.co\/es\/wp-content\/uploads\/2026\/03\/Imagen-de-ciudadano-recibiendo-componentes-de-reciclaje-768x432.jpg 768w\" sizes=\"(max-width: 1280px) 100vw, 1280px\" \/><\/a><\/p>\n<p>\u201c<em>El 29 % de los residuos que generamos en nuestros hogares son aprovechables. Si logramos separarlos correctamente desde la fuente, a trav\u00e9s de nuestros recicladores de oficio, podemos disminuir la presi\u00f3n sobre el relleno sanitario y, al tiempo, apoyar la econom\u00eda local. En San Antonio de Prado contamos con 50 recicladores que viven en el territorio y que dependen de este material para su sustento. Separar bien no es solo un h\u00e1bito ambiental, es una decisi\u00f3n que impacta directamente la sostenibilidad y el empleo en nuestras comunidades<\/em>\u201d, se\u00f1al\u00f3 el secretario de Gesti\u00f3n y Control Territorial, Juan Manuel Vel\u00e1squez Correa.<\/p>\n<p>Los recicladores que cumplen labores en este corregimiento, que pertenecen a la asociaci\u00f3n Econmedell\u00edn, lograron recuperar 1.063 toneladas de residuos aprovechables el a\u00f1o pasado y 87 toneladas en lo que va de 2026. Los resultados reflejan el impacto del trabajo conjunto con los ciudadanos, un ejercicio de corresponsabilidad que se promueve a trav\u00e9s de la estrategia Mi M2 (Mi Metro Cuadrado), la cual invita a cuidar el entorno y fortalecer la econom\u00eda local desde acciones cotidianas.<\/p>\n<p><a href=\"https:\/\/www.medellin.gov.co\/es\/wp-content\/uploads\/2026\/03\/Imagen-de-reciclador-recibiendo-informacion-de-funcionario.jpg\" target=\"_blank\" rel=\"noopener\"><img loading=\"lazy\" class=\"alignnone wp-image-508105 size-full\" title=\"reciclador recibiendo informaci\u00f3n de funcionario\" src=\"https:\/\/www.medellin.gov.co\/es\/wp-content\/uploads\/2026\/03\/Imagen-de-reciclador-recibiendo-informacion-de-funcionario.jpg\" alt=\"Imagen de reciclador recibiendo informaci\u00f3n de funcionario\" width=\"1280\" height=\"720\" srcset=\"https:\/\/www.medellin.gov.co\/es\/wp-content\/uploads\/2026\/03\/Imagen-de-reciclador-recibiendo-informacion-de-funcionario.jpg 1280w, https:\/\/www.medellin.gov.co\/es\/wp-content\/uploads\/2026\/03\/Imagen-de-reciclador-recibiendo-informacion-de-funcionario-300x169.jpg 300w, https:\/\/www.medellin.gov.co\/es\/wp-content\/uploads\/2026\/03\/Imagen-de-reciclador-recibiendo-informacion-de-funcionario-1024x576.jpg 1024w, https:\/\/www.medellin.gov.co\/es\/wp-content\/uploads\/2026\/03\/Imagen-de-reciclador-recibiendo-informacion-de-funcionario-150x84.jpg 150w, https:\/\/www.medellin.gov.co\/es\/wp-content\/uploads\/2026\/03\/Imagen-de-reciclador-recibiendo-informacion-de-funcionario-768x432.jpg 768w\" sizes=\"(max-width: 1280px) 100vw, 1280px\" \/><\/a><\/p>\n<p>\u201c<em>Este oficio lo aprend\u00ed hace 35 a\u00f1os y lo inici\u00e9 en la casa, separando los materiales que pueden ser reutilizables. Usted tambi\u00e9n puede hacerlo desde su casa porque es muy f\u00e1cil y ser\u00e1 una gran ayuda para todos los recuperadores, porque as\u00ed encuentran un material listo para ellos reciclar y no revuelto con tantos org\u00e1nicos. Es bastante importante porque as\u00ed cuidamos el planeta y econ\u00f3micamente tambi\u00e9n da muy buenos resultado<\/em>\u201d, indic\u00f3 Ferdinando Ortiz Holgu\u00edn, recuperador de oficio.<\/p>\n<p>Durante esta fase se realizar\u00e1n m\u00e1s de 700 visitas adicionales, con lo que la campa\u00f1a alcanzar\u00e1 las 7.000 viviendas intervenidas en todo el corregimiento. Adem\u00e1s de la sensibilizaci\u00f3n y orientaci\u00f3n, los hogares que se vinculan a \u201cT\u00fa separas, yo reciclo\u201d reciben un kit para facilitar la correcta separaci\u00f3n de residuos en casa, compuesto por un im\u00e1n con la informaci\u00f3n de la organizaci\u00f3n encargada del aprovechamiento en cada sector y bolsas biodegradables que cumplen con el c\u00f3digo de colores.<\/p>\n","protected":false},"excerpt":{"rendered":"<p>La Administraci\u00f3n Distrital avanza en San Antonio de Prado con la campa\u00f1a que promueve pr\u00e1cticas adecuadas de separaci\u00f3n de basuras, una acci\u00f3n que se suma a la estrategia Mi Metro Cuadrado. M\u00e1s de mil toneladas &#8230;<\/p>\n","protected":false},"author":21,"featured_media":508122,"comment_status":"open","ping_status":"open","sticky":false,"template":"","format":"standard","meta":[],"categories":[7,13],"tags":[436],"formato_nota":[],"programas_tax":[],"acf":[],"_links":{"self":[{"href":"https:\/\/www.medellin.gov.co\/es\/wp-json\/wp\/v2\/posts\/508161"}],"collection":[{"href":"https:\/\/www.medellin.gov.co\/es\/wp-json\/wp\/v2\/posts"}],"about":[{"href":"https:\/\/www.medellin.gov.co\/es\/wp-json\/wp\/v2\/types\/post"}],"author":[{"embeddable":true,"href":"https:\/\/www.medellin.gov.co\/es\/wp-json\/wp\/v2\/users\/21"}],"replies":[{"embeddable":true,"href":"https:\/\/www.medellin.gov.co\/es\/wp-json\/wp\/v2\/comments?post=508161"}],"version-history":[{"count":1,"href":"https:\/\/www.medellin.gov.co\/es\/wp-json\/wp\/v2\/posts\/508161\/revisions"}],"predecessor-version":[{"id":508173,"href":"https:\/\/www.medellin.gov.co\/es\/wp-json\/wp\/v2\/posts\/508161\/revisions\/508173"}],"wp:featuredmedia":[{"embeddable":true,"href":"https:\/\/www.medellin.gov.co\/es\/wp-json\/wp\/v2\/media\/508122"}],"wp:attachment":[{"href":"https:\/\/www.medellin.gov.co\/es\/wp-json\/wp\/v2\/media?parent=508161"}],"wp:term":[{"taxonomy":"category","embeddable":true,"href":"https:\/\/www.medellin.gov.co\/es\/wp-json\/wp\/v2\/categories?post=508161"},{"taxonomy":"post_tag","embeddable":true,"href":"https:\/\/www.medellin.gov.co\/es\/wp-json\/wp\/v2\/tags?post=508161"},{"taxonomy":"formato_nota","embeddable":true,"href":"https:\/\/www.medellin.gov.co\/es\/wp-json\/wp\/v2\/formato_nota?post=508161"},{"taxonomy":"programas_tax","embeddable":true,"href":"https:\/\/www.medellin.gov.co\/es\/wp-json\/wp\/v2\/programas_tax?post=508161"}],"curies":[{"name":"wp","href":"https:\/\/api.w.org\/{rel}","templated":true}]}}