{"id":508176,"date":"2026-03-11T16:47:53","date_gmt":"2026-03-11T21:47:53","guid":{"rendered":"https:\/\/www.medellin.gov.co\/es\/?p=508176"},"modified":"2026-03-11T22:11:35","modified_gmt":"2026-03-12T03:11:35","slug":"aumenta-la-oferta-del-distrito-para-orientar-a-2-000-hogares-mas-de-medellin-en-convivencia-emociones-y-salud-mental","status":"publish","type":"post","link":"https:\/\/www.medellin.gov.co\/es\/sala-de-prensa\/noticias\/aumenta-la-oferta-del-distrito-para-orientar-a-2-000-hogares-mas-de-medellin-en-convivencia-emociones-y-salud-mental\/","title":{"rendered":"Aumenta la oferta del Distrito para orientar a 2.000 hogares m\u00e1s de Medell\u00edn en convivencia, emociones y salud mental"},"content":{"rendered":"<ul>\n<li>Para 2026, el programa Familias Fuertes y Resilientes ampliar\u00e1 su cobertura con cerca de 13.000 nuevas actividades.<\/li>\n<li>Las personas interesadas podr\u00e1n inscribirse en: <a href=\"http:\/\/www.fundacol.org\" target=\"_blank\" rel=\"noopener\">www.fundacol.org<\/a><\/li>\n<\/ul>\n<!--[if lt IE 9]><script>document.createElement('audio');<\/script><![endif]-->\n\t<div class=\"wp-playlist wp-audio-playlist wp-playlist-light\">\n\t\t\t<div class=\"wp-playlist-current-item\"><\/div>\n\t\t<audio controls=\"controls\" preload=\"none\" width=\"640\"\n\t\t\t><\/audio>\n\t<div class=\"wp-playlist-next\"><\/div>\n\t<div class=\"wp-playlist-prev\"><\/div>\n\t<noscript>\n\t<ol>\n\t\t<li><a href='https:\/\/www.medellin.gov.co\/es\/wp-content\/uploads\/2026\/03\/Declaraciones-de-la-subsecretaria-de-Salud-Publica-Luz-Aida-Rendon.mp3'>Declaraciones de la subsecretaria de Salud P\u00fablica, Luz A\u00edda Rend\u00f3n<\/a><\/li>\t<\/ol>\n\t<\/noscript>\n\t<script type=\"application\/json\" class=\"wp-playlist-script\">{\"type\":\"audio\",\"tracklist\":true,\"tracknumbers\":true,\"images\":true,\"artists\":true,\"tracks\":[{\"src\":\"https:\\\/\\\/www.medellin.gov.co\\\/es\\\/wp-content\\\/uploads\\\/2026\\\/03\\\/Declaraciones-de-la-subsecretaria-de-Salud-Publica-Luz-Aida-Rendon.mp3\",\"type\":\"audio\\\/mpeg\",\"title\":\"Declaraciones de la subsecretaria de Salud P\\u00fablica, Luz A\\u00edda Rend\\u00f3n\",\"caption\":\"\",\"description\":\"\\u00abDeclaraciones de la subsecretaria de Salud P\\u00fablica, Luz A\\u00edda Rend\\u00f3n\\u00bb. G\\u00e9nero: Blues.\",\"meta\":{\"genre\":\"Blues\",\"length_formatted\":\"0:23\"},\"image\":{\"src\":\"https:\\\/\\\/www.medellin.gov.co\\\/es\\\/wp-includes\\\/images\\\/media\\\/audio.png\",\"width\":48,\"height\":64},\"thumb\":{\"src\":\"https:\\\/\\\/www.medellin.gov.co\\\/es\\\/wp-includes\\\/images\\\/media\\\/audio.png\",\"width\":48,\"height\":64}}]}<\/script>\n<\/div>\n\t\n<p>El Distrito abri\u00f3 nuevas inscripciones del programa Familias Fuertes y Resilientes, una apuesta de bienestar emocional, convivencia y construcci\u00f3n de entornos protectores en los hogares. Gracias a recursos de Presupuesto Participativo, ser\u00e1 mayor el acompa\u00f1amiento psicosocial, los encuentros comunitarios y las herramientas pr\u00e1cticas para afrontar los desaf\u00edos cotidianos.<\/p>\n<p>Para 2026, el programa incrementar\u00e1 su cobertura con casi 13.000 nuevas actividades y la atenci\u00f3n de unas 2.000 familias adicionales, lo que afianza la iniciativa de salud mental. El registro estar\u00e1 disponible en Laureles\/Estadio, La Am\u00e9rica, Guayabal, Santa Cruz, Aranjuez, Castilla, Doce de Octubre, Robledo, Villa Hermosa, Buenos Aires y La Candelaria, as\u00ed como en San Sebasti\u00e1n de Palmitas, San Crist\u00f3bal, Altavista y Santa Elena.<\/p>\n<p><a href=\"https:\/\/www.medellin.gov.co\/es\/wp-content\/uploads\/2026\/03\/Imagen-de-grupo-familiar-sonriente.jpg\" target=\"_blank\" rel=\"noopener\"><img loading=\"lazy\" class=\"alignnone wp-image-508113 size-full\" title=\"grupo familiar sonriente\" src=\"https:\/\/www.medellin.gov.co\/es\/wp-content\/uploads\/2026\/03\/Imagen-de-grupo-familiar-sonriente.jpg\" alt=\"Imagen de grupo familiar sonriente\" width=\"1013\" height=\"760\" srcset=\"https:\/\/www.medellin.gov.co\/es\/wp-content\/uploads\/2026\/03\/Imagen-de-grupo-familiar-sonriente.jpg 1013w, https:\/\/www.medellin.gov.co\/es\/wp-content\/uploads\/2026\/03\/Imagen-de-grupo-familiar-sonriente-300x225.jpg 300w, https:\/\/www.medellin.gov.co\/es\/wp-content\/uploads\/2026\/03\/Imagen-de-grupo-familiar-sonriente-150x113.jpg 150w, https:\/\/www.medellin.gov.co\/es\/wp-content\/uploads\/2026\/03\/Imagen-de-grupo-familiar-sonriente-768x576.jpg 768w\" sizes=\"(max-width: 1013px) 100vw, 1013px\" \/><\/a><\/p>\n<p>\u201c<em>Queremos convocarlos a inscribirse en esta estrategia que fortalece los v\u00ednculos familiares y genera espacios para la resoluci\u00f3n de conflictos, el di\u00e1logo y la promoci\u00f3n de habilidades blandas, contribuyendo as\u00ed al cuidado de la salud mental<\/em>\u201d, dijo la subsecretaria de Salud P\u00fablica, Luz A\u00edda Rend\u00f3n.<\/p>\n<p>Durante el \u00faltimo a\u00f1o participaron m\u00e1s de 9.500 familias, lo que impact\u00f3, aproximadamente, a 25.000 personas con m\u00e1s de 40.000 actividades territoriales enfocadas en la promoci\u00f3n de la salud mental, la prevenci\u00f3n de violencias y la mejora de v\u00ednculos afectivos. El proceso contempla espacios como Familias se Encuentran para el Cuidado, encuentros de pareja, jornadas de promoci\u00f3n de la convivencia, acciones comunitarias y acompa\u00f1amiento psicosocial individual y familiar. Estas acciones son desarrolladas por equipos interdisciplinarios, como parte de la apuesta institucional por intervenir factores de riesgo emocional y social en la comunidad.<\/p>\n<p><a href=\"https:\/\/www.medellin.gov.co\/es\/wp-content\/uploads\/2026\/03\/Imagen-de-dos-mujeres-sonriendo.jpg\" target=\"_blank\" rel=\"noopener\"><img loading=\"lazy\" class=\"alignnone wp-image-508123 size-full\" title=\"mujeres sonriendo\" src=\"https:\/\/www.medellin.gov.co\/es\/wp-content\/uploads\/2026\/03\/Imagen-de-dos-mujeres-sonriendo.jpg\" alt=\"Imagen de dos mujeres sonriendo\" width=\"1280\" height=\"719\" srcset=\"https:\/\/www.medellin.gov.co\/es\/wp-content\/uploads\/2026\/03\/Imagen-de-dos-mujeres-sonriendo.jpg 1280w, https:\/\/www.medellin.gov.co\/es\/wp-content\/uploads\/2026\/03\/Imagen-de-dos-mujeres-sonriendo-300x169.jpg 300w, https:\/\/www.medellin.gov.co\/es\/wp-content\/uploads\/2026\/03\/Imagen-de-dos-mujeres-sonriendo-1024x575.jpg 1024w, https:\/\/www.medellin.gov.co\/es\/wp-content\/uploads\/2026\/03\/Imagen-de-dos-mujeres-sonriendo-150x84.jpg 150w, https:\/\/www.medellin.gov.co\/es\/wp-content\/uploads\/2026\/03\/Imagen-de-dos-mujeres-sonriendo-768x431.jpg 768w\" sizes=\"(max-width: 1280px) 100vw, 1280px\" \/><\/a><\/p>\n<p>De esta manera, el Distrito mantiene el acompa\u00f1amiento a las comunidades, con orientaci\u00f3n, escucha activa y herramientas que refuerzan la convivencia familiar, el manejo de emociones y la salud mental en los territorios.<\/p>\n","protected":false},"excerpt":{"rendered":"<p>Para 2026, el programa Familias Fuertes y Resilientes ampliar\u00e1 su cobertura con cerca de 13.000 nuevas actividades. Las personas interesadas podr\u00e1n inscribirse en: www.fundacol.org El Distrito abri\u00f3 nuevas inscripciones del programa Familias Fuertes y Resilientes, &#8230;<\/p>\n","protected":false},"author":21,"featured_media":508114,"comment_status":"open","ping_status":"open","sticky":false,"template":"","format":"standard","meta":[],"categories":[18],"tags":[452],"formato_nota":[],"programas_tax":[],"acf":[],"_links":{"self":[{"href":"https:\/\/www.medellin.gov.co\/es\/wp-json\/wp\/v2\/posts\/508176"}],"collection":[{"href":"https:\/\/www.medellin.gov.co\/es\/wp-json\/wp\/v2\/posts"}],"about":[{"href":"https:\/\/www.medellin.gov.co\/es\/wp-json\/wp\/v2\/types\/post"}],"author":[{"embeddable":true,"href":"https:\/\/www.medellin.gov.co\/es\/wp-json\/wp\/v2\/users\/21"}],"replies":[{"embeddable":true,"href":"https:\/\/www.medellin.gov.co\/es\/wp-json\/wp\/v2\/comments?post=508176"}],"version-history":[{"count":1,"href":"https:\/\/www.medellin.gov.co\/es\/wp-json\/wp\/v2\/posts\/508176\/revisions"}],"predecessor-version":[{"id":508179,"href":"https:\/\/www.medellin.gov.co\/es\/wp-json\/wp\/v2\/posts\/508176\/revisions\/508179"}],"wp:featuredmedia":[{"embeddable":true,"href":"https:\/\/www.medellin.gov.co\/es\/wp-json\/wp\/v2\/media\/508114"}],"wp:attachment":[{"href":"https:\/\/www.medellin.gov.co\/es\/wp-json\/wp\/v2\/media?parent=508176"}],"wp:term":[{"taxonomy":"category","embeddable":true,"href":"https:\/\/www.medellin.gov.co\/es\/wp-json\/wp\/v2\/categories?post=508176"},{"taxonomy":"post_tag","embeddable":true,"href":"https:\/\/www.medellin.gov.co\/es\/wp-json\/wp\/v2\/tags?post=508176"},{"taxonomy":"formato_nota","embeddable":true,"href":"https:\/\/www.medellin.gov.co\/es\/wp-json\/wp\/v2\/formato_nota?post=508176"},{"taxonomy":"programas_tax","embeddable":true,"href":"https:\/\/www.medellin.gov.co\/es\/wp-json\/wp\/v2\/programas_tax?post=508176"}],"curies":[{"name":"wp","href":"https:\/\/api.w.org\/{rel}","templated":true}]}}