{"id":508920,"date":"2026-03-14T10:59:48","date_gmt":"2026-03-14T15:59:48","guid":{"rendered":"https:\/\/www.medellin.gov.co\/es\/?p=508920"},"modified":"2026-03-14T10:59:48","modified_gmt":"2026-03-14T15:59:48","slug":"con-sistema-de-camaras-de-medellin-fue-identificado-vehiculo-involucrado-en-la-muerte-de-una-motociclista","status":"publish","type":"post","link":"https:\/\/www.medellin.gov.co\/es\/sala-de-prensa\/noticias\/con-sistema-de-camaras-de-medellin-fue-identificado-vehiculo-involucrado-en-la-muerte-de-una-motociclista\/","title":{"rendered":"Con sistema de c\u00e1maras de Medell\u00edn fue identificado veh\u00edculo involucrado en la muerte de una motociclista"},"content":{"rendered":"<ul>\n<li>Las autoridades ubicaron, en una bodega, un cami\u00f3n de carga que, por sus caracter\u00edsticas y las evidencias f\u00edsicas, podr\u00eda estar relacionado con el siniestro vial.<\/li>\n<\/ul>\n<!--[if lt IE 9]><script>document.createElement('audio');<\/script><![endif]-->\n\t<div class=\"wp-playlist wp-audio-playlist wp-playlist-light\">\n\t\t\t<div class=\"wp-playlist-current-item\"><\/div>\n\t\t<audio controls=\"controls\" preload=\"none\" width=\"640\"\n\t\t\t><\/audio>\n\t<div class=\"wp-playlist-next\"><\/div>\n\t<div class=\"wp-playlist-prev\"><\/div>\n\t<noscript>\n\t<ol>\n\t\t<li><a href='https:\/\/www.medellin.gov.co\/es\/wp-content\/uploads\/2026\/03\/camarasseguridad.mp3'>camarasseguridad<\/a><\/li>\t<\/ol>\n\t<\/noscript>\n\t<script type=\"application\/json\" class=\"wp-playlist-script\">{\"type\":\"audio\",\"tracklist\":true,\"tracknumbers\":true,\"images\":true,\"artists\":true,\"tracks\":[{\"src\":\"https:\\\/\\\/www.medellin.gov.co\\\/es\\\/wp-content\\\/uploads\\\/2026\\\/03\\\/camarasseguridad.mp3\",\"type\":\"audio\\\/mpeg\",\"title\":\"camarasseguridad\",\"caption\":\"Declaraciones del secretario de Movilidad, Pablo Ruiz\",\"description\":\"\\u00abSistema de c\\u00e1maras de Medell\\u00edn\\u00bb.\",\"meta\":{\"genre\":\"Blues\",\"length_formatted\":\"1:00\"},\"image\":{\"src\":\"https:\\\/\\\/www.medellin.gov.co\\\/es\\\/wp-includes\\\/images\\\/media\\\/audio.png\",\"width\":48,\"height\":64},\"thumb\":{\"src\":\"https:\\\/\\\/www.medellin.gov.co\\\/es\\\/wp-includes\\\/images\\\/media\\\/audio.png\",\"width\":48,\"height\":64}}]}<\/script>\n<\/div>\n\t\n<p>Con articulaci\u00f3n de capacidades tecnol\u00f3gicas y operativas, al igual que con la colaboraci\u00f3n ciudadana, la Alcald\u00eda de Medell\u00edn cuenta con un protocolo para identificar veh\u00edculos fugados, implicados en siniestros viales. Recientemente, fue esclarecido el caso de una motociclista, quien perdi\u00f3 la vida en la carrera 63, entre calles 52 y 53, en hechos ocurridos a principios de este mes.<\/p>\n<p>El protocolo cuenta con 280 c\u00e1maras disponibles desde el Centro de Control de Tr\u00e1nsito y el sistema semaf\u00f3rico, capacidad que se complementa con las 3.226 c\u00e1maras del sistema 123.<\/p>\n<div id=\"attachment_508930\" style=\"width: 1290px\" class=\"wp-caption alignnone\"><img aria-describedby=\"caption-attachment-508930\" loading=\"lazy\" class=\"wp-image-508930 size-full\" title=\"Declaraciones: secretario de Movilidad, Pablo Ruiz\" src=\"https:\/\/www.medellin.gov.co\/es\/wp-content\/uploads\/2026\/03\/sistema_camaras_medellinjpg-3.jpg\" alt=\"Sistema de c\u00e1maras de Medell\u00edn\" width=\"1280\" height=\"591\" srcset=\"https:\/\/www.medellin.gov.co\/es\/wp-content\/uploads\/2026\/03\/sistema_camaras_medellinjpg-3.jpg 1280w, https:\/\/www.medellin.gov.co\/es\/wp-content\/uploads\/2026\/03\/sistema_camaras_medellinjpg-3-300x139.jpg 300w, https:\/\/www.medellin.gov.co\/es\/wp-content\/uploads\/2026\/03\/sistema_camaras_medellinjpg-3-1024x473.jpg 1024w, https:\/\/www.medellin.gov.co\/es\/wp-content\/uploads\/2026\/03\/sistema_camaras_medellinjpg-3-150x69.jpg 150w, https:\/\/www.medellin.gov.co\/es\/wp-content\/uploads\/2026\/03\/sistema_camaras_medellinjpg-3-768x355.jpg 768w\" sizes=\"(max-width: 1280px) 100vw, 1280px\" \/><p id=\"caption-attachment-508930\" class=\"wp-caption-text\">Sistema de c\u00e1maras de Medell\u00edn<\/p><\/div>\n<p><em>\u201cReiteramos el llamado a todos los conductores: cuando se presente un siniestro vial, qu\u00e9dense en el lugar, auxilien a la v\u00edctima, informen al 123 y no se fuguen del lugar, porque, s\u00ed o s\u00ed, los vamos a ubicar y su situaci\u00f3n judicial se complicar\u00eda. A la ciudadan\u00eda, si presencia un siniestro vial y el responsable se da a la fuga, por favor, reporte de inmediato la placa y la ubicaci\u00f3n exacta al n\u00famero de emergencia. Esta informaci\u00f3n es fundamental para activar el seguimiento desde el Centro de Control de Tr\u00e1nsito y apoyar la localizaci\u00f3n de dichos veh\u00edculos\u201d, <\/em>se\u00f1al\u00f3 el secretario de Movilidad, Pablo Ruiz.<\/p>\n<div id=\"attachment_508923\" style=\"width: 1290px\" class=\"wp-caption alignnone\"><img aria-describedby=\"caption-attachment-508923\" loading=\"lazy\" class=\"wp-image-508923 size-full\" title=\"Declaraciones: secretario de Movilidad, Pablo Ruiz\" src=\"https:\/\/www.medellin.gov.co\/es\/wp-content\/uploads\/2026\/03\/sistema_camaras_medellinjpg-4.jpg\" alt=\"Sistema de c\u00e1maras de Medell\u00edn\" width=\"1280\" height=\"591\" srcset=\"https:\/\/www.medellin.gov.co\/es\/wp-content\/uploads\/2026\/03\/sistema_camaras_medellinjpg-4.jpg 1280w, https:\/\/www.medellin.gov.co\/es\/wp-content\/uploads\/2026\/03\/sistema_camaras_medellinjpg-4-300x139.jpg 300w, https:\/\/www.medellin.gov.co\/es\/wp-content\/uploads\/2026\/03\/sistema_camaras_medellinjpg-4-1024x473.jpg 1024w, https:\/\/www.medellin.gov.co\/es\/wp-content\/uploads\/2026\/03\/sistema_camaras_medellinjpg-4-150x69.jpg 150w, https:\/\/www.medellin.gov.co\/es\/wp-content\/uploads\/2026\/03\/sistema_camaras_medellinjpg-4-768x355.jpg 768w\" sizes=\"(max-width: 1280px) 100vw, 1280px\" \/><p id=\"caption-attachment-508923\" class=\"wp-caption-text\">Sistema de c\u00e1maras de Medell\u00edn<\/p><\/div>\n<p>En este caso, desde el Centro de Control de Tr\u00e1nsito se hizo seguimiento mediante las c\u00e1maras de seguridad y movilidad, mientras agentes de tr\u00e1nsito se desplegaron en diferentes sectores para apoyar la localizaci\u00f3n del veh\u00edculo involucrado.<\/p>\n<p>Como resultado de esta reacci\u00f3n oportuna y del trabajo entre los equipos operativos y de monitoreo, fue ubicado en una bodega un veh\u00edculo tipo cami\u00f3n de\u00a0carga que, por sus caracter\u00edsticas y las evidencias f\u00edsicas halladas, podr\u00eda estar relacionado con el siniestro vial.<\/p>\n<div id=\"attachment_508925\" style=\"width: 1290px\" class=\"wp-caption alignnone\"><img aria-describedby=\"caption-attachment-508925\" loading=\"lazy\" class=\"wp-image-508925 size-full\" title=\"Declaraciones: secretario de Movilidad, Pablo Ruiz\" src=\"https:\/\/www.medellin.gov.co\/es\/wp-content\/uploads\/2026\/03\/sistema_camaras_medellinjpg-1.jpg\" alt=\"Sistema de c\u00e1maras de Medell\u00edn\" width=\"1280\" height=\"591\" srcset=\"https:\/\/www.medellin.gov.co\/es\/wp-content\/uploads\/2026\/03\/sistema_camaras_medellinjpg-1.jpg 1280w, https:\/\/www.medellin.gov.co\/es\/wp-content\/uploads\/2026\/03\/sistema_camaras_medellinjpg-1-300x139.jpg 300w, https:\/\/www.medellin.gov.co\/es\/wp-content\/uploads\/2026\/03\/sistema_camaras_medellinjpg-1-1024x473.jpg 1024w, https:\/\/www.medellin.gov.co\/es\/wp-content\/uploads\/2026\/03\/sistema_camaras_medellinjpg-1-150x69.jpg 150w, https:\/\/www.medellin.gov.co\/es\/wp-content\/uploads\/2026\/03\/sistema_camaras_medellinjpg-1-768x355.jpg 768w\" sizes=\"(max-width: 1280px) 100vw, 1280px\" \/><p id=\"caption-attachment-508925\" class=\"wp-caption-text\">Sistema de c\u00e1maras de Medell\u00edn<\/p><\/div>\n<p>Finalmente, las autoridades adelantaron la plena identificaci\u00f3n del conductor y realizaron la inspecci\u00f3n t\u00e9cnica del automotor, el cual fue inmovilizado y pas\u00f3 a disposici\u00f3n de la Fiscal\u00eda General de la Naci\u00f3n, entidad encargada de avanzar en la investigaci\u00f3n y determinar las eventuales responsabilidades penales.<\/p>\n","protected":false},"excerpt":{"rendered":"<p>Las autoridades ubicaron, en una bodega, un cami\u00f3n de carga que, por sus caracter\u00edsticas y las evidencias f\u00edsicas, podr\u00eda estar relacionado con el siniestro vial. Con articulaci\u00f3n de capacidades tecnol\u00f3gicas y operativas, al igual que &#8230;<\/p>\n","protected":false},"author":17,"featured_media":508928,"comment_status":"open","ping_status":"open","sticky":false,"template":"","format":"standard","meta":[],"categories":[14],"tags":[447,656],"formato_nota":[],"programas_tax":[],"acf":[],"_links":{"self":[{"href":"https:\/\/www.medellin.gov.co\/es\/wp-json\/wp\/v2\/posts\/508920"}],"collection":[{"href":"https:\/\/www.medellin.gov.co\/es\/wp-json\/wp\/v2\/posts"}],"about":[{"href":"https:\/\/www.medellin.gov.co\/es\/wp-json\/wp\/v2\/types\/post"}],"author":[{"embeddable":true,"href":"https:\/\/www.medellin.gov.co\/es\/wp-json\/wp\/v2\/users\/17"}],"replies":[{"embeddable":true,"href":"https:\/\/www.medellin.gov.co\/es\/wp-json\/wp\/v2\/comments?post=508920"}],"version-history":[{"count":1,"href":"https:\/\/www.medellin.gov.co\/es\/wp-json\/wp\/v2\/posts\/508920\/revisions"}],"predecessor-version":[{"id":508934,"href":"https:\/\/www.medellin.gov.co\/es\/wp-json\/wp\/v2\/posts\/508920\/revisions\/508934"}],"wp:featuredmedia":[{"embeddable":true,"href":"https:\/\/www.medellin.gov.co\/es\/wp-json\/wp\/v2\/media\/508928"}],"wp:attachment":[{"href":"https:\/\/www.medellin.gov.co\/es\/wp-json\/wp\/v2\/media?parent=508920"}],"wp:term":[{"taxonomy":"category","embeddable":true,"href":"https:\/\/www.medellin.gov.co\/es\/wp-json\/wp\/v2\/categories?post=508920"},{"taxonomy":"post_tag","embeddable":true,"href":"https:\/\/www.medellin.gov.co\/es\/wp-json\/wp\/v2\/tags?post=508920"},{"taxonomy":"formato_nota","embeddable":true,"href":"https:\/\/www.medellin.gov.co\/es\/wp-json\/wp\/v2\/formato_nota?post=508920"},{"taxonomy":"programas_tax","embeddable":true,"href":"https:\/\/www.medellin.gov.co\/es\/wp-json\/wp\/v2\/programas_tax?post=508920"}],"curies":[{"name":"wp","href":"https:\/\/api.w.org\/{rel}","templated":true}]}}