{"id":50962,"date":"2021-07-15T00:00:00","date_gmt":"2021-07-15T05:00:00","guid":{"rendered":"https:\/\/www.medellin.gov.co\/es\/saladeprensa\/noticias\/medellin-pasa-de-la-memorizacion-de-contenidos-en-la-educacion-al-aprendizaje-experiencial\/"},"modified":"2022-03-27T21:42:48","modified_gmt":"2022-03-28T02:42:48","slug":"medellin-pasa-de-la-memorizacion-de-contenidos-en-la-educacion-al-aprendizaje-experiencial","status":"publish","type":"post","link":"https:\/\/www.medellin.gov.co\/es\/sala-de-prensa\/noticias\/medellin-pasa-de-la-memorizacion-de-contenidos-en-la-educacion-al-aprendizaje-experiencial\/","title":{"rendered":"Medell\u00edn pasa de la memorizaci\u00f3n de contenidos en la educaci\u00f3n al aprendizaje experiencial"},"content":{"rendered":"<p><span style=\"vertical-align: inherit;\"><span style=\"vertical-align: inherit;\"><\/p>\n<div class=\"wrap contenido\">\n<div class=\"noticia\">\n<div class=\"imagen\">\n<div class=\"divContImageNoticia input_plantilla input_background\" data-input=\"fotografia\" ruta=\"\/galerias\/Imagenes\/Galer\u00eda d\u00eda a d\u00eda 2021\/500_400\/20210715-aprendizaje-experiencial-1.jpg\" fotografo=\"Foto Alcald\u00eda de Medelll\u00edn\" descripcion=\"Medell\u00edn pasa de la memorizaci\u00f3n de contenidos en la educaci\u00f3n al aprendizaje experiencial. \" style=\"background-image:url('\/irj\/go\/km\/docs\/galerias\/Imagenes\/Galer\u00eda d\u00eda a d\u00eda 2021\/500_400\/20210715-aprendizaje-experiencial-1.jpg')\"><\/div>\n<p class=\"pMetaDesc\">Foto: Medell\u00edn pasa de la memorizaci\u00f3n de contenidos en la educaci\u00f3n al aprendizaje experiencial. <\/p>\n<p class=\"pMetaFotografo\">Fot\u00f3grafo: Foto Alcald\u00eda de Medelll\u00edn<\/p>\n<\/div>\n<p class=\"fecha\"><span class=\"input_plantilla input_text\" data-input=\"fecha\">2021-07-15<\/span><\/p>\n<p><span itemprop=\"name\" class=\"input_plantilla input_text\" data-input=\"titulo\">Medell\u00edn pasa de la memorizaci\u00f3n de contenidos en la educaci\u00f3n al aprendizaje experiencial<\/span><\/p>\n<h5 class=\"input_plantilla input_text\" data-input=\"autor\">Por Eduar Rend\u00f3n<\/h5>\n<div class=\"cuerpo input_plantilla input_area\" data-input=\"contenido\">\n<p>.: 82 instituciones educativas oficiales de Medell\u00edn adelantan el proceso de transformaci\u00f3n curricular.<\/p>\n<p>.: La meta de la Alcald\u00eda de Medell\u00edn es que al finalizar el cuatrienio el 100 % de los establecimientos escolares implementen un modelo de aprendizaje colaborativo y experiencial.<\/p>\n<p>.: A partir de la fecha, la ciudad regresa a la presencialidad en los colegios, seg\u00fan lo establecido por el Gobierno Nacional.<\/p>\n<p><a href=\"\/irj\/go\/km\/docs\/galerias\/Audios\/Audios d\u00eda a d\u00eda 2021 - 2\/20210715-aprendizaje-experiencial-01.mp3\" class=\"aContEnlace liMp3\" download=\"\" data-mce-href=\"\/irj\/go\/km\/docs\/galerias\/Audios\/Audios d\u00eda a d\u00eda 2021 - 2\/20210715-aprendizaje-experiencial-01.mp3\"><span>Palabras de Alexandra Agudelo Ruiz, secretaria de Educaci\u00f3n.<\/span><span><\/span><span>1932 Kb<\/span><\/a><\/p>\n<p>La Alcald\u00eda de Medell\u00edn avanza en el cumplimiento de la l\u00ednea de Transformaci\u00f3n Educativa y Cultural del Plan de Desarrollo 2020-2023 con el fortalecimiento de la transformaci\u00f3n curricular en las instituciones educativas oficiales de la ciudad. Esta estrategia acad\u00e9mica trasciende de la memorizaci\u00f3n de contenidos a pr\u00e1cticas pedag\u00f3gicas innovadoras que tienen en cuenta el contexto de cada establecimiento, para un aprendizaje colaborativo y experiencial.<\/p>\n<p>Se trata de<em> \u201cuna transformaci\u00f3n que no es un modelo para Medell\u00edn, sino para cada instituci\u00f3n educativa, seg\u00fan su contexto, algunas desde la tecnolog\u00eda, otras desde las matem\u00e1ticas y otras desde el arte. Hoy, por ejemplo, en la instituci\u00f3n Jos\u00e9 Acevedo y G\u00f3mez hay una gran transformaci\u00f3n curricular, decidieron empezar a trabajar a trav\u00e9s de la tecnolog\u00eda, del dise\u00f1o gr\u00e1fico, desarrollo de software y convertir a los maestros en facilitadores\u201d, <\/em>afirm\u00f3 la secretaria de Educaci\u00f3n, Alexandra Agudelo Ruiz.<\/p>\n<p>La Secretar\u00eda de Educaci\u00f3n, actualmente, acompa\u00f1a el proceso de transformaci\u00f3n curricular en 82 instituciones educativas oficiales, impactando a las comunidades de 15 comunas y tres corregimientos. La meta de la Administraci\u00f3n Municipal es que al finalizar este a\u00f1o sean 115, es decir, el 50 % de los planteles los que adelanten este cambio en el m\u00e9todo de aprendizaje.<\/p>\n<p><a href=\"https:\/\/www.medellin.gov.co\/irj\/go\/km\/docs\/galerias\/Imagenes\/Galer%C3%ADa%20d%C3%ADa%20a%20d%C3%ADa%202021\/20210715-aprendizaje-experiencial-2.jpg\" target=\"_blank\" rel=\"noopener\" data-mce-href=\"https:\/\/www.medellin.gov.co\/irj\/go\/km\/docs\/galerias\/Imagenes\/Galer%C3%ADa%20d%C3%ADa%20a%20d%C3%ADa%202021\/20210715-aprendizaje-experiencial-2.jpg\"><img src=\"https:\/\/www.medellin.gov.co\/irj\/go\/km\/docs\/galerias\/Imagenes\/Galer%C3%ADa%20d%C3%ADa%20a%20d%C3%ADa%202021\/1000_450\/20210715-aprendizaje-experiencial-2.jpg\" alt=\"\" width=\"100%\" data-mce-src=\"https:\/\/www.medellin.gov.co\/irj\/go\/km\/docs\/galerias\/Imagenes\/Galer%C3%ADa%20d%C3%ADa%20a%20d%C3%ADa%202021\/1000_450\/20210715-aprendizaje-experiencial-2.jpg\"><\/a><\/p>\n<p>De los establecimientos educativos que hasta la fecha trabajan en la transformaci\u00f3n curricular, 38 ya tienen avances en el proceso entre el 8 % y el 100 %. Se espera que para el a\u00f1o 2023, las 229 instituciones educativas oficiales de Medell\u00edn implementen este modelo.<\/p>\n<p>Este proceso continuar\u00e1 afianz\u00e1ndose gracias al regreso a la presencialidad en las instituciones educativas, despu\u00e9s de un a\u00f1o y medio de pandemia y el primer semestre de 2021 bajo el modelo de alternancia. <em>\u201cMedell\u00edn ya va en el 99 %, hoy 15 de julio, en la presencialidad de sus maestros, de sus estudiantes, de todas las instituciones educativas, no solamente oficiales, sino tambi\u00e9n de cobertura y privadas\u201d, <\/em>dijo Agudelo Ruiz.<\/p>\n<p>La Alcald\u00eda de Medell\u00edn, siguiendo los lineamientos del Ministerio de Educaci\u00f3n Nacional, determin\u00f3 a trav\u00e9s del Decreto 0533 de junio de este a\u00f1o el retorno total a las aulas.<\/p>\n<\/div>\n<div class=\"compartir\">Compartir en:<a title=\"\" href=\"http:\/\/www.facebook.com\/share.php?u=\" class=\"btCompartirFacebook btCompartir\" target=\"_blank\" rel=\"noopener\"><\/a><a title=\"\" href=\"http:\/\/twitter.com\/home?status=Haz%20clic%20para%20ver%20esta%20noticia%20en%20\" class=\"btCompartirTwitter btCompartir\"><\/a><a title=\"\" href=\"whatsapp:\/\/send?text=Haz%20clic%20para%20ver%20esta%20noticia%20en%20\" class=\"btCompartirWa btCompartir\"><\/a><\/div>\n<\/div>\n<p><script>try{comprobarImagen();fixBtnRedes();hitsMedellin();}catch(e){}<\/script><\/div>\n<p><\/span><\/span><\/p>\n","protected":false},"excerpt":{"rendered":"<p>Foto: Medell\u00edn pasa de la memorizaci\u00f3n de contenidos en la educaci\u00f3n al aprendizaje experiencial. Fot\u00f3grafo: Foto Alcald\u00eda de Medelll\u00edn 2021-07-15 Medell\u00edn pasa de la memorizaci\u00f3n de contenidos en la educaci\u00f3n al aprendizaje experiencial Por Eduar &#8230;<\/p>\n","protected":false},"author":1,"featured_media":56242,"comment_status":"open","ping_status":"open","sticky":false,"template":"","format":"standard","meta":[],"categories":[4],"tags":[431,434,426,450],"formato_nota":[],"programas_tax":[],"acf":[],"_links":{"self":[{"href":"https:\/\/www.medellin.gov.co\/es\/wp-json\/wp\/v2\/posts\/50962"}],"collection":[{"href":"https:\/\/www.medellin.gov.co\/es\/wp-json\/wp\/v2\/posts"}],"about":[{"href":"https:\/\/www.medellin.gov.co\/es\/wp-json\/wp\/v2\/types\/post"}],"author":[{"embeddable":true,"href":"https:\/\/www.medellin.gov.co\/es\/wp-json\/wp\/v2\/users\/1"}],"replies":[{"embeddable":true,"href":"https:\/\/www.medellin.gov.co\/es\/wp-json\/wp\/v2\/comments?post=50962"}],"version-history":[{"count":1,"href":"https:\/\/www.medellin.gov.co\/es\/wp-json\/wp\/v2\/posts\/50962\/revisions"}],"predecessor-version":[{"id":53080,"href":"https:\/\/www.medellin.gov.co\/es\/wp-json\/wp\/v2\/posts\/50962\/revisions\/53080"}],"wp:featuredmedia":[{"embeddable":true,"href":"https:\/\/www.medellin.gov.co\/es\/wp-json\/wp\/v2\/media\/56242"}],"wp:attachment":[{"href":"https:\/\/www.medellin.gov.co\/es\/wp-json\/wp\/v2\/media?parent=50962"}],"wp:term":[{"taxonomy":"category","embeddable":true,"href":"https:\/\/www.medellin.gov.co\/es\/wp-json\/wp\/v2\/categories?post=50962"},{"taxonomy":"post_tag","embeddable":true,"href":"https:\/\/www.medellin.gov.co\/es\/wp-json\/wp\/v2\/tags?post=50962"},{"taxonomy":"formato_nota","embeddable":true,"href":"https:\/\/www.medellin.gov.co\/es\/wp-json\/wp\/v2\/formato_nota?post=50962"},{"taxonomy":"programas_tax","embeddable":true,"href":"https:\/\/www.medellin.gov.co\/es\/wp-json\/wp\/v2\/programas_tax?post=50962"}],"curies":[{"name":"wp","href":"https:\/\/api.w.org\/{rel}","templated":true}]}}