{"id":50984,"date":"2021-07-16T00:00:00","date_gmt":"2021-07-16T05:00:00","guid":{"rendered":"https:\/\/www.medellin.gov.co\/es\/saladeprensa\/noticias\/la-arepa-invita-a-disfrutar-de-la-gastronomia-del-centro-de-medellin-y-a-preservar-la-cultura-del-maiz\/"},"modified":"2022-03-27T21:42:59","modified_gmt":"2022-03-28T02:42:59","slug":"la-arepa-invita-a-disfrutar-de-la-gastronomia-del-centro-de-medellin-y-a-preservar-la-cultura-del-maiz","status":"publish","type":"post","link":"https:\/\/www.medellin.gov.co\/es\/sala-de-prensa\/noticias\/la-arepa-invita-a-disfrutar-de-la-gastronomia-del-centro-de-medellin-y-a-preservar-la-cultura-del-maiz\/","title":{"rendered":"\u2018La Arepa Invita\u2019 a disfrutar de la gastronom\u00eda del Centro de Medell\u00edn y a preservar la cultura del ma\u00edz"},"content":{"rendered":"<p><span style=\"vertical-align: inherit;\"><span style=\"vertical-align: inherit;\"><\/p>\n<div class=\"wrap contenido\">\n<div class=\"noticia\">\n<div class=\"imagen\">\n<div class=\"divContImageNoticia input_plantilla input_background\" data-input=\"fotografia\" ruta=\"\/galerias\/Imagenes\/Galer\u00eda d\u00eda a d\u00eda 2021\/500_400\/20210717-La-Arepa-Invita-1.jpg\" fotografo=\"Foto Alcald\u00eda de Medell\u00edn\" descripcion=\"\u2018La Arepa Invita\u2019 a disfrutar de la gastronom\u00eda del Centro de Medell\u00edn y a preservar la cultura del ma\u00edz.\" style=\"background-image:url('\/irj\/go\/km\/docs\/galerias\/Imagenes\/Galer\u00eda d\u00eda a d\u00eda 2021\/500_400\/20210717-La-Arepa-Invita-1.jpg')\"><\/div>\n<p class=\"pMetaDesc\">Foto: \u2018La Arepa Invita\u2019 a disfrutar de la gastronom\u00eda del Centro de Medell\u00edn y a preservar la cultura del ma\u00edz.<\/p>\n<p class=\"pMetaFotografo\">Fot\u00f3grafo: Foto Alcald\u00eda de Medell\u00edn<\/p>\n<\/div>\n<p class=\"fecha\"><span class=\"input_plantilla input_text\" data-input=\"fecha\">2021-07-17<\/span><\/p>\n<p><span itemprop=\"name\" class=\"input_plantilla input_text\" data-input=\"titulo\">\u2018La Arepa Invita\u2019 a disfrutar de la gastronom\u00eda del Centro de Medell\u00edn y a preservar la cultura del ma\u00edz<\/span><\/p>\n<h5 class=\"input_plantilla input_text\" data-input=\"autor\">Por Alejandro Nore\u00f1a Jaramillo<\/h5>\n<div class=\"cuerpo input_plantilla input_area\" data-input=\"contenido\">\n<p>.: El evento ofrece 24 momentos acad\u00e9micos virtuales y presenciales y venta de arepas ancestrales con ocho portadores de tradici\u00f3n en la Plazuela San Ignacio.<\/p>\n<p>.: Hasta el 20 de julio se celebrar\u00e1 la cuarta versi\u00f3n del encuentro culinario \u201cLa Arepa Invita\u201d, inspirado en el fomento y la conservaci\u00f3n de la cultura del ma\u00edz.<\/p>\n<p><a href=\"\/irj\/go\/km\/docs\/galerias\/Audios\/Audios d\u00eda a d\u00eda 2021 - 2\/20210717-La-Arepa-Invita-01.mp3\" class=\"aContEnlace liMp3\" download=\"\" data-mce-href=\"\/irj\/go\/km\/docs\/galerias\/Audios\/Audios d\u00eda a d\u00eda 2021 - 2\/20210717-La-Arepa-Invita-01.mp3\"><span>Palabras de M\u00f3nica Pab\u00f3n, gerente del Centro.<\/span><span><\/span><span>630 Kb<\/span><\/a><\/p>\n<p><a href=\"\/irj\/go\/km\/docs\/galerias\/Audios\/Audios d\u00eda a d\u00eda 2021 - 2\/20210717-La-Arepa-Invita-02.mp3\" class=\"aContEnlace liMp3\" download=\"\" data-mce-href=\"\/irj\/go\/km\/docs\/galerias\/Audios\/Audios d\u00eda a d\u00eda 2021 - 2\/20210717-La-Arepa-Invita-02.mp3\"><span>Palabras de Berta P\u00e9rez, participante.<\/span><span><\/span><span>396 Kb<\/span><\/a><\/p>\n<p><a href=\"\/irj\/go\/km\/docs\/galerias\/Audios\/Audios d\u00eda a d\u00eda 2021 - 2\/20210717-La-Arepa-Invita-03.mp3\" class=\"aContEnlace liMp3\" download=\"\" data-mce-href=\"\/irj\/go\/km\/docs\/galerias\/Audios\/Audios d\u00eda a d\u00eda 2021 - 2\/20210717-La-Arepa-Invita-03.mp3\"><span>Palabras de Lorenzo Villegas, periodista culinario y miembro del equipo acad\u00e9mico.&nbsp;<\/span><span><\/span><span>660 Kb<\/span><\/a><\/p>\n<p>La Plazuela San Ignacio es el epicentro de la cuarta versi\u00f3n de \u201cLa Arepa Invita\u201d, que organizan la Alcald\u00eda de Medell\u00edn, la Universidad de Antioquia y Comfama, con el objetivo de resaltar el ma\u00edz como alimento fundacional de la cultura culinaria mesoamericana y llevar a todos los participantes a descubrir la historia alimentaria de Antioquia.<\/p>\n<p>14 conversatorios, siete talleres de arepas y amasijos y una carpa biblioteca dedicada a las lecturas y pensares del ma\u00edz, hacen parte de la agenda acad\u00e9mica y art\u00edstica del evento que ir\u00e1 hasta el 20 de julio y permitir\u00e1 la apropiaci\u00f3n de espacios importantes como la Plazoleta San Ignacio, patrimonio urbano, arquitect\u00f3nico y ambiental del Centro.<\/p>\n<p>\u201c<em>La Arepa Invita, en su cuarta versi\u00f3n, ofrece una agenda acad\u00e9mica que incluye talleres y conversatorios que permitir\u00e1n valorar, reconocer y promover la tradici\u00f3n culinaria de la arepa y el ma\u00edz. Con la venta de arepas se apoya la recuperaci\u00f3n econ\u00f3mica de los portadores de esta tradici\u00f3n y as\u00ed seguir construyendo juntos nuestro Centro ConSentido<\/em>\u201d, expres\u00f3 la gerente del Centro, M\u00f3nica Pab\u00f3n.<\/p>\n<p><a data-mce-href=\"\/irj\/go\/km\/docs\/galerias\/Imagenes\/Galer%C3%ADa%20d%C3%ADa%20a%20d%C3%ADa%202021\/20210717-La-Arepa-Invita-2.jpg\" href=\"\/irj\/go\/km\/docs\/galerias\/Imagenes\/Galer%C3%ADa%20d%C3%ADa%20a%20d%C3%ADa%202021\/20210717-La-Arepa-Invita-2.jpg\" title=\"\u2018La Arepa Invita\u2019 a disfrutar de la gastronom\u00eda del Centro de Medell\u00edn y a preservar la cultura del ma\u00edz\" target=\"_blank\" rel=\"noopener\"><img src=\"\/irj\/go\/km\/docs\/galerias\/Imagenes\/Galer%C3%ADa%20d%C3%ADa%20a%20d%C3%ADa%202021\/1000_450\/20210717-La-Arepa-Invita-2.jpg\" width=\"100%\" alt=\"\/irj\/go\/km\/docs\/galerias\/Imagenes\/Galer%C3%ADa%20d%C3%ADa%20a%20d%C3%ADa%202021\/1000_450\/20210717-La-Arepa-Invita-2.jpg\" data-mce-src=\"\/irj\/go\/km\/docs\/galerias\/Imagenes\/Galer%C3%ADa%20d%C3%ADa%20a%20d%C3%ADa%202021\/1000_450\/20210717-La-Arepa-Invita-2.jpg\"><\/a><br data-mce-bogus=\"1\"><\/p>\n<p>Los hacedores de arepas, que convirtieron la Plazuela San Ignacio en una verdadera cocina ancestral, invitan a todos los visitantes a un viaje para que conozcan acerca de la evoluci\u00f3n y domesticaci\u00f3n del ma\u00edz y c\u00f3mo este grano permiti\u00f3 una organizaci\u00f3n pol\u00edtica y una jerarquizaci\u00f3n de las sociedades ind\u00edgenas.<\/p>\n<p>Gracias al proceso de reactivaci\u00f3n econ\u00f3mica que vive la ciudad, los portadores de tradici\u00f3n pueden vender sus arepas en la plazuela, convirtiendo este espacio en la mejor vitrina para promocionar sus productos.<\/p>\n<p>\u201c<em>Para los hacedores de arepas es muy importante que los inviten a estos eventos, porque as\u00ed pueden dar a conocer sus productos y ense\u00f1arle a la comunidad de d\u00f3nde viene esta tradici\u00f3n que aprendieron desde ni\u00f1os y lo que significa la arepita para el desayuno de los antioque\u00f1os<\/em>\u201d, expres\u00f3 Berta P\u00e9rez, una de las participantes.<\/p>\n<p>\u201c<em>La Arepa Invita<\/em>\u201d es un espacio de encuentro ciudadano, que fomenta el reconocimiento del ma\u00edz como amasijo de resistencia e historias. Por esta raz\u00f3n, este a\u00f1o el certamen re\u00fane hacedores de arepas, cocineros, investigadores, profesionales en antropolog\u00eda, emprendedores y artistas para honrar este alimento como pilar de la cultura americana.<\/p>\n<p>El periodista culinario y miembro del equipo acad\u00e9mico, Lorenzo Villegas, asegur\u00f3: \u201c<em>este evento tiene invitados de la talla de Weildler Guerra, antrop\u00f3logo de La Guajira, quien hablar\u00e1 de diferentes temas alrededor de esta tradici\u00f3n de esta zona del pa\u00eds. Tambi\u00e9n hace parte el director acad\u00e9mico, el profesor Juli\u00e1n Estrada e Isa\u00edas Arcila, profundo conocedor del ma\u00edz y de las arepas del Carmen de Viboral. A ellos se suman Luis Vidal, antrop\u00f3logo de la Universidad de Antioquia, Luz Marina V\u00e9lez, Ramiro Delgado y muchos m\u00e1s conocedores y expertos de la tradici\u00f3n, de la sociolog\u00eda, la antropolog\u00eda y de la historia del ma\u00edz y de la arepa<\/em>\u201d.<\/p>\n<p>Hacedores de arepas del municipio Sons\u00f3n (invitado especial) que traen la receta tradicional de \u201c<em>ahoga viejo<\/em>\u201d y expertos en la preparaci\u00f3n del \u201c<em>champ\u00fas valluno<\/em>\u201d, son algunos de los personajes que participan de la cuarta versi\u00f3n de \u201c<em>La Arepa Invita<\/em>\u201d. Se trata de una actividad que ratifica la creencia maya, seg\u00fan la cual: \u00ab<em>el hombre es ma\u00edz, fuimos ma\u00edz, somos ma\u00edz y lo seguiremos siendo<\/em>\u00ab.<\/p>\n<\/div>\n<div class=\"compartir\">Compartir en:<a title=\"\" href=\"http:\/\/www.facebook.com\/share.php?u=\" class=\"btCompartirFacebook btCompartir\" target=\"_blank\" rel=\"noopener\"><\/a><a title=\"\" href=\"http:\/\/twitter.com\/home?status=Haz%20clic%20para%20ver%20esta%20noticia%20en%20\" class=\"btCompartirTwitter btCompartir\"><\/a><a title=\"\" href=\"whatsapp:\/\/send?text=Haz%20clic%20para%20ver%20esta%20noticia%20en%20\" class=\"btCompartirWa btCompartir\"><\/a><\/div>\n<\/div>\n<p><script>try{comprobarImagen();fixBtnRedes();hitsMedellin();}catch(e){}<\/script><\/div>\n<p><\/span><\/span><\/p>\n","protected":false},"excerpt":{"rendered":"<p>Foto: \u2018La Arepa Invita\u2019 a disfrutar de la gastronom\u00eda del Centro de Medell\u00edn y a preservar la cultura del ma\u00edz. Fot\u00f3grafo: Foto Alcald\u00eda de Medell\u00edn 2021-07-17 \u2018La Arepa Invita\u2019 a disfrutar de la gastronom\u00eda del &#8230;<\/p>\n","protected":false},"author":1,"featured_media":56253,"comment_status":"open","ping_status":"open","sticky":false,"template":"","format":"standard","meta":[],"categories":[23,3],"tags":[444,433,440,428,450,430],"formato_nota":[],"programas_tax":[],"acf":[],"_links":{"self":[{"href":"https:\/\/www.medellin.gov.co\/es\/wp-json\/wp\/v2\/posts\/50984"}],"collection":[{"href":"https:\/\/www.medellin.gov.co\/es\/wp-json\/wp\/v2\/posts"}],"about":[{"href":"https:\/\/www.medellin.gov.co\/es\/wp-json\/wp\/v2\/types\/post"}],"author":[{"embeddable":true,"href":"https:\/\/www.medellin.gov.co\/es\/wp-json\/wp\/v2\/users\/1"}],"replies":[{"embeddable":true,"href":"https:\/\/www.medellin.gov.co\/es\/wp-json\/wp\/v2\/comments?post=50984"}],"version-history":[{"count":1,"href":"https:\/\/www.medellin.gov.co\/es\/wp-json\/wp\/v2\/posts\/50984\/revisions"}],"predecessor-version":[{"id":53091,"href":"https:\/\/www.medellin.gov.co\/es\/wp-json\/wp\/v2\/posts\/50984\/revisions\/53091"}],"wp:featuredmedia":[{"embeddable":true,"href":"https:\/\/www.medellin.gov.co\/es\/wp-json\/wp\/v2\/media\/56253"}],"wp:attachment":[{"href":"https:\/\/www.medellin.gov.co\/es\/wp-json\/wp\/v2\/media?parent=50984"}],"wp:term":[{"taxonomy":"category","embeddable":true,"href":"https:\/\/www.medellin.gov.co\/es\/wp-json\/wp\/v2\/categories?post=50984"},{"taxonomy":"post_tag","embeddable":true,"href":"https:\/\/www.medellin.gov.co\/es\/wp-json\/wp\/v2\/tags?post=50984"},{"taxonomy":"formato_nota","embeddable":true,"href":"https:\/\/www.medellin.gov.co\/es\/wp-json\/wp\/v2\/formato_nota?post=50984"},{"taxonomy":"programas_tax","embeddable":true,"href":"https:\/\/www.medellin.gov.co\/es\/wp-json\/wp\/v2\/programas_tax?post=50984"}],"curies":[{"name":"wp","href":"https:\/\/api.w.org\/{rel}","templated":true}]}}