{"id":50988,"date":"2021-07-17T00:00:00","date_gmt":"2021-07-17T05:00:00","guid":{"rendered":"https:\/\/www.medellin.gov.co\/es\/saladeprensa\/noticias\/mas-de-4-000-personas-se-beneficiaran-con-las-caminadas-de-planeacion-local-y-presupuesto-participativo-del-inder-medellin\/"},"modified":"2022-03-27T21:43:01","modified_gmt":"2022-03-28T02:43:01","slug":"mas-de-4-000-personas-se-beneficiaran-con-las-caminadas-de-planeacion-local-y-presupuesto-participativo-del-inder-medellin","status":"publish","type":"post","link":"https:\/\/www.medellin.gov.co\/es\/sala-de-prensa\/noticias\/mas-de-4-000-personas-se-beneficiaran-con-las-caminadas-de-planeacion-local-y-presupuesto-participativo-del-inder-medellin\/","title":{"rendered":"M\u00e1s de 4.000 personas se beneficiar\u00e1n con las caminadas de Planeaci\u00f3n Local y Presupuesto Participativo del INDER Medell\u00edn"},"content":{"rendered":"<p><span style=\"vertical-align: inherit;\"><span style=\"vertical-align: inherit;\"><\/p>\n<div class=\"wrap contenido\">\n<div class=\"noticia\">\n<div class=\"imagen\">\n<div class=\"divContImageNoticia input_plantilla input_background\" data-input=\"fotografia\" ruta=\"\/galerias\/Imagenes\/Galer\u00eda d\u00eda a d\u00eda 2021\/500_400\/20210717-INDER-Medellin-1.jpg\" fotografo=\"Foto Alcald\u00eda de Medelll\u00edn\" descripcion=\"M\u00e1s de 4.000 personas se beneficiar\u00e1n con las caminadas de Planeaci\u00f3n Local y Presupuesto Participativo del INDER Medell\u00edn.\" style=\"background-image:url('\/irj\/go\/km\/docs\/galerias\/Imagenes\/Galer\u00eda d\u00eda a d\u00eda 2021\/500_400\/20210717-INDER-Medellin-1.jpg')\"><\/div>\n<p class=\"pMetaDesc\">Foto: M\u00e1s de 4.000 personas se beneficiar\u00e1n con las caminadas de Planeaci\u00f3n Local y Presupuesto Participativo del INDER Medell\u00edn.<\/p>\n<p class=\"pMetaFotografo\">Fot\u00f3grafo: Foto Alcald\u00eda de Medelll\u00edn<\/p>\n<\/div>\n<p class=\"fecha\"><span class=\"input_plantilla input_text\" data-input=\"fecha\">2021-07-17<\/span><\/p>\n<p><span itemprop=\"name\" class=\"input_plantilla input_text\" data-input=\"titulo\">M\u00e1s de 4.000 personas se beneficiar\u00e1n con las caminadas de Planeaci\u00f3n Local y Presupuesto Participativo del INDER Medell\u00edn<\/span><\/p>\n<h5 class=\"input_plantilla input_text\" data-input=\"autor\">Por Diego Giraldo Parra<\/h5>\n<div class=\"cuerpo input_plantilla input_area\" data-input=\"contenido\">\n<p>.: 11 comunas de la ciudad priorizaron esta actividad con la que se busca integrar a las familias y generar espacios de sano esparcimiento.&nbsp;<\/p>\n<p>.: Las caminadas no se hab\u00edan ejecutado por temas de pandemia y se reactivar\u00e1n desde este 18 de julio.<\/p>\n<p><a href=\"\/irj\/go\/km\/docs\/galerias\/Audios\/Audios d\u00eda a d\u00eda 2021 - 2\/20210717-INDER-Medellin-01.mp3\" class=\"aContEnlace liMp3\" download=\"\" data-mce-href=\"\/irj\/go\/km\/docs\/galerias\/Audios\/Audios d\u00eda a d\u00eda 2021 - 2\/20210717-INDER-Medellin-01.mp3\"><span>Palabras de Yuynan Ord\u00f3\u00f1ez, l\u00edder de PLyPP del INDER Medell\u00edn.<\/span><span><\/span><span>1052 Kb<\/span><\/a><\/p>\n<p>Recorrer a pie la Medell\u00edn rural y los municipios cercanos del Valle de Aburr\u00e1 ser\u00e1 una realidad gracias a las caminadas de Planeaci\u00f3n Local y Presupuesto Participativo (PLyPP) del INDER Medell\u00edn. Los habitantes de las 11 comunas que priorizaron recursos para esta actividad ser\u00e1n quienes se beneficien de las 30 caminadas que se cumplir\u00e1n en este segundo semestre del a\u00f1o.&nbsp;<\/p>\n<p><em>\u201cSon unas caminadas tipo recreativas, para la familia, los amigos, para las personas que est\u00e1n empezando en los temas de senderismo. El objetivo es conocer nuestra \u00e1rea urbana, rural y otros municipios\u201d,<\/em> expres\u00f3 el l\u00edder de PLyPP del INDER Medell\u00edn, Yuynan Ord\u00f3\u00f1ez.&nbsp;&nbsp;<\/p>\n<p>Las caminadas son gratuitas y de ellas se beneficiar\u00e1n m\u00e1s de 4.000 personas de las comunas 1 &#8211; Popular, 2 &#8211; Santa Cruz, 4 &#8211; Aranjuez, 5 &#8211; Castilla, 9 &#8211; Buenos Aires, 11 &#8211; Laureles, 12 &#8211; La Am\u00e9rica, 14 &#8211; Poblado, 15 &#8211; Guayabal, 16 &#8211; Bel\u00e9n y el corregimiento de Santa Elena. Las inscripciones a ellas se hacen con los gestores comunales de PLyPP INDER en cada territorio.&nbsp;<\/p>\n<p><em>\u201cHay una total tranquilidad, de que las caminadas que estaban suspendidas por temas de covid-19 se van a ejecutar, cumpliendo con todos los protocolos de bioseguridad. Vamos a apostarle a la reactivaci\u00f3n econ\u00f3mica, psicol\u00f3gica y social del territorio\u201d,<\/em> concluy\u00f3 Ord\u00f3\u00f1ez.&nbsp;<\/p>\n<p>A los participantes se les suministra hidrataci\u00f3n, alimentaci\u00f3n, <em>souvenirs<\/em>, el acompa\u00f1amiento de personal socorrista de Atenci\u00f3n Prehospitalaria (APH) ante cualquier eventualidad y gu\u00edas expertos en estos recorridos. El primer recorrido se har\u00e1 con habitantes de Santa Elena en la vereda La Clara de Caldas, donde nace el r\u00edo Medell\u00edn, con 11 kil\u00f3metros de recorrido.<\/p>\n<\/div>\n<div class=\"compartir\">Compartir en:<a title=\"\" href=\"http:\/\/www.facebook.com\/share.php?u=\" class=\"btCompartirFacebook btCompartir\" target=\"_blank\" rel=\"noopener\"><\/a><a title=\"\" href=\"http:\/\/twitter.com\/home?status=Haz%20clic%20para%20ver%20esta%20noticia%20en%20\" class=\"btCompartirTwitter btCompartir\"><\/a><a title=\"\" href=\"whatsapp:\/\/send?text=Haz%20clic%20para%20ver%20esta%20noticia%20en%20\" class=\"btCompartirWa btCompartir\"><\/a><\/div>\n<\/div>\n<p><script>try{comprobarImagen();fixBtnRedes();hitsMedellin();}catch(e){}<\/script><\/div>\n<p><\/span><\/span><\/p>\n","protected":false},"excerpt":{"rendered":"<p>Foto: M\u00e1s de 4.000 personas se beneficiar\u00e1n con las caminadas de Planeaci\u00f3n Local y Presupuesto Participativo del INDER Medell\u00edn. Fot\u00f3grafo: Foto Alcald\u00eda de Medelll\u00edn 2021-07-17 M\u00e1s de 4.000 personas se beneficiar\u00e1n con las caminadas de &#8230;<\/p>\n","protected":false},"author":1,"featured_media":56255,"comment_status":"open","ping_status":"open","sticky":false,"template":"","format":"standard","meta":[],"categories":[16,17],"tags":[451,428,435,450,427],"formato_nota":[],"programas_tax":[],"acf":[],"_links":{"self":[{"href":"https:\/\/www.medellin.gov.co\/es\/wp-json\/wp\/v2\/posts\/50988"}],"collection":[{"href":"https:\/\/www.medellin.gov.co\/es\/wp-json\/wp\/v2\/posts"}],"about":[{"href":"https:\/\/www.medellin.gov.co\/es\/wp-json\/wp\/v2\/types\/post"}],"author":[{"embeddable":true,"href":"https:\/\/www.medellin.gov.co\/es\/wp-json\/wp\/v2\/users\/1"}],"replies":[{"embeddable":true,"href":"https:\/\/www.medellin.gov.co\/es\/wp-json\/wp\/v2\/comments?post=50988"}],"version-history":[{"count":1,"href":"https:\/\/www.medellin.gov.co\/es\/wp-json\/wp\/v2\/posts\/50988\/revisions"}],"predecessor-version":[{"id":53093,"href":"https:\/\/www.medellin.gov.co\/es\/wp-json\/wp\/v2\/posts\/50988\/revisions\/53093"}],"wp:featuredmedia":[{"embeddable":true,"href":"https:\/\/www.medellin.gov.co\/es\/wp-json\/wp\/v2\/media\/56255"}],"wp:attachment":[{"href":"https:\/\/www.medellin.gov.co\/es\/wp-json\/wp\/v2\/media?parent=50988"}],"wp:term":[{"taxonomy":"category","embeddable":true,"href":"https:\/\/www.medellin.gov.co\/es\/wp-json\/wp\/v2\/categories?post=50988"},{"taxonomy":"post_tag","embeddable":true,"href":"https:\/\/www.medellin.gov.co\/es\/wp-json\/wp\/v2\/tags?post=50988"},{"taxonomy":"formato_nota","embeddable":true,"href":"https:\/\/www.medellin.gov.co\/es\/wp-json\/wp\/v2\/formato_nota?post=50988"},{"taxonomy":"programas_tax","embeddable":true,"href":"https:\/\/www.medellin.gov.co\/es\/wp-json\/wp\/v2\/programas_tax?post=50988"}],"curies":[{"name":"wp","href":"https:\/\/api.w.org\/{rel}","templated":true}]}}