{"id":51082,"date":"2021-07-25T00:00:00","date_gmt":"2021-07-25T05:00:00","guid":{"rendered":"https:\/\/www.medellin.gov.co\/es\/saladeprensa\/noticias\/estudiantes-de-medellin-consolidan-su-desarrollo-integral-gracias-a-la-jornada-escolar-complementaria\/"},"modified":"2022-03-27T21:43:47","modified_gmt":"2022-03-28T02:43:47","slug":"estudiantes-de-medellin-consolidan-su-desarrollo-integral-gracias-a-la-jornada-escolar-complementaria","status":"publish","type":"post","link":"https:\/\/www.medellin.gov.co\/es\/sala-de-prensa\/noticias\/estudiantes-de-medellin-consolidan-su-desarrollo-integral-gracias-a-la-jornada-escolar-complementaria\/","title":{"rendered":"Estudiantes de Medell\u00edn consolidan su desarrollo integral gracias a la Jornada Escolar Complementaria"},"content":{"rendered":"<p><span style=\"vertical-align: inherit;\"><span style=\"vertical-align: inherit;\"><\/p>\n<div class=\"wrap contenido\">\n<div class=\"noticia\">\n<div class=\"imagen\">\n<div class=\"divContImageNoticia input_plantilla input_background\" data-input=\"fotografia\" ruta=\"\/galerias\/Imagenes\/Galer\u00eda d\u00eda a d\u00eda 2021\/500_400\/20210725_Jornada Escolar Complementaria 3.jpg\" fotografo=\"Foto Alcald\u00eda de Medell\u00edn\" descripcion=\"Jornada Escolar Complementaria.\" style=\"background-image:url('\/irj\/go\/km\/docs\/galerias\/Imagenes\/Galer\u00eda d\u00eda a d\u00eda 2021\/500_400\/20210725_Jornada Escolar Complementaria 3.jpg')\"><\/div>\n<p class=\"pMetaDesc\">Foto: Jornada Escolar Complementaria.<\/p>\n<p class=\"pMetaFotografo\">Fot\u00f3grafo: Foto Alcald\u00eda de Medell\u00edn<\/p>\n<\/div>\n<p class=\"fecha\"><span class=\"input_plantilla input_text\" data-input=\"fecha\">2021-07-26<\/span><\/p>\n<p><span itemprop=\"name\" class=\"input_plantilla input_text\" data-input=\"titulo\">Estudiantes de Medell\u00edn consolidan su desarrollo integral gracias a la Jornada Escolar Complementaria<\/span><\/p>\n<h5 class=\"input_plantilla input_text\" data-input=\"autor\">Por Eduar Rend\u00f3n<\/h5>\n<div class=\"cuerpo input_plantilla input_area\" data-input=\"contenido\">\n<p><b>:: L<\/b>a estrategia de permanencia educativa busca activar y potenciar el talento de los ni\u00f1os, ni\u00f1as y j\u00f3venes.<br \/><b>:: <\/b>Actualmente, en las diferentes actividades del programa participan 2.690 estudiantes.<\/p>\n<p><a href=\"\/irj\/go\/km\/docs\/galerias\/Audios\/Audios d\u00eda a d\u00eda 2021 - 2\/20210726 - Secretaria de Educaci\u00f3n, Alexandra Agudelo Ruiz.mp3\" class=\"aContEnlace liMp3\" download=\"\" data-mce-href=\"\/irj\/go\/km\/docs\/galerias\/Audios\/Audios d\u00eda a d\u00eda 2021 - 2\/20210726 - Secretaria de Educaci\u00f3n, Alexandra Agudelo Ruiz.mp3\"><span>Palabras de la secretaria de Educaci\u00f3n, Alexandra Agudelo Ruiz<\/span><span><\/span><span>829 Kb<\/span><\/a><\/p>\n<p><span style=\"font-weight: 400;\" data-mce-style=\"font-weight: 400;\"><a href=\"\/irj\/go\/km\/docs\/galerias\/Audios\/Audios d\u00eda a d\u00eda 2021 - 2\/20210726 - Coordinadora de Jornada Escolar Complementaria de Comfenalco, Sara Fl\u00f3rez.mp3\" class=\"aContEnlace liMp3\" download=\"\" data-mce-href=\"\/irj\/go\/km\/docs\/galerias\/Audios\/Audios d\u00eda a d\u00eda 2021 - 2\/20210726 - Coordinadora de Jornada Escolar Complementaria de Comfenalco, Sara Fl\u00f3rez.mp3\"><span>Palabras de la coordinadora del programa en Comfenalco, Sara Fl\u00f3rez<\/span><span><\/span><span>2267 Kb<\/span><\/a><\/span><\/p>\n<p><span style=\"font-weight: 400;\" data-mce-style=\"font-weight: 400;\"><a href=\"\/irj\/go\/km\/docs\/galerias\/Audios\/Audios d\u00eda a d\u00eda 2021 - 2\/20210726 - Coordinadora de Jornada Escolar Complementaria de Comfenalco, Sara Fl\u00f3rez.mp3\" class=\"aContEnlace liMp3\" download=\"\" data-mce-href=\"\/irj\/go\/km\/docs\/galerias\/Audios\/Audios d\u00eda a d\u00eda 2021 - 2\/20210726 - Coordinadora de Jornada Escolar Complementaria de Comfenalco, Sara Fl\u00f3rez.mp3\"><span>Palabras de Akemi Isabela Rueda, estudiante de sexto grado<\/span><span><\/span><span>2267 Kb<\/span><\/a><\/span><\/p>\n<p><span style=\"font-weight: 400;\" data-mce-style=\"font-weight: 400;\">La Alcald\u00eda de Medell\u00edn, a trav\u00e9s de la Secretar\u00eda de Educaci\u00f3n y con el apoyo de Comfama y Comfenalco, llevan a los estudiantes de las instituciones educativas oficiales de la ciudad formaci\u00f3n adicional a la establecida en el curr\u00edculo acad\u00e9mico, mediante los procesos de aprendizaje de la Jornada Escolar Complementaria.<\/span><\/p>\n<p><span style=\"font-weight: 400;\" data-mce-style=\"font-weight: 400;\">La estrategia de permanencia educativa fortalece en los alumnos su desarrollo integral como seres sociales, morales y pol\u00edticos. Adem\u00e1s, activa y potencializa el talento de los ni\u00f1os, ni\u00f1as y j\u00f3venes de Medell\u00edn a partir de ense\u00f1anzas cargadas de sentidos, donde interact\u00faan el conocimiento con el placer, la experimentaci\u00f3n y la creatividad.<\/span><\/p>\n<p><i><span style=\"font-weight: 400;\" data-mce-style=\"font-weight: 400;\">\u201cLa Jornada Complementaria tambi\u00e9n hace parte de la Transformaci\u00f3n Educativa que estamos desarrollando en Medell\u00edn. A hoy son 2.600 estudiantes quienes han sido beneficiados en varias de las rutas que tenemos de: cultura, rob\u00f3tica, investigaci\u00f3n, biling\u00fcismo, no solamente en ingl\u00e9s sino tambi\u00e9n en franc\u00e9s, en deportes en asocio con el Inder y otros trabajos que hacemos para que los estudiantes ocupen el tiempo en desarrollar otras actividades\u201d, <\/span><\/i><span style=\"font-weight: 400;\" data-mce-style=\"font-weight: 400;\">afirm\u00f3 la secretaria de Educaci\u00f3n, Alexandra Agudelo Ruiz.<\/span><\/p>\n<p><span style=\"font-weight: 400;\" data-mce-style=\"font-weight: 400;\">Con la Jornada Escolar Complementaria, la Administraci\u00f3n Municipal tiene como objetivo preparar a los futuros profesionales del Valle del Software y fortalecer a los estudiantes en diversas \u00e1reas del conocimiento. Adem\u00e1s, en la comuna 7-Robledo se priorizaron recursos de Presupuesto Participativo para este programa, especialmente en proyectos de rob\u00f3tica y apropiaci\u00f3n tecnol\u00f3gica.<\/span><\/p>\n<p><span style=\"font-weight: 400;\" data-mce-style=\"font-weight: 400;\">Akemi Isabela Rueda, estudiante de sexto grado, est\u00e1 en tres actividades de las ofrecidas por la Jornada Escolar Complementaria porque <\/span><i><span style=\"font-weight: 400;\" data-mce-style=\"font-weight: 400;\">\u201crealmente a m\u00ed me gusta mantenerme entretenida, con muchas cosas qu\u00e9 hacer y cuando en mi colegio nos presentaron audiovisuales averig\u00fc\u00e9 en qu\u00e9 otras cosas me pod\u00eda meter y me llam\u00f3 mucho la atenci\u00f3n el de teatro y el de comic manga\u201d.<\/span><\/i><\/p>\n<p><span style=\"font-weight: 400;\" data-mce-style=\"font-weight: 400;\">El programa basa sus procesos formativos en cuatro principios: un enfoque l\u00fadico-pedag\u00f3gico a trav\u00e9s del cual se aprende haciendo; un enfoque de territorio que ve la ciudad como un espacio educador; desarrollando habilidades para la vida que fortalecen el ser ciudadano y el uso creativo del tiempo libre haciendo lo que al estudiante le gusta.<\/span><\/p>\n<p><i><span style=\"font-weight: 400;\" data-mce-style=\"font-weight: 400;\">\u201cDesde Comfenalco Antioquia, en cumplimiento de la Ley 789, ejecutamos en convenio con la Secretar\u00eda de Educaci\u00f3n de Medell\u00edn el programa a trav\u00e9s de tres modalidades: Plan Nacional de Lectura, Escuelas Deportivas y Actividad F\u00edsica, y Formaci\u00f3n Art\u00edstica y Cultural. Para 2021, tenemos una proyecci\u00f3n de 5.700 estudiantes que vamos a estar atendiendo\u201d, <\/span><\/i><span style=\"font-weight: 400;\" data-mce-style=\"font-weight: 400;\">manifest\u00f3 la coordinadora del programa en esta caja de compensaci\u00f3n familiar del departamento, Sara Fl\u00f3rez.&nbsp;<\/span><\/p>\n<p><span style=\"font-weight: 400;\" data-mce-style=\"font-weight: 400;\">La Jornada Escolar Complementaria hace parte de la l\u00ednea estrat\u00e9gica <\/span><i><span style=\"font-weight: 400;\" data-mce-style=\"font-weight: 400;\">Transformaci\u00f3n Educativa y Cultural <\/span><\/i><span style=\"font-weight: 400;\" data-mce-style=\"font-weight: 400;\">del Plan de Desarrollo <\/span><i><span style=\"font-weight: 400;\" data-mce-style=\"font-weight: 400;\">Medell\u00edn Futuro 2020-2023<\/span><\/i><span style=\"font-weight: 400;\" data-mce-style=\"font-weight: 400;\"> y est\u00e1 regida por el Acuerdo Municipal 50 de 2014, por medio del cual se fija como pol\u00edtica p\u00fablica para el mejoramiento de la educaci\u00f3n en Medell\u00edn.<\/span><b><\/b><\/p>\n<\/div>\n<div class=\"compartir\">Compartir en:<a title=\"\" href=\"http:\/\/www.facebook.com\/share.php?u=\" class=\"btCompartirFacebook btCompartir\" target=\"_blank\" rel=\"noopener\"><\/a><a title=\"\" href=\"http:\/\/twitter.com\/home?status=Haz%20clic%20para%20ver%20esta%20noticia%20en%20\" class=\"btCompartirTwitter btCompartir\"><\/a><a title=\"\" href=\"whatsapp:\/\/send?text=Haz%20clic%20para%20ver%20esta%20noticia%20en%20\" class=\"btCompartirWa btCompartir\"><\/a><\/div>\n<\/div>\n<p><script>try{comprobarImagen();fixBtnRedes();hitsMedellin();}catch(e){}<\/script><\/div>\n<p><\/span><\/span><\/p>\n","protected":false},"excerpt":{"rendered":"<p>Foto: Jornada Escolar Complementaria. Fot\u00f3grafo: Foto Alcald\u00eda de Medell\u00edn 2021-07-26 Estudiantes de Medell\u00edn consolidan su desarrollo integral gracias a la Jornada Escolar Complementaria Por Eduar Rend\u00f3n :: La estrategia de permanencia educativa busca activar y &#8230;<\/p>\n","protected":false},"author":1,"featured_media":56302,"comment_status":"open","ping_status":"open","sticky":false,"template":"","format":"standard","meta":[],"categories":[4],"tags":[451,431,450],"formato_nota":[],"programas_tax":[],"acf":[],"_links":{"self":[{"href":"https:\/\/www.medellin.gov.co\/es\/wp-json\/wp\/v2\/posts\/51082"}],"collection":[{"href":"https:\/\/www.medellin.gov.co\/es\/wp-json\/wp\/v2\/posts"}],"about":[{"href":"https:\/\/www.medellin.gov.co\/es\/wp-json\/wp\/v2\/types\/post"}],"author":[{"embeddable":true,"href":"https:\/\/www.medellin.gov.co\/es\/wp-json\/wp\/v2\/users\/1"}],"replies":[{"embeddable":true,"href":"https:\/\/www.medellin.gov.co\/es\/wp-json\/wp\/v2\/comments?post=51082"}],"version-history":[{"count":1,"href":"https:\/\/www.medellin.gov.co\/es\/wp-json\/wp\/v2\/posts\/51082\/revisions"}],"predecessor-version":[{"id":53140,"href":"https:\/\/www.medellin.gov.co\/es\/wp-json\/wp\/v2\/posts\/51082\/revisions\/53140"}],"wp:featuredmedia":[{"embeddable":true,"href":"https:\/\/www.medellin.gov.co\/es\/wp-json\/wp\/v2\/media\/56302"}],"wp:attachment":[{"href":"https:\/\/www.medellin.gov.co\/es\/wp-json\/wp\/v2\/media?parent=51082"}],"wp:term":[{"taxonomy":"category","embeddable":true,"href":"https:\/\/www.medellin.gov.co\/es\/wp-json\/wp\/v2\/categories?post=51082"},{"taxonomy":"post_tag","embeddable":true,"href":"https:\/\/www.medellin.gov.co\/es\/wp-json\/wp\/v2\/tags?post=51082"},{"taxonomy":"formato_nota","embeddable":true,"href":"https:\/\/www.medellin.gov.co\/es\/wp-json\/wp\/v2\/formato_nota?post=51082"},{"taxonomy":"programas_tax","embeddable":true,"href":"https:\/\/www.medellin.gov.co\/es\/wp-json\/wp\/v2\/programas_tax?post=51082"}],"curies":[{"name":"wp","href":"https:\/\/api.w.org\/{rel}","templated":true}]}}