{"id":51088,"date":"2021-07-26T00:00:00","date_gmt":"2021-07-26T05:00:00","guid":{"rendered":"https:\/\/www.medellin.gov.co\/es\/saladeprensa\/noticias\/en-women-who-code-celebran-la-llegada-de-los-centros-del-valle-del-software\/"},"modified":"2022-03-27T21:43:56","modified_gmt":"2022-03-28T02:43:56","slug":"en-women-who-code-celebran-la-llegada-de-los-centros-del-valle-del-software","status":"publish","type":"post","link":"https:\/\/www.medellin.gov.co\/es\/sala-de-prensa\/noticias\/en-women-who-code-celebran-la-llegada-de-los-centros-del-valle-del-software\/","title":{"rendered":"En Women Who Code celebran la llegada de los Centros del Valle del Software"},"content":{"rendered":"<p><span style=\"vertical-align: inherit;\"><span style=\"vertical-align: inherit;\"><\/p>\n<div class=\"wrap contenido\">\n<div class=\"noticia\">\n<div class=\"imagen\">\n<div class=\"divContImageNoticia input_plantilla input_background\" data-input=\"fotografia\" ruta=\"\/galerias\/Imagenes\/Galer\u00eda d\u00eda a d\u00eda 2021\/500_400\/20210726-En-Women-Who-Code-1.jpg\" fotografo=\"Foto Nathalia Bedoya Gonz\u00e1lez\" descripcion=\"Erika Ruiz.\" style=\"background-image:url('\/irj\/go\/km\/docs\/galerias\/Imagenes\/Galer\u00eda d\u00eda a d\u00eda 2021\/500_400\/20210726-En-Women-Who-Code-1.jpg')\"><\/div>\n<p class=\"pMetaDesc\">Foto: Erika Ruiz.<\/p>\n<p class=\"pMetaFotografo\">Fot\u00f3grafo: Foto Nathalia Bedoya Gonz\u00e1lez<\/p>\n<\/div>\n<p class=\"fecha\"><span class=\"input_plantilla input_text\" data-input=\"fecha\">2021-07-26<\/span><\/p>\n<p><span itemprop=\"name\" class=\"input_plantilla input_text\" data-input=\"titulo\">En Women Who Code celebran la llegada de los Centros del Valle del Software<\/span><\/p>\n<h5 class=\"input_plantilla input_text\" data-input=\"autor\">Por: Nathalia Bedoya Gonz\u00e1lez<\/h5>\n<div class=\"cuerpo input_plantilla input_area\" data-input=\"contenido\">\n<p style=\"text-align: left;\" data-mce-style=\"text-align: left;\"><strong><em>Women Who Code Medell\u00edn, es una organizaci\u00f3n conformada por mujeres apasionadas por la programaci\u00f3n y la tecnolog\u00eda. Aunque su sede principal est\u00e1 en Neva York, lleg\u00f3 a Medell\u00edn hace 3 a\u00f1os para abrir oportunidades a mujeres que le apuestan a las nuevas tecnolog\u00edas.<\/em><\/strong><\/p>\n<p style=\"text-align: left;\" data-mce-style=\"text-align: left;\">Erika Ruiz es mag\u00edster en tecnolog\u00eda inform\u00e1tica y es una de las cinco mujeres embajadoras de la organizaci\u00f3n en la ciudad.&nbsp;Un <em>coworking<\/em> en Ciudad del R\u00edo es una de las oficinas en las que se sientan a planear las actividades a realizar.&nbsp;<\/p>\n<p style=\"text-align: left;\" data-mce-style=\"text-align: left;\"><em>\u201cYo decid\u00ed estudiar esto porque era una gran oportunidad. Cuando me gradu\u00e9 y a\u00fan ahora, esta profesi\u00f3n tiene mucho campo laboral. Pasaron los a\u00f1os y descubr\u00ed que esto es mi pasi\u00f3n y es a lo que me quiero dedicar\u201d, <\/em>cuenta<em>.<\/em><\/p>\n<p style=\"text-align: left;\" data-mce-style=\"text-align: left;\">Realiz\u00f3 su maestr\u00eda en Argentina y cuando regres\u00f3 al pa\u00eds, busc\u00f3 la organizaci\u00f3n que conoci\u00f3 all\u00e1, para apoyar a todas las mujeres que quieren incursionar en este mundo de la tecnolog\u00eda.<\/p>\n<p style=\"text-align: left;\" data-mce-style=\"text-align: left;\"><img src=\"\/irj\/go\/km\/docs\/galerias\/Imagenes\/Galer%C3%ADa%20d%C3%ADa%20a%20d%C3%ADa%202021\/1000_450\/20210726_Women_Who_Code%20%20(1).jpg\" alt=\"Erika Ruiz es mag\u00edster en tecnolog\u00eda inform\u00e1tica y es una de las cinco mujeres embajadoras de la organizaci\u00f3n en la ciudad. Un coworking en Ciudad del R\u00edo es una de las oficinas en las que se sientan a planear las actividades a realizar.\" width=\"100%\" data-mce-src=\"\/irj\/go\/km\/docs\/galerias\/Imagenes\/Galer%C3%ADa%20d%C3%ADa%20a%20d%C3%ADa%202021\/1000_450\/20210726_Women_Who_Code%20%20(1).jpg\"><\/p>\n<p style=\"text-align: left;\" data-mce-style=\"text-align: left;\"><em>\u201cEmpec\u00e9 siendo asistente en el 2018 y despu\u00e9s me involucr\u00e9 tanto con la comunidad que ahora soy una de las directoras. Esto cambi\u00f3 mi vida, las oportunidades laborales son muy grandes, la demanda de programadores dentro y fuera del pa\u00eds es muy amplia y no hay programadores porque la gente no sabe como acceder a los cursos. Por eso, mi misi\u00f3n es que la mayor\u00eda de personas se enamoren de la tecnolog\u00eda y m\u00e1s las mujeres, que se den cuenta del poder y las habilidades que tenemos\u201d, <\/em>dice de forma muy enf\u00e1tica.<\/p>\n<p style=\"text-align: left;\" data-mce-style=\"text-align: left;\"><em>Women Who Code<\/em> Medell\u00edn tiene grupos de estudios, cuenta con eventos y charlas dictadas por expertos en la industria de la tecnolog\u00eda e inversionistas profesionales. Todo esto es gratuito, lo \u00fanico que se debe tener para empezar en la organizaci\u00f3n, es ganas de aprender y mucha disciplina.<\/p>\n<p style=\"text-align: left;\" data-mce-style=\"text-align: left;\"><em>\u201cPara nosotros lo m\u00e1s importante es la disciplina porque la tecnolog\u00eda evoluciona constantemente y, por ende, se debe estar evolucionando con ella. Ac\u00e1 cabemos todos, la prioridad son las mujeres, pero en los grupos tenemos tambi\u00e9n hombres que entran con muchas ganas de aprender\u201d.<\/em><\/p>\n<p style=\"text-align: left;\" data-mce-style=\"text-align: left;\"><em><img src=\"\/irj\/go\/km\/docs\/galerias\/Imagenes\/Galer%C3%ADa%20d%C3%ADa%20a%20d%C3%ADa%202021\/1000_450\/20210726_Women_Who_Code%20%20(2).jpg\" alt=\"Erika Ruiz es mag\u00edster en tecnolog\u00eda inform\u00e1tica y es una de las cinco mujeres embajadoras de la organizaci\u00f3n en la ciudad. Un coworking en Ciudad del R\u00edo es una de las oficinas en las que se sientan a planear las actividades a realizar.\" width=\"100%\" data-mce-src=\"\/irj\/go\/km\/docs\/galerias\/Imagenes\/Galer%C3%ADa%20d%C3%ADa%20a%20d%C3%ADa%202021\/1000_450\/20210726_Women_Who_Code%20%20(2).jpg\"><\/em><\/p>\n<p style=\"text-align: left;\" data-mce-style=\"text-align: left;\"><em>Con la llegada del primer Centro del Valle del Software a la ciudad, <\/em>un espacio dotado con equipos tecnol\u00f3gicos, un laboratorio prototipado y zonas de trabajo colaborativo, abierto a la ciudadan\u00eda, emprendedores y empresarios que quieran recibir acompa\u00f1amiento para crear y fortalecer sus unidades de negocio de base tecnol\u00f3gica, las integrantes de <em>Women Who Code<\/em>, celebran que esta inciativa avance. Esto implica que m\u00e1s personas tendr\u00e1n acceso a comunidades tecnol\u00f3gicas que les permita abrir el mercado pero sobre todo, seguir creciendo en comunidades del conocimiento en esta \u00e1rea que va en r\u00e1pida expansi\u00f3n.<\/p>\n<p style=\"text-align: left;\" data-mce-style=\"text-align: left;\"><strong>Sobre Women Who Code<\/strong><\/p>\n<p style=\"text-align: left;\" data-mce-style=\"text-align: left;\">En el 2011 se cre\u00f3 y en el 2014 se registr\u00f3 como una organizaci\u00f3n sin fines de lucro. Su objetivo es dar oportunidades a las mujeres para sobresalir en carreras de&nbsp;<span style=\"color: #0000fa;\" data-mce-style=\"color: #0000fa;\"><a href=\"https:\/\/es.wikipedia.org\/wiki\/Tecnolog%C3%ADa\" style=\"color: #0000fa;\" target=\"_blank\" rel=\"noopener\" data-mce-href=\"https:\/\/es.wikipedia.org\/wiki\/Tecnolog%C3%ADa\" data-mce-style=\"color: #0000fa;\">tecnolog\u00eda<\/a><\/span>&nbsp;y&nbsp;<a href=\"https:\/\/es.wikipedia.org\/wiki\/Programaci%C3%B3n\" target=\"_blank\" rel=\"noopener\" data-mce-href=\"https:\/\/es.wikipedia.org\/wiki\/Programaci%C3%B3n\"><span style=\"color: #0000fa;\" data-mce-style=\"color: #0000fa;\">programaci\u00f3n<\/span><\/a>&nbsp;mediante la creaci\u00f3n de una comunidad y una bolsa de empleo. Para el 2018 la organizaci\u00f3n hab\u00eda realizado m\u00e1s de 7,000 eventos gratuitos alrededor del mundo y reuni\u00f3 137,000 personas asociadas en m\u00e1s de 20 pa\u00edses y 60 ciudades.<\/p>\n<\/div>\n<div class=\"compartir\">Compartir en:<a title=\"\" href=\"http:\/\/www.facebook.com\/share.php?u=\" class=\"btCompartirFacebook btCompartir\" target=\"_blank\" rel=\"noopener\"><\/a><a title=\"\" href=\"http:\/\/twitter.com\/home?status=Haz%20clic%20para%20ver%20esta%20noticia%20en%20\" class=\"btCompartirTwitter btCompartir\"><\/a><a title=\"\" href=\"whatsapp:\/\/send?text=Haz%20clic%20para%20ver%20esta%20noticia%20en%20\" class=\"btCompartirWa btCompartir\"><\/a><\/div>\n<\/div>\n<p><script>try{comprobarImagen();fixBtnRedes();hitsMedellin();}catch(e){}<\/script><\/div>\n<p><\/span><\/span><\/p>\n","protected":false},"excerpt":{"rendered":"<p>Foto: Erika Ruiz. Fot\u00f3grafo: Foto Nathalia Bedoya Gonz\u00e1lez 2021-07-26 En Women Who Code celebran la llegada de los Centros del Valle del Software Por: Nathalia Bedoya Gonz\u00e1lez Women Who Code Medell\u00edn, es una organizaci\u00f3n conformada &#8230;<\/p>\n","protected":false},"author":1,"featured_media":56305,"comment_status":"open","ping_status":"open","sticky":false,"template":"","format":"standard","meta":[],"categories":[3,19,15],"tags":[451,434,443],"formato_nota":[],"programas_tax":[],"acf":[],"_links":{"self":[{"href":"https:\/\/www.medellin.gov.co\/es\/wp-json\/wp\/v2\/posts\/51088"}],"collection":[{"href":"https:\/\/www.medellin.gov.co\/es\/wp-json\/wp\/v2\/posts"}],"about":[{"href":"https:\/\/www.medellin.gov.co\/es\/wp-json\/wp\/v2\/types\/post"}],"author":[{"embeddable":true,"href":"https:\/\/www.medellin.gov.co\/es\/wp-json\/wp\/v2\/users\/1"}],"replies":[{"embeddable":true,"href":"https:\/\/www.medellin.gov.co\/es\/wp-json\/wp\/v2\/comments?post=51088"}],"version-history":[{"count":1,"href":"https:\/\/www.medellin.gov.co\/es\/wp-json\/wp\/v2\/posts\/51088\/revisions"}],"predecessor-version":[{"id":53143,"href":"https:\/\/www.medellin.gov.co\/es\/wp-json\/wp\/v2\/posts\/51088\/revisions\/53143"}],"wp:featuredmedia":[{"embeddable":true,"href":"https:\/\/www.medellin.gov.co\/es\/wp-json\/wp\/v2\/media\/56305"}],"wp:attachment":[{"href":"https:\/\/www.medellin.gov.co\/es\/wp-json\/wp\/v2\/media?parent=51088"}],"wp:term":[{"taxonomy":"category","embeddable":true,"href":"https:\/\/www.medellin.gov.co\/es\/wp-json\/wp\/v2\/categories?post=51088"},{"taxonomy":"post_tag","embeddable":true,"href":"https:\/\/www.medellin.gov.co\/es\/wp-json\/wp\/v2\/tags?post=51088"},{"taxonomy":"formato_nota","embeddable":true,"href":"https:\/\/www.medellin.gov.co\/es\/wp-json\/wp\/v2\/formato_nota?post=51088"},{"taxonomy":"programas_tax","embeddable":true,"href":"https:\/\/www.medellin.gov.co\/es\/wp-json\/wp\/v2\/programas_tax?post=51088"}],"curies":[{"name":"wp","href":"https:\/\/api.w.org\/{rel}","templated":true}]}}