{"id":51114,"date":"2021-07-28T00:00:00","date_gmt":"2021-07-28T05:00:00","guid":{"rendered":"https:\/\/www.medellin.gov.co\/es\/saladeprensa\/noticias\/participa-en-la-segunda-convocatoria-de-medellin-las-mujeres-y-las-artes\/"},"modified":"2022-03-27T21:44:08","modified_gmt":"2022-03-28T02:44:08","slug":"participa-en-la-segunda-convocatoria-de-medellin-las-mujeres-y-las-artes","status":"publish","type":"post","link":"https:\/\/www.medellin.gov.co\/es\/sala-de-prensa\/noticias\/participa-en-la-segunda-convocatoria-de-medellin-las-mujeres-y-las-artes\/","title":{"rendered":"Participa en la segunda convocatoria de: Medell\u00edn, las Mujeres y las Artes"},"content":{"rendered":"<p><span style=\"vertical-align: inherit;\"><span style=\"vertical-align: inherit;\"><\/p>\n<div class=\"wrap contenido\">\n<div class=\"noticia\">\n<div class=\"imagen\">\n<div class=\"divContImageNoticia input_plantilla input_background\" data-input=\"fotografia\" ruta=\"\/galerias\/Imagenes\/Galer\u00eda d\u00eda a d\u00eda 2021\/500_400\/20210728-Mujeres-y-Artes-1.jpg\" fotografo=\"Foto Alcald\u00eda de Medelll\u00edn\" descripcion=\"Participa en la segunda convocatoria de: Medell\u00edn, las Mujeres y las Artes. \" style=\"background-image:url('\/irj\/go\/km\/docs\/galerias\/Imagenes\/Galer\u00eda d\u00eda a d\u00eda 2021\/500_400\/20210728-Mujeres-y-Artes-1.jpg')\"><\/div>\n<p class=\"pMetaDesc\">Foto: Participa en la segunda convocatoria de: Medell\u00edn, las Mujeres y las Artes. <\/p>\n<p class=\"pMetaFotografo\">Fot\u00f3grafo: Foto Alcald\u00eda de Medelll\u00edn<\/p>\n<\/div>\n<p class=\"fecha\"><span class=\"input_plantilla input_text\" data-input=\"fecha\">2021-07-28<\/span><\/p>\n<p><span itemprop=\"name\" class=\"input_plantilla input_text\" data-input=\"titulo\">Participa en la segunda convocatoria de: Medell\u00edn, las Mujeres y las Artes<\/span><\/p>\n<h5 class=\"input_plantilla input_text\" data-input=\"autor\">Por: Secretar\u00eda de las Mujeres<\/h5>\n<div class=\"cuerpo input_plantilla input_area\" data-input=\"contenido\">\n<p>Hasta el domingo 01 de agosto de 2021, la Secretar\u00eda de las Mujeres abre la segunda convocatoria para visibilizar a las artistas de la ciudad en los eventos de reconocimiento p\u00fablico que impulsa esta dependencia de la Administraci\u00f3n Municipal, como el Concurso Mujeres J\u00f3venes Talento.<\/p>\n<p>Para esta segunda convocatoria, se busca conformar un equipo de 10 artistas que participen en la producci\u00f3n del ensamble para el evento que ser\u00e1 transmitido por Telemedell\u00edn en el marco de la Feria de las Flores.<\/p>\n<p><strong>Los perfiles que se requieren para esta puesta en escena, son: <\/strong><\/p>\n<ul>\n<li>Bailarinas, con manejo de t\u00e9cnicas como: contempor\u00e1neo, moderno y afro-contempor\u00e1neo.<\/li>\n<li>Actrices &#8211; cantantes o con habilidades para el canto y con experiencia en la danza.<\/li>\n<li>Cantantes contempor\u00e1neas con experiencia en la danza. Opcional: rapera.<\/li>\n<li>M\u00fasicas con habilidad para alguno de los siguientes instrumentos: guitarra ac\u00fastica, guitarra el\u00e9ctrica, trompeta, percusi\u00f3n, clarinete, bajo.<\/li>\n<\/ul>\n<p>Las artistas recibir\u00e1n por parte de la Secretar\u00eda un incentivo econ\u00f3mico.<strong>&nbsp;<\/strong><strong>&nbsp;<\/strong><\/p>\n<p><strong>Fechas de postulaci\u00f3n y requisitos:&nbsp;<\/strong><\/p>\n<p><strong>-Las inscripciones est\u00e1n abiertas desde el mi\u00e9rcoles 28 de julio hasta el domingo 01 de agosto a trav\u00e9s del formulario: <\/strong><span><a href=\"https:\/\/cutt.ly\/0QrEWzp\" data-mce-href=\"https:\/\/cutt.ly\/0QrEWzp\" target=\"_blank\" rel=\"noopener\">https:\/\/cutt.ly\/0QrEWzp<\/a><\/span><\/p>\n<p>-Entre los requisitos para la participaci\u00f3n est\u00e1 que las artistas sean independientes, grupos y organizaciones de mujeres cuenten con experiencia en este campo de m\u00ednimo de dos a\u00f1os, cuyas integrantes o personas naturales tengan domicilio en Medell\u00edn.<\/p>\n<p>-Pueden participar personas naturales, jur\u00eddicas, aclarando que no es necesario tener personer\u00eda jur\u00eddica.&nbsp;<\/p>\n<p>-Un video de m\u00e1ximo 4 minutos en donde se pueda evidenciar el perfil art\u00edstico, lo mismo que la calidad t\u00e9cnica de formaci\u00f3n: actriz \/bailarina.&nbsp;<\/p>\n<p>-Rese\u00f1a de la proponente de m\u00e1ximo una p\u00e1gina, en la que relacione su experiencia m\u00ednima de dos a\u00f1os en las diferentes artes, que fomentan la visibilizaci\u00f3n de las mujeres, soportada a trav\u00e9s de una certificaci\u00f3n. Esta debe ser legible.<\/p>\n<p>Para m\u00e1s informaci\u00f3n escribe a:&nbsp;<span><strong><a href=\"mailto:reoconocimiento@gmail.com\" data-mce-href=\"mailto:reoconocimiento@gmail.com\">reoconocimiento@gmail.com<\/a><a href=\"mailto:reoconocimiento@gmail.com\" data-mce-href=\"mailto:reoconocimiento@gmail.com\" target=\"_blank\" rel=\"noopener\"><\/a><\/strong><\/span><\/p>\n<p><a data-mce-href=\"https:\/\/www.medellin.gov.co\/irj\/go\/km\/docs\/galerias\/Imagenes\/Galer%C3%ADa%20d%C3%ADa%20a%20d%C3%ADa%202021\/20210728-Mujeres-y-Artes-2.jpg\" href=\"https:\/\/www.medellin.gov.co\/irj\/go\/km\/docs\/galerias\/Imagenes\/Galer%C3%ADa%20d%C3%ADa%20a%20d%C3%ADa%202021\/20210728-Mujeres-y-Artes-2.jpg\" target=\"_blank\" rel=\"noopener\"><span><strong><img src=\"https:\/\/www.medellin.gov.co\/irj\/go\/km\/docs\/galerias\/Imagenes\/Galer%C3%ADa%20d%C3%ADa%20a%20d%C3%ADa%202021\/1000_450\/20210728-Mujeres-y-Artes-2.jpg\" width=\"100%\" alt=\"\" data-mce-src=\"https:\/\/www.medellin.gov.co\/irj\/go\/km\/docs\/galerias\/Imagenes\/Galer%C3%ADa%20d%C3%ADa%20a%20d%C3%ADa%202021\/1000_450\/20210728-Mujeres-y-Artes-2.jpg\"><\/strong><\/span><\/a><\/p>\n<\/div>\n<div class=\"compartir\">Compartir en:<a title=\"\" href=\"http:\/\/www.facebook.com\/share.php?u=\" class=\"btCompartirFacebook btCompartir\" target=\"_blank\" rel=\"noopener\"><\/a><a title=\"\" href=\"http:\/\/twitter.com\/home?status=Haz%20clic%20para%20ver%20esta%20noticia%20en%20\" class=\"btCompartirTwitter btCompartir\"><\/a><a title=\"\" href=\"whatsapp:\/\/send?text=Haz%20clic%20para%20ver%20esta%20noticia%20en%20\" class=\"btCompartirWa btCompartir\"><\/a><\/div>\n<\/div>\n<p><script>try{comprobarImagen();fixBtnRedes();hitsMedellin();}catch(e){}<\/script><\/div>\n<p><\/span><\/span><\/p>\n","protected":false},"excerpt":{"rendered":"<p>Foto: Participa en la segunda convocatoria de: Medell\u00edn, las Mujeres y las Artes. Fot\u00f3grafo: Foto Alcald\u00eda de Medelll\u00edn 2021-07-28 Participa en la segunda convocatoria de: Medell\u00edn, las Mujeres y las Artes Por: Secretar\u00eda de las &#8230;<\/p>\n","protected":false},"author":1,"featured_media":56318,"comment_status":"open","ping_status":"open","sticky":false,"template":"","format":"standard","meta":[],"categories":[534,15],"tags":[444,440,428,455,450],"formato_nota":[],"programas_tax":[],"acf":[],"_links":{"self":[{"href":"https:\/\/www.medellin.gov.co\/es\/wp-json\/wp\/v2\/posts\/51114"}],"collection":[{"href":"https:\/\/www.medellin.gov.co\/es\/wp-json\/wp\/v2\/posts"}],"about":[{"href":"https:\/\/www.medellin.gov.co\/es\/wp-json\/wp\/v2\/types\/post"}],"author":[{"embeddable":true,"href":"https:\/\/www.medellin.gov.co\/es\/wp-json\/wp\/v2\/users\/1"}],"replies":[{"embeddable":true,"href":"https:\/\/www.medellin.gov.co\/es\/wp-json\/wp\/v2\/comments?post=51114"}],"version-history":[{"count":1,"href":"https:\/\/www.medellin.gov.co\/es\/wp-json\/wp\/v2\/posts\/51114\/revisions"}],"predecessor-version":[{"id":53156,"href":"https:\/\/www.medellin.gov.co\/es\/wp-json\/wp\/v2\/posts\/51114\/revisions\/53156"}],"wp:featuredmedia":[{"embeddable":true,"href":"https:\/\/www.medellin.gov.co\/es\/wp-json\/wp\/v2\/media\/56318"}],"wp:attachment":[{"href":"https:\/\/www.medellin.gov.co\/es\/wp-json\/wp\/v2\/media?parent=51114"}],"wp:term":[{"taxonomy":"category","embeddable":true,"href":"https:\/\/www.medellin.gov.co\/es\/wp-json\/wp\/v2\/categories?post=51114"},{"taxonomy":"post_tag","embeddable":true,"href":"https:\/\/www.medellin.gov.co\/es\/wp-json\/wp\/v2\/tags?post=51114"},{"taxonomy":"formato_nota","embeddable":true,"href":"https:\/\/www.medellin.gov.co\/es\/wp-json\/wp\/v2\/formato_nota?post=51114"},{"taxonomy":"programas_tax","embeddable":true,"href":"https:\/\/www.medellin.gov.co\/es\/wp-json\/wp\/v2\/programas_tax?post=51114"}],"curies":[{"name":"wp","href":"https:\/\/api.w.org\/{rel}","templated":true}]}}