{"id":51124,"date":"2021-07-29T00:00:00","date_gmt":"2021-07-29T05:00:00","guid":{"rendered":"https:\/\/www.medellin.gov.co\/es\/saladeprensa\/noticias\/la-estacion-acevedo-del-metro-se-convierte-en-el-primer-punto-de-vacunacion-en-un-sistema-de-transporte-masivo-urbano-del-pais\/"},"modified":"2022-03-27T21:44:13","modified_gmt":"2022-03-28T02:44:13","slug":"la-estacion-acevedo-del-metro-se-convierte-en-el-primer-punto-de-vacunacion-en-un-sistema-de-transporte-masivo-urbano-del-pais","status":"publish","type":"post","link":"https:\/\/www.medellin.gov.co\/es\/sala-de-prensa\/noticias\/la-estacion-acevedo-del-metro-se-convierte-en-el-primer-punto-de-vacunacion-en-un-sistema-de-transporte-masivo-urbano-del-pais\/","title":{"rendered":"La estaci\u00f3n Acevedo del Metro se convierte en el primer punto de vacunaci\u00f3n en un sistema de transporte masivo urbano del pa\u00eds"},"content":{"rendered":"<p><span style=\"vertical-align: inherit;\"><span style=\"vertical-align: inherit;\"><\/p>\n<div class=\"wrap contenido\">\n<div class=\"noticia\">\n<div class=\"imagen\">\n<div class=\"divContImageNoticia input_plantilla input_background\" data-input=\"fotografia\" ruta=\"\/galerias\/Imagenes\/Galer\u00eda d\u00eda a d\u00eda 2021\/500_400\/20210728-Vacunacion-Covid-1.jpg\" fotografo=\"Foto Alcald\u00eda de Medell\u00edn\" descripcion=\"La estaci\u00f3n Acevedo del Metro se convierte en el primer punto de vacunaci\u00f3n en un sistema de transporte masivo urbano del pa\u00eds.\" style=\"background-image:url('\/irj\/go\/km\/docs\/galerias\/Imagenes\/Galer\u00eda d\u00eda a d\u00eda 2021\/500_400\/20210728-Vacunacion-Covid-1.jpg')\"><\/div>\n<p class=\"pMetaDesc\">Foto: La estaci\u00f3n Acevedo del Metro se convierte en el primer punto de vacunaci\u00f3n en un sistema de transporte masivo urbano del pa\u00eds.<\/p>\n<p class=\"pMetaFotografo\">Fot\u00f3grafo: Foto Alcald\u00eda de Medell\u00edn<\/p>\n<\/div>\n<p class=\"fecha\"><span class=\"input_plantilla input_text\" data-input=\"fecha\">2021-07-29<\/span><\/p>\n<p><span itemprop=\"name\" class=\"input_plantilla input_text\" data-input=\"titulo\">La estaci\u00f3n Acevedo del Metro se convierte en el primer punto de vacunaci\u00f3n en un sistema de transporte masivo urbano del pa\u00eds<\/span><\/p>\n<h5 class=\"input_plantilla input_text\" data-input=\"autor\">Por Prensa Alcald\u00eda de Medell\u00edn<\/h5>\n<div class=\"cuerpo input_plantilla input_area\" data-input=\"contenido\">\n<p>.: Medell\u00edn se convierte en la primera ciudad de Colombia en habilitar un punto de inmunizaci\u00f3n en el sistema de transporte masivo urbano.<\/p>\n<p>.: Este nuevo puesto funcionar\u00e1 de lunes a domingo, entre las 7:00 a. m. y las 5:00 p. m.<\/p>\n<p>.: Con la llegada de las 176.810 dosis de Moderna, la capital antioque\u00f1a reinicia la aplicaci\u00f3n de primeras dosis.<\/p>\n<p><a href=\"\/irj\/go\/km\/docs\/etc\/PortalMedellin\/archivos\/covid-19\/20210728-Vacunacion-Covid-01.mp3\" class=\"aContEnlace liMp3\" download=\"\" data-mce-href=\"\/irj\/go\/km\/docs\/etc\/PortalMedellin\/archivos\/covid-19\/20210728-Vacunacion-Covid-01.mp3\"><span>Palabras de Esteban Restrepo, secretario de Gobierno (intervenci\u00f3n 1).<\/span><span><\/span><span>1696 Kb<\/span><\/a><\/p>\n<p><a href=\"\/irj\/go\/km\/docs\/etc\/PortalMedellin\/archivos\/covid-19\/20210728-Vacunacion-Covid-02.mp3\" class=\"aContEnlace liMp3\" download=\"\" data-mce-href=\"\/irj\/go\/km\/docs\/etc\/PortalMedellin\/archivos\/covid-19\/20210728-Vacunacion-Covid-02.mp3\"><span>Palabras de Esteban Restrepo, secretario de Gobierno (intervenci\u00f3n 2).<\/span><span><\/span><span>1496 Kb<\/span><\/a><\/p>\n<p><a href=\"\/irj\/go\/km\/docs\/etc\/PortalMedellin\/archivos\/covid-19\/20210728-Vacunacion-Covid-03.mp3\" class=\"aContEnlace liMp3\" download=\"\" data-mce-href=\"\/irj\/go\/km\/docs\/etc\/PortalMedellin\/archivos\/covid-19\/20210728-Vacunacion-Covid-03.mp3\"><span>Palabras de Jaime Andr\u00e9s Ortiz, coordinador de la Gerencia Social y de Servicio al Cliente del Metro de Medell\u00edn.<\/span><span><\/span><span>1546 Kb<\/span><\/a><\/p>\n<p>Con la apertura de un nuevo punto en la estaci\u00f3n Acevedo del Metro, el primero del pa\u00eds en un sistema de transporte masivo urbano, la Alcald\u00eda de Medell\u00edn refuerza su estrategia de vacunaci\u00f3n.<\/p>\n<p>\u201c<em>Si usted tiene m\u00e1s de 30 a\u00f1os, ac\u00e1 tenemos Janseen, Pfizer y Moderna. Hoy no hay filas, para que ustedes vengan antes de ir al trabajo o si est\u00e1n haciendo una vuelta cerca, se pueden acercar a la estaci\u00f3n del Metro y ac\u00e1 los estaremos vacunando<\/em>\u201d, asegur\u00f3 el secretario de Gobierno, Esteban Restrepo Taborda.&nbsp;<\/p>\n<p>Con la llegada de 176.810 dosis de la farmac\u00e9utica Moderna, se reactiva la aplicaci\u00f3n de las primeras dosis. El nuevo puesto est\u00e1 ubicado al frente de la Bibliometro, en la estaci\u00f3n Acevedo L\u00ednea P.<\/p>\n<p><a data-mce-href=\"\/irj\/go\/km\/docs\/galerias\/Imagenes\/Galer%C3%ADa%20d%C3%ADa%20a%20d%C3%ADa%202021\/20210728-Vacunacion-Covid-2.jpeg\" href=\"\/irj\/go\/km\/docs\/galerias\/Imagenes\/Galer%C3%ADa%20d%C3%ADa%20a%20d%C3%ADa%202021\/20210728-Vacunacion-Covid-2.jpeg\" title=\"La estaci\u00f3n Acevedo del Metro se convierte en el primer punto de vacunaci\u00f3n en un sistema de transporte masivo urbano del pa\u00eds\" target=\"_blank\" rel=\"noopener\"><img src=\"\/irj\/go\/km\/docs\/galerias\/Imagenes\/Galer%C3%ADa%20d%C3%ADa%20a%20d%C3%ADa%202021\/1000_450\/20210728-Vacunacion-Covid-2.jpg\" alt=\"La estaci\u00f3n Acevedo del Metro se convierte en el primer punto de vacunaci\u00f3n en un sistema de transporte masivo urbano del pa\u00eds\" width=\"100%\"><\/a><br data-mce-bogus=\"1\"><\/p>\n<p>\u201c<em>La estaci\u00f3n Acevedo, al articular el cable de la l\u00ednea K y el cable de la l\u00ednea P, mueve m\u00e1s o menos 40.000 usuarios. Por eso invitamos a los viajeros a que se acerquen a esta estaci\u00f3n, en el tercer piso, en frente de la Bibliometro en toda la conexi\u00f3n del Cable Picacho que se inaugur\u00f3 d\u00eda antes<\/em>\u201d, explic\u00f3 el coordinador de la Gerencia Social y de Servicio al Cliente del Metro de Medell\u00edn, Jaime Andr\u00e9s Ortiz.<\/p>\n<p>Este lugar, con capacidad para atender 400 personas por d\u00eda, funcionar\u00e1 de lunes a domingo, de 7:00 a. m. a 5:00 p. m. All\u00ed se podr\u00e1n acercar mayores de 30 a\u00f1os y los otros grupos poblacionales priorizados en el Plan Nacional de Vacunaci\u00f3n.<\/p>\n<p>A nivel local hay otros catorce sitios de vacunaci\u00f3n masiva: Cl\u00ednica de la 80, Parque Norte (MOVA), el Coliseo de Voleibol Yesid Santos de la Unidad Deportiva Atanasio Girardot,&nbsp; ITM Fraternidad de Boston y los centros comerciales Santaf\u00e9, Florida, Premium Plaza, Unicentro, San Fernando Plaza, El Tesoro, Los Molinos, Oviedo y las terminales del Norte y del Sur.<\/p>\n<p>As\u00ed mismo, se presta el servicio en los centros de salud y unidades hospitalarias de Metrosalud, en las tres sedes extramurales, dos m\u00f3viles y dos para taxistas. Son, en total, 94 espacios dedicados a este fin.<\/p>\n<p>En Medell\u00edn se han aplicado 943.942 primeras dosis, 670.654 segundas y 180.651 \u00fanicas, para un total de 1.795.247 dosis y una ejecuci\u00f3n del 90 % de los biol\u00f3gicos entregados por el Gobierno Nacional.<\/p>\n<p>En Colombia, los biol\u00f3gicos de Moderna fueron aprobados para mayores de 18 a\u00f1os, se deben aplicar dos veces y con un intervalo de 28 d\u00edas para completar el esquema.<\/p>\n<p>La Administraci\u00f3n Municipal hace un llamado a asistir a los puntos de vacunaci\u00f3n para sumarse a este proceso que salva vidas e impulsa la reactivaci\u00f3n econ\u00f3mica.<\/p>\n<\/div>\n<div class=\"compartir\">Compartir en:<a title=\"\" href=\"http:\/\/www.facebook.com\/share.php?u=\" class=\"btCompartirFacebook btCompartir\" target=\"_blank\" rel=\"noopener\"><\/a><a title=\"\" href=\"http:\/\/twitter.com\/home?status=Haz%20clic%20para%20ver%20esta%20noticia%20en%20\" class=\"btCompartirTwitter btCompartir\"><\/a><a title=\"\" href=\"whatsapp:\/\/send?text=Haz%20clic%20para%20ver%20esta%20noticia%20en%20\" class=\"btCompartirWa btCompartir\"><\/a><\/div>\n<\/div>\n<p><script>try{comprobarImagen();fixBtnRedes();hitsMedellin();}catch(e){}<\/script><\/div>\n<p><\/span><\/span><\/p>\n","protected":false},"excerpt":{"rendered":"<p>Foto: La estaci\u00f3n Acevedo del Metro se convierte en el primer punto de vacunaci\u00f3n en un sistema de transporte masivo urbano del pa\u00eds. Fot\u00f3grafo: Foto Alcald\u00eda de Medell\u00edn 2021-07-29 La estaci\u00f3n Acevedo del Metro se &#8230;<\/p>\n","protected":false},"author":1,"featured_media":56323,"comment_status":"open","ping_status":"open","sticky":false,"template":"","format":"standard","meta":[],"categories":[8,14,18],"tags":[437,451,441,435,447,452],"formato_nota":[],"programas_tax":[],"acf":[],"_links":{"self":[{"href":"https:\/\/www.medellin.gov.co\/es\/wp-json\/wp\/v2\/posts\/51124"}],"collection":[{"href":"https:\/\/www.medellin.gov.co\/es\/wp-json\/wp\/v2\/posts"}],"about":[{"href":"https:\/\/www.medellin.gov.co\/es\/wp-json\/wp\/v2\/types\/post"}],"author":[{"embeddable":true,"href":"https:\/\/www.medellin.gov.co\/es\/wp-json\/wp\/v2\/users\/1"}],"replies":[{"embeddable":true,"href":"https:\/\/www.medellin.gov.co\/es\/wp-json\/wp\/v2\/comments?post=51124"}],"version-history":[{"count":1,"href":"https:\/\/www.medellin.gov.co\/es\/wp-json\/wp\/v2\/posts\/51124\/revisions"}],"predecessor-version":[{"id":53161,"href":"https:\/\/www.medellin.gov.co\/es\/wp-json\/wp\/v2\/posts\/51124\/revisions\/53161"}],"wp:featuredmedia":[{"embeddable":true,"href":"https:\/\/www.medellin.gov.co\/es\/wp-json\/wp\/v2\/media\/56323"}],"wp:attachment":[{"href":"https:\/\/www.medellin.gov.co\/es\/wp-json\/wp\/v2\/media?parent=51124"}],"wp:term":[{"taxonomy":"category","embeddable":true,"href":"https:\/\/www.medellin.gov.co\/es\/wp-json\/wp\/v2\/categories?post=51124"},{"taxonomy":"post_tag","embeddable":true,"href":"https:\/\/www.medellin.gov.co\/es\/wp-json\/wp\/v2\/tags?post=51124"},{"taxonomy":"formato_nota","embeddable":true,"href":"https:\/\/www.medellin.gov.co\/es\/wp-json\/wp\/v2\/formato_nota?post=51124"},{"taxonomy":"programas_tax","embeddable":true,"href":"https:\/\/www.medellin.gov.co\/es\/wp-json\/wp\/v2\/programas_tax?post=51124"}],"curies":[{"name":"wp","href":"https:\/\/api.w.org\/{rel}","templated":true}]}}