{"id":51208,"date":"2021-08-05T00:00:00","date_gmt":"2021-08-05T05:00:00","guid":{"rendered":"https:\/\/www.medellin.gov.co\/es\/saladeprensa\/noticias\/con-el-lanzamiento-de-la-ruta-de-archivos-audiovisuales-medellin-celebra-cuatro-anos-de-su-cinemateca\/"},"modified":"2022-03-27T21:44:54","modified_gmt":"2022-03-28T02:44:54","slug":"con-el-lanzamiento-de-la-ruta-de-archivos-audiovisuales-medellin-celebra-cuatro-anos-de-su-cinemateca","status":"publish","type":"post","link":"https:\/\/www.medellin.gov.co\/es\/sala-de-prensa\/noticias\/con-el-lanzamiento-de-la-ruta-de-archivos-audiovisuales-medellin-celebra-cuatro-anos-de-su-cinemateca\/","title":{"rendered":"Con el lanzamiento de la ruta de archivos audiovisuales, Medell\u00edn celebra cuatro a\u00f1os de su cinemateca"},"content":{"rendered":"<p><span style=\"vertical-align: inherit;\"><span style=\"vertical-align: inherit;\"><\/p>\n<div class=\"wrap contenido\">\n<div class=\"noticia\">\n<div class=\"imagen\">\n<div class=\"divContImageNoticia input_plantilla input_background\" data-input=\"fotografia\" ruta=\"\/galerias\/Imagenes\/Galer\u00eda d\u00eda a d\u00eda 2021\/500_400\/20210805-Cinemateca-1.jpg\" fotografo=\"Foto Alcald\u00eda de Medell\u00edn\" descripcion=\"Con el lanzamiento de la ruta de archivos audiovisuales, Medell\u00edn celebra cuatro a\u00f1os de su cinemateca.\" style=\"background-image:url('\/irj\/go\/km\/docs\/galerias\/Imagenes\/Galer\u00eda d\u00eda a d\u00eda 2021\/500_400\/20210805-Cinemateca-1.jpg')\"><\/div>\n<p class=\"pMetaDesc\">Foto: Con el lanzamiento de la ruta de archivos audiovisuales, Medell\u00edn celebra cuatro a\u00f1os de su cinemateca.<\/p>\n<p class=\"pMetaFotografo\">Fot\u00f3grafo: Foto Alcald\u00eda de Medell\u00edn<\/p>\n<\/div>\n<p class=\"fecha\"><span class=\"input_plantilla input_text\" data-input=\"fecha\">2021-08-05<\/span><\/p>\n<p><span itemprop=\"name\" class=\"input_plantilla input_text\" data-input=\"titulo\">Con el lanzamiento de la ruta de archivos audiovisuales, Medell\u00edn celebra cuatro a\u00f1os de su cinemateca<\/span><\/p>\n<h5 class=\"input_plantilla input_text\" data-input=\"autor\">Por Nidia Stella Escobar Cruz<\/h5>\n<div class=\"cuerpo input_plantilla input_area\" data-input=\"contenido\">\n<p>.: Durante este tiempo, m\u00e1s de 875.000 ciudadanos se han conectado con las actividades de la cinemateca en la ciudad.<\/p>\n<p>.: En agosto, los ciudadanos tendr\u00e1n la oportunidad de conversar con el cineasta Camilo Restrepo y con los realizadores Santiago Andr\u00e9s G\u00f3mez y Gloria Isabel Ceballos.<\/p>\n<p>.: Se reconocer\u00e1 el trabajo de cuatro archivos comunitarios de Medell\u00edn a trav\u00e9s de una cartograf\u00eda virtual que presentar\u00e1 sus colecciones audiovisuales.<\/p>\n<p><a href=\"\/irj\/go\/km\/docs\/galerias\/Audios\/Audios d\u00eda a d\u00eda 2021 - 2\/20210805-Cinemateca-01.mp3\" class=\"aContEnlace liMp3\" download=\"\" data-mce-href=\"\/irj\/go\/km\/docs\/galerias\/Audios\/Audios d\u00eda a d\u00eda 2021 - 2\/20210805-Cinemateca-01.mp3\"><span>Palabras de Maderley Ceballos, coordinadora de la Cinemateca Municipal.<\/span><span><\/span><span>1710 Kb<\/span><\/a><\/p>\n<p><a href=\"\/irj\/go\/km\/docs\/galerias\/Audios\/Audios d\u00eda a d\u00eda 2021 - 2\/20210805-Cinemateca-02.mp3\" class=\"aContEnlace liMp3\" download=\"\" data-mce-href=\"\/irj\/go\/km\/docs\/galerias\/Audios\/Audios d\u00eda a d\u00eda 2021 - 2\/20210805-Cinemateca-02.mp3\"><span>Palabras de Gloria Isabel G\u00f3mez, realizadora audiovisual.<\/span><span><\/span><span>838 Kb<\/span><\/a><\/p>\n<p>Este 26 de agosto se cumplen cuatro a\u00f1os de la Cinemateca Municipal, un espacio destinado al encuentro ciudadano con la memoria audiovisual. Para celebrarlos, durante todo el mes la programaci\u00f3n habitual llegar\u00e1 de manera virtual y presencial a los equipamientos culturales del Sistema de Bibliotecas P\u00fablicas de Medell\u00edn, la Red de Casas de Cultura &#8211; CATUL y al espacio p\u00fablico.<\/p>\n<p>Los parques Bicentenario y el del corregimiento Santa Elena ser\u00e1n protagonistas de la programaci\u00f3n audiovisual, con la presentaci\u00f3n de las historias de personajes tradicionales de la ciudad narradas en las series audiovisuales Silleteritos y Ra\u00edces: Cultura Silletera, las cuales se proyectar\u00e1n el viernes 6 y el s\u00e1bado 7 de agosto, respectivamente. Se destaca, tambi\u00e9n, el especial de Nuevos realizadores, en el canal de Vimeo de la Cinemateca Municipal, donde entre el 23 y el 31 de agosto se podr\u00e1n visualizar cuatro cortometrajes de realizadores de la ciudad.<\/p>\n<p>Camilo Restrepo, director antioque\u00f1o radicado en Francia y ganador del Premio a Mejor \u00d3pera Prima con su pel\u00edcula Los conductos en el Festival Internacional de Cine de Berl\u00edn en 2019, conversar\u00e1 en un Facebook Live con V\u00edctor Gaviria, director art\u00edstico de la cinemateca, el s\u00e1bado 14 de agosto a las 4:00 p. m.&nbsp;<\/p>\n<p><a data-mce-href=\"\/irj\/go\/km\/docs\/galerias\/Imagenes\/Galer%C3%ADa%20d%C3%ADa%20a%20d%C3%ADa%202021\/20210805-Cinemateca-2.jpg\" href=\"\/irj\/go\/km\/docs\/galerias\/Imagenes\/Galer%C3%ADa%20d%C3%ADa%20a%20d%C3%ADa%202021\/20210805-Cinemateca-2.jpg\" title=\"Con el lanzamiento de la ruta de archivos audiovisuales, Medell\u00edn celebra cuatro a\u00f1os de su cinemateca \" target=\"_blank\" rel=\"noopener\"><img src=\"\/irj\/go\/km\/docs\/galerias\/Imagenes\/Galer%C3%ADa%20d%C3%ADa%20a%20d%C3%ADa%202021\/1000_450\/20210805-Cinemateca-2.jpg\" alt=\"Con el lanzamiento de la ruta de archivos audiovisuales, Medell\u00edn celebra cuatro a\u00f1os de su cinemateca \" width=\"100%\"><\/a><br data-mce-bogus=\"1\"><\/p>\n<p>El mi\u00e9rcoles 18, a las 5:00 p. m., en el auditorio de Torre de la Memoria de la Biblioteca P\u00fablica Piloto, con transmisi\u00f3n por el Facebook de la Cinemateca Municipal, se har\u00e1 el lanzamiento de la Ruta de Archivos Audiovisuales de Medell\u00edn, una experiencia multimedial que, en esta primera fase, reconoce los archivos comunitarios que existen en la ciudad, identificando su ubicaci\u00f3n y el tipo de colecciones que albergan.<\/p>\n<p>Para la coordinadora de la Cinemateca Municipal, Maderley Ceballos, \u201c<em>este proyecto ha permitido que diferentes comunidades, habitantes de comunas y corregimientos de Medell\u00edn, se conecten con nuestro cine, con el cine nacional y el cine local; que empiecen a reconocer tambi\u00e9n cu\u00e1les son esas historias que se est\u00e1n contando de nosotros, que adem\u00e1s se sientan conectados con ellas. Ha permitido, tambi\u00e9n, que estas personas se relacionen con directores y directoras, productores y productoras, con todas esas personas que est\u00e1n detr\u00e1s de las c\u00e1maras de una pel\u00edcula y no sentirse tan alejados de ellos<\/em>\u201d.<\/p>\n<p>Durante la pandemia, la Cinemateca Municipal dio continuidad a su programaci\u00f3n a trav\u00e9s de 774 actividades, entre&nbsp; proyecciones de largometrajes, cortometrajes locales y nacionales en plataformas virtuales, conversaciones con creadores, talleres, est\u00edmulos y clases maestras, a las que se han conectado cerca de 767.000 personas, consolid\u00e1ndose como el centro articulador y dinamizador del sector audiovisual en la ciudad.<\/p>\n<p>\u201c<em>Cuando empec\u00e9 a estudiar no exist\u00eda la Cinemateca Municipal de Medell\u00edn. Hoy, en 2021, est\u00e1 cumpliendo cuatro a\u00f1os, y lo que representa para los y las realizadoras de esta ciudad contar con este apoyo institucional se traduce en oportunidades laborales, oportunidades tambi\u00e9n en formaci\u00f3n porque la cinemateca ha tra\u00eddo invitados de calidad tanto a nivel nacional como internacional<\/em>\u201d, argument\u00f3 Gloria Isabel G\u00f3mez, realizadora audiovisual.<\/p>\n<p>La celebraci\u00f3n de estos cuatro a\u00f1os se cerrar\u00e1 el mi\u00e9rcoles, 31 de agosto, a las 5:00 p. m. en el Centro Cultural V\u00e1squez, con el lanzamiento de Memoria Cinemateca, la primera publicaci\u00f3n virtual de la cinemateca, en la que se realizar\u00e1 un homenaje a Luis Ospina, director, guionista y productor de cine colombiano. Este primer n\u00famero llamado Un viaje personal por los archivos cinematogr\u00e1ficos recoge las memorias de la conversaci\u00f3n entre este director y V\u00edctor Gaviria, la cual tuvo lugar el 24 de mayo de 2018 en el Teatro Lido.<\/p>\n<p>La programaci\u00f3n e informaci\u00f3n sobre las funciones y los conversatorios podr\u00e1n ser consultados en las redes sociales Facebook e Instagram de la Cinemateca Municipal y a trav\u00e9s de su cuenta de Issuu, en el siguiente enlace: <a href=\"https:\/\/issuu.com\/cinematecamunicipal\/docs\/programacio_n_agosto_-_30_jul\" data-mce-href=\"https:\/\/issuu.com\/cinematecamunicipal\/docs\/programacio_n_agosto_-_30_jul\">https:\/\/issuu.com\/cinematecamunicipal\/docs\/programacio_n_agosto_-_30_jul<\/a>.<\/p>\n<\/div>\n<div class=\"compartir\">Compartir en:<a title=\"\" href=\"http:\/\/www.facebook.com\/share.php?u=\" class=\"btCompartirFacebook btCompartir\" target=\"_blank\" rel=\"noopener\"><\/a><a title=\"\" href=\"http:\/\/twitter.com\/home?status=Haz%20clic%20para%20ver%20esta%20noticia%20en%20\" class=\"btCompartirTwitter btCompartir\"><\/a><a title=\"\" href=\"whatsapp:\/\/send?text=Haz%20clic%20para%20ver%20esta%20noticia%20en%20\" class=\"btCompartirWa btCompartir\"><\/a><\/div>\n<\/div>\n<p><script>try{comprobarImagen();fixBtnRedes();hitsMedellin();}catch(e){}<\/script><\/div>\n<p><\/span><\/span><\/p>\n","protected":false},"excerpt":{"rendered":"<p>Foto: Con el lanzamiento de la ruta de archivos audiovisuales, Medell\u00edn celebra cuatro a\u00f1os de su cinemateca. Fot\u00f3grafo: Foto Alcald\u00eda de Medell\u00edn 2021-08-05 Con el lanzamiento de la ruta de archivos audiovisuales, Medell\u00edn celebra cuatro &#8230;<\/p>\n","protected":false},"author":1,"featured_media":56365,"comment_status":"open","ping_status":"open","sticky":false,"template":"","format":"standard","meta":[],"categories":[1,31,3,2],"tags":[444,440,450,443],"formato_nota":[],"programas_tax":[],"acf":[],"_links":{"self":[{"href":"https:\/\/www.medellin.gov.co\/es\/wp-json\/wp\/v2\/posts\/51208"}],"collection":[{"href":"https:\/\/www.medellin.gov.co\/es\/wp-json\/wp\/v2\/posts"}],"about":[{"href":"https:\/\/www.medellin.gov.co\/es\/wp-json\/wp\/v2\/types\/post"}],"author":[{"embeddable":true,"href":"https:\/\/www.medellin.gov.co\/es\/wp-json\/wp\/v2\/users\/1"}],"replies":[{"embeddable":true,"href":"https:\/\/www.medellin.gov.co\/es\/wp-json\/wp\/v2\/comments?post=51208"}],"version-history":[{"count":1,"href":"https:\/\/www.medellin.gov.co\/es\/wp-json\/wp\/v2\/posts\/51208\/revisions"}],"predecessor-version":[{"id":53203,"href":"https:\/\/www.medellin.gov.co\/es\/wp-json\/wp\/v2\/posts\/51208\/revisions\/53203"}],"wp:featuredmedia":[{"embeddable":true,"href":"https:\/\/www.medellin.gov.co\/es\/wp-json\/wp\/v2\/media\/56365"}],"wp:attachment":[{"href":"https:\/\/www.medellin.gov.co\/es\/wp-json\/wp\/v2\/media?parent=51208"}],"wp:term":[{"taxonomy":"category","embeddable":true,"href":"https:\/\/www.medellin.gov.co\/es\/wp-json\/wp\/v2\/categories?post=51208"},{"taxonomy":"post_tag","embeddable":true,"href":"https:\/\/www.medellin.gov.co\/es\/wp-json\/wp\/v2\/tags?post=51208"},{"taxonomy":"formato_nota","embeddable":true,"href":"https:\/\/www.medellin.gov.co\/es\/wp-json\/wp\/v2\/formato_nota?post=51208"},{"taxonomy":"programas_tax","embeddable":true,"href":"https:\/\/www.medellin.gov.co\/es\/wp-json\/wp\/v2\/programas_tax?post=51208"}],"curies":[{"name":"wp","href":"https:\/\/api.w.org\/{rel}","templated":true}]}}