{"id":512223,"date":"2026-04-05T23:00:41","date_gmt":"2026-04-06T04:00:41","guid":{"rendered":"https:\/\/www.medellin.gov.co\/es\/?p=512223"},"modified":"2026-04-09T09:17:33","modified_gmt":"2026-04-09T14:17:33","slug":"entre-placas-y-uniformes-la-historia-de-dos-hermanos-gemelos-que-comparten-vocacion-en-la-movilidad-de-medellin","status":"publish","type":"post","link":"https:\/\/www.medellin.gov.co\/es\/sala-de-prensa\/noticias\/entre-placas-y-uniformes-la-historia-de-dos-hermanos-gemelos-que-comparten-vocacion-en-la-movilidad-de-medellin\/","title":{"rendered":"Entre placas y uniformes: la historia de dos hermanos gemelos que comparten vocaci\u00f3n en la movilidad de Medell\u00edn"},"content":{"rendered":"<blockquote><p><em>En las calles de <a href=\"https:\/\/www.instagram.com\/alcaldiademed\/?hl=es-la\" target=\"_blank\" rel=\"noopener\">Medell\u00ed<\/a>n hay agentes de tr\u00e1nsito que comparten una misma misi\u00f3n: regular la movilidad y proteger la vida en la v\u00eda. Algunos, adem\u00e1s, comparten algo poco com\u00fan: el mismo rostro y una historia familiar que los llev\u00f3 a vestir el mismo uniforme. Ese es el caso de los hermanos gemelos Villa Pineda, quienes hoy hacen parte de la <a href=\"https:\/\/www.medellin.gov.co\/es\/secretaria-de-movilidad\/\">Secretar\u00eda de Movilidad del Distrito<\/a> y desempe\u00f1an su labor en distintos puntos de la ciudad, donde cada jornada contribuyen al orden y la seguridad vial, demostrando que la vocaci\u00f3n por el servicio p\u00fablico tambi\u00e9n puede construirse y fortalecerse en familia.<\/em><\/p><\/blockquote>\n<p>Todo empieza con una escena que muchos ciudadanos han vivido alguna vez. En una intersecci\u00f3n concurrida aparece un agente de tr\u00e1nsito que organiza el flujo vehicular, orienta a los conductores y regula el paso de peatones. Horas despu\u00e9s, en otro punto de la ciudad, parece verse exactamente al mismo agente cumpliendo la misma labor.<\/p>\n<p>Para algunos es solo una coincidencia o una curiosidad pasajera. Para quienes conocen la historia completa, la explicaci\u00f3n resulta a\u00fan m\u00e1s interesante: en Medell\u00edn hay dos gemelos que comparten uniforme, vocaci\u00f3n y el compromiso de trabajar por la movilidad de la ciudad.<\/p>\n<p><div class=\"iframe-container\"><iframe title=\"YouTube video player\" src=\"https:\/\/www.youtube.com\/embed\/cn6-6q7O3Os?si=bV9t_pswcQ-kCqdU\" width=\"100%\" height=\"350\" frameborder=\"0\" allowfullscreen=\"allowfullscreen\"><span data-mce-type=\"bookmark\" style=\"display: inline-block; width: 0px; overflow: hidden; line-height: 0;\" class=\"mce_SELRES_start\">\ufeff<\/span><\/iframe><\/div><\/p>\n<h2><strong>Los hermanos Villa Pineda: dos gemelos en la v\u00eda<\/strong><\/h2>\n<div id=\"attachment_512232\" style=\"width: 1290px\" class=\"wp-caption alignnone\"><img aria-describedby=\"caption-attachment-512232\" loading=\"lazy\" class=\"wp-image-512232 size-full\" title=\"Alex\u00e1nder y Andr\u00e9s Villa Pineda\" src=\"https:\/\/www.medellin.gov.co\/es\/wp-content\/uploads\/2026\/04\/Dosgemelos_movilidad_Medellinl_1.jpg\" alt=\"Alex\u00e1nder y Andr\u00e9s Villa Pineda\" width=\"1280\" height=\"720\" srcset=\"https:\/\/www.medellin.gov.co\/es\/wp-content\/uploads\/2026\/04\/Dosgemelos_movilidad_Medellinl_1.jpg 1280w, https:\/\/www.medellin.gov.co\/es\/wp-content\/uploads\/2026\/04\/Dosgemelos_movilidad_Medellinl_1-300x169.jpg 300w, https:\/\/www.medellin.gov.co\/es\/wp-content\/uploads\/2026\/04\/Dosgemelos_movilidad_Medellinl_1-1024x576.jpg 1024w, https:\/\/www.medellin.gov.co\/es\/wp-content\/uploads\/2026\/04\/Dosgemelos_movilidad_Medellinl_1-150x84.jpg 150w, https:\/\/www.medellin.gov.co\/es\/wp-content\/uploads\/2026\/04\/Dosgemelos_movilidad_Medellinl_1-768x432.jpg 768w\" sizes=\"(max-width: 1280px) 100vw, 1280px\" \/><p id=\"caption-attachment-512232\" class=\"wp-caption-text\">Alex\u00e1nder y Andr\u00e9s Villa Pineda<\/p><\/div>\n<p>Alex\u00e1nder y Andr\u00e9s Villa Pineda tienen 31 a\u00f1os. Nacieron en Medell\u00edn y crecieron en el barrio Buenos Aires, donde pasaron su infancia compartiendo juegos, colegio, amigos y muchas de las experiencias que suelen marcar la vida de dos hermanos gemelos.<\/p>\n\n\t\t<style type=\"text\/css\">\n\t\t\t#gallery-1 {\n\t\t\t\tmargin: auto;\n\t\t\t}\n\t\t\t#gallery-1 .gallery-item {\n\t\t\t\tfloat: left;\n\t\t\t\tmargin-top: 10px;\n\t\t\t\ttext-align: center;\n\t\t\t\twidth: 50%;\n\t\t\t}\n\t\t\t#gallery-1 img {\n\t\t\t\tborder: 2px solid #cfcfcf;\n\t\t\t}\n\t\t\t#gallery-1 .gallery-caption {\n\t\t\t\tmargin-left: 0;\n\t\t\t}\n\t\t\t\/* see gallery_shortcode() in wp-includes\/media.php *\/\n\t\t<\/style>\n\t\t<div id='gallery-1' class='gallery galleryid-512223 gallery-columns-2 gallery-size-large'><dl class='gallery-item'>\n\t\t\t<dt class='gallery-icon landscape'>\n\t\t\t\t<a href='https:\/\/www.medellin.gov.co\/es\/sala-de-prensa\/noticias\/entre-placas-y-uniformes-la-historia-de-dos-hermanos-gemelos-que-comparten-vocacion-en-la-movilidad-de-medellin\/foto-ninos\/'><img width=\"540\" height=\"535\" src=\"https:\/\/www.medellin.gov.co\/es\/wp-content\/uploads\/2026\/04\/foto-ninos.jpg\" class=\"attachment-large size-large\" alt=\"\" loading=\"lazy\" aria-describedby=\"gallery-1-512233\" srcset=\"https:\/\/www.medellin.gov.co\/es\/wp-content\/uploads\/2026\/04\/foto-ninos.jpg 540w, https:\/\/www.medellin.gov.co\/es\/wp-content\/uploads\/2026\/04\/foto-ninos-300x297.jpg 300w, https:\/\/www.medellin.gov.co\/es\/wp-content\/uploads\/2026\/04\/foto-ninos-150x150.jpg 150w\" sizes=\"(max-width: 540px) 100vw, 540px\" \/><\/a>\n\t\t\t<\/dt>\n\t\t\t\t<dd class='wp-caption-text gallery-caption' id='gallery-1-512233'>\n\t\t\t\tAlex\u00e1nder y Andr\u00e9s Villa Pineda\n\t\t\t\t<\/dd><\/dl><dl class='gallery-item'>\n\t\t\t<dt class='gallery-icon landscape'>\n\t\t\t\t<a href='https:\/\/www.medellin.gov.co\/es\/sala-de-prensa\/noticias\/entre-placas-y-uniformes-la-historia-de-dos-hermanos-gemelos-que-comparten-vocacion-en-la-movilidad-de-medellin\/foto-ninos-2\/'><img width=\"576\" height=\"570\" src=\"https:\/\/www.medellin.gov.co\/es\/wp-content\/uploads\/2026\/04\/foto-ninos-2.jpg\" class=\"attachment-large size-large\" alt=\"\" loading=\"lazy\" aria-describedby=\"gallery-1-512231\" srcset=\"https:\/\/www.medellin.gov.co\/es\/wp-content\/uploads\/2026\/04\/foto-ninos-2.jpg 576w, https:\/\/www.medellin.gov.co\/es\/wp-content\/uploads\/2026\/04\/foto-ninos-2-300x297.jpg 300w, https:\/\/www.medellin.gov.co\/es\/wp-content\/uploads\/2026\/04\/foto-ninos-2-150x148.jpg 150w\" sizes=\"(max-width: 576px) 100vw, 576px\" \/><\/a>\n\t\t\t<\/dt>\n\t\t\t\t<dd class='wp-caption-text gallery-caption' id='gallery-1-512231'>\n\t\t\t\tAlex\u00e1nder y Andr\u00e9s Villa Pineda\n\t\t\t\t<\/dd><\/dl><br style=\"clear: both\" \/>\n\t\t<\/div>\n\n<p>Desde peque\u00f1os, quienes los rodeaban notaban el parecido casi perfecto entre ambos. En reuniones familiares, en el colegio o en el barrio, las confusiones eran frecuentes. Con el paso del tiempo aprendieron a convivir con esa curiosidad permanente de quienes intentan descubrir cu\u00e1l es cu\u00e1l.<\/p>\n<p>Hoy esa escena sigue repiti\u00e9ndose, pero en un escenario distinto: las calles de Medell\u00edn.<\/p>\n<div id=\"attachment_512235\" style=\"width: 1290px\" class=\"wp-caption alignnone\"><img aria-describedby=\"caption-attachment-512235\" loading=\"lazy\" class=\"wp-image-512235 size-full\" title=\"Alexander y Andr\u00e9s Villa Pineda\" src=\"https:\/\/www.medellin.gov.co\/es\/wp-content\/uploads\/2026\/04\/Dosgemelos_movilidad_Medellinl_2.jpg\" alt=\"Alexander y Andr\u00e9s Villa Pineda\" width=\"1280\" height=\"720\" srcset=\"https:\/\/www.medellin.gov.co\/es\/wp-content\/uploads\/2026\/04\/Dosgemelos_movilidad_Medellinl_2.jpg 1280w, https:\/\/www.medellin.gov.co\/es\/wp-content\/uploads\/2026\/04\/Dosgemelos_movilidad_Medellinl_2-300x169.jpg 300w, https:\/\/www.medellin.gov.co\/es\/wp-content\/uploads\/2026\/04\/Dosgemelos_movilidad_Medellinl_2-1024x576.jpg 1024w, https:\/\/www.medellin.gov.co\/es\/wp-content\/uploads\/2026\/04\/Dosgemelos_movilidad_Medellinl_2-150x84.jpg 150w, https:\/\/www.medellin.gov.co\/es\/wp-content\/uploads\/2026\/04\/Dosgemelos_movilidad_Medellinl_2-768x432.jpg 768w\" sizes=\"(max-width: 1280px) 100vw, 1280px\" \/><p id=\"caption-attachment-512235\" class=\"wp-caption-text\">Alex\u00e1nder y Andr\u00e9s Villa Pineda<\/p><\/div>\n<p>Desde hace casi cuatro a\u00f1os los dos trabajan como agentes de tr\u00e1nsito de la Secretar\u00eda de Movilidad. Comparten el mismo uniforme, realizan labores similares y recorren diferentes puntos de la ciudad cumpliendo una misi\u00f3n com\u00fan: organizar la movilidad y proteger la vida en la v\u00eda.<\/p>\n<p>Para quienes los ven por primera vez, diferenciarlos puede resultar complicado, incluso para algunos compa\u00f1eros dentro de la entidad. La pista m\u00e1s clara est\u00e1 en el uniforme. <strong>Alex\u00e1nder porta la placa 116 y Andr\u00e9s la 563<\/strong>, un detalle que se convierte en la forma m\u00e1s sencilla de saber qui\u00e9n es qui\u00e9n cuando coinciden en la v\u00eda o cuando los ciudadanos intentan resolver el peque\u00f1o misterio que genera su parecido.<\/p>\n<h3><strong>Una decisi\u00f3n que empez\u00f3 con un accidente<\/strong><\/h3>\n<p>La historia que llev\u00f3 a los hermanos Villa Pineda a asumir ese uniforme comenz\u00f3 con una experiencia inesperada.<\/p>\n<div id=\"attachment_512236\" style=\"width: 1290px\" class=\"wp-caption alignnone\"><img aria-describedby=\"caption-attachment-512236\" loading=\"lazy\" class=\"wp-image-512236 size-full\" title=\"Alexander y Andr\u00e9s Villa Pineda\" src=\"https:\/\/www.medellin.gov.co\/es\/wp-content\/uploads\/2026\/04\/Dosgemelos_movilidad_Medellinl_3.jpg\" alt=\"Alexander y Andr\u00e9s Villa Pineda\" width=\"1280\" height=\"720\" srcset=\"https:\/\/www.medellin.gov.co\/es\/wp-content\/uploads\/2026\/04\/Dosgemelos_movilidad_Medellinl_3.jpg 1280w, https:\/\/www.medellin.gov.co\/es\/wp-content\/uploads\/2026\/04\/Dosgemelos_movilidad_Medellinl_3-300x169.jpg 300w, https:\/\/www.medellin.gov.co\/es\/wp-content\/uploads\/2026\/04\/Dosgemelos_movilidad_Medellinl_3-1024x576.jpg 1024w, https:\/\/www.medellin.gov.co\/es\/wp-content\/uploads\/2026\/04\/Dosgemelos_movilidad_Medellinl_3-150x84.jpg 150w, https:\/\/www.medellin.gov.co\/es\/wp-content\/uploads\/2026\/04\/Dosgemelos_movilidad_Medellinl_3-768x432.jpg 768w\" sizes=\"(max-width: 1280px) 100vw, 1280px\" \/><p id=\"caption-attachment-512236\" class=\"wp-caption-text\">Alexander y Andr\u00e9s Villa Pineda<\/p><\/div>\n<p>&nbsp;<\/p>\n<p>Alex\u00e1nder presenci\u00f3 un accidente de tr\u00e1nsito y observ\u00f3 de cerca c\u00f3mo los agentes atend\u00edan la situaci\u00f3n. Se\u00f1alizaban la v\u00eda, organizaban el flujo de veh\u00edculos y aplicaban los protocolos mientras proteg\u00edan a las personas involucradas. Aquella escena le dej\u00f3 una impresi\u00f3n profunda. Por primera vez se pregunt\u00f3 c\u00f3mo era trabajar en esa labor y qu\u00e9 deb\u00eda estudiar para hacerlo.<\/p>\n<p>Comenz\u00f3, entonces, a investigar y decidi\u00f3 formarse en la t\u00e9cnica en tr\u00e1nsito, transporte y seguridad vial, mientras cursaba cuarto semestre de otro pregrado. Con el tiempo inici\u00f3 sus pr\u00e1cticas y empez\u00f3 a conocer de cerca la din\u00e1mica de la movilidad en la ciudad.<\/p>\n\n\t\t<style type=\"text\/css\">\n\t\t\t#gallery-2 {\n\t\t\t\tmargin: auto;\n\t\t\t}\n\t\t\t#gallery-2 .gallery-item {\n\t\t\t\tfloat: left;\n\t\t\t\tmargin-top: 10px;\n\t\t\t\ttext-align: center;\n\t\t\t\twidth: 50%;\n\t\t\t}\n\t\t\t#gallery-2 img {\n\t\t\t\tborder: 2px solid #cfcfcf;\n\t\t\t}\n\t\t\t#gallery-2 .gallery-caption {\n\t\t\t\tmargin-left: 0;\n\t\t\t}\n\t\t\t\/* see gallery_shortcode() in wp-includes\/media.php *\/\n\t\t<\/style>\n\t\t<div id='gallery-2' class='gallery galleryid-512223 gallery-columns-2 gallery-size-large'><dl class='gallery-item'>\n\t\t\t<dt class='gallery-icon landscape'>\n\t\t\t\t<a href='https:\/\/www.medellin.gov.co\/es\/sala-de-prensa\/noticias\/entre-placas-y-uniformes-la-historia-de-dos-hermanos-gemelos-que-comparten-vocacion-en-la-movilidad-de-medellin\/dosgemelos_movilidad_medellinl_4\/'><img width=\"1024\" height=\"1024\" src=\"https:\/\/www.medellin.gov.co\/es\/wp-content\/uploads\/2026\/04\/Dosgemelos_movilidad_Medellinl_4-1024x1024.jpg\" class=\"attachment-large size-large\" alt=\"Alex\u00e1nder y Andr\u00e9s Villa Pineda\" loading=\"lazy\" aria-describedby=\"gallery-2-512248\" srcset=\"https:\/\/www.medellin.gov.co\/es\/wp-content\/uploads\/2026\/04\/Dosgemelos_movilidad_Medellinl_4-1024x1024.jpg 1024w, https:\/\/www.medellin.gov.co\/es\/wp-content\/uploads\/2026\/04\/Dosgemelos_movilidad_Medellinl_4-300x300.jpg 300w, https:\/\/www.medellin.gov.co\/es\/wp-content\/uploads\/2026\/04\/Dosgemelos_movilidad_Medellinl_4-150x150.jpg 150w, https:\/\/www.medellin.gov.co\/es\/wp-content\/uploads\/2026\/04\/Dosgemelos_movilidad_Medellinl_4-768x768.jpg 768w, https:\/\/www.medellin.gov.co\/es\/wp-content\/uploads\/2026\/04\/Dosgemelos_movilidad_Medellinl_4.jpg 1280w\" sizes=\"(max-width: 1024px) 100vw, 1024px\" \/><\/a>\n\t\t\t<\/dt>\n\t\t\t\t<dd class='wp-caption-text gallery-caption' id='gallery-2-512248'>\n\t\t\t\tAlex\u00e1nder y Andr\u00e9s Villa Pineda\n\t\t\t\t<\/dd><\/dl><dl class='gallery-item'>\n\t\t\t<dt class='gallery-icon landscape'>\n\t\t\t\t<a href='https:\/\/www.medellin.gov.co\/es\/sala-de-prensa\/noticias\/entre-placas-y-uniformes-la-historia-de-dos-hermanos-gemelos-que-comparten-vocacion-en-la-movilidad-de-medellin\/dosgemelos_movilidad_medellinl_5\/'><img width=\"1024\" height=\"1024\" src=\"https:\/\/www.medellin.gov.co\/es\/wp-content\/uploads\/2026\/04\/Dosgemelos_movilidad_Medellinl_5-1024x1024.jpg\" class=\"attachment-large size-large\" alt=\"\" loading=\"lazy\" aria-describedby=\"gallery-2-512245\" srcset=\"https:\/\/www.medellin.gov.co\/es\/wp-content\/uploads\/2026\/04\/Dosgemelos_movilidad_Medellinl_5-1024x1024.jpg 1024w, https:\/\/www.medellin.gov.co\/es\/wp-content\/uploads\/2026\/04\/Dosgemelos_movilidad_Medellinl_5-300x300.jpg 300w, https:\/\/www.medellin.gov.co\/es\/wp-content\/uploads\/2026\/04\/Dosgemelos_movilidad_Medellinl_5-150x150.jpg 150w, https:\/\/www.medellin.gov.co\/es\/wp-content\/uploads\/2026\/04\/Dosgemelos_movilidad_Medellinl_5-768x768.jpg 768w, https:\/\/www.medellin.gov.co\/es\/wp-content\/uploads\/2026\/04\/Dosgemelos_movilidad_Medellinl_5.jpg 1280w\" sizes=\"(max-width: 1024px) 100vw, 1024px\" \/><\/a>\n\t\t\t<\/dt>\n\t\t\t\t<dd class='wp-caption-text gallery-caption' id='gallery-2-512245'>\n\t\t\t\tAlex\u00e1nder y Andr\u00e9s Villa Pineda\n\t\t\t\t<\/dd><\/dl><br style=\"clear: both\" \/>\n\t\t<\/div>\n\n<p>En casa, Andr\u00e9s observaba todo ese proceso. Ve\u00eda a su hermano salir uniformado, prepararse para las pr\u00e1cticas y asumir responsabilidades en la v\u00eda. Poco a poco, lo que empez\u00f3 como simple curiosidad se transform\u00f3 en inter\u00e9s.<\/p>\n<p>\u201cLo ve\u00eda ejerciendo y eso me empez\u00f3 a llamar la atenci\u00f3n\u201d, recuerda.<\/p>\n<p>Con el paso del tiempo tom\u00f3 una decisi\u00f3n similar. Hizo una pausa en su proceso acad\u00e9mico en ingenier\u00eda y decidi\u00f3 seguir el mismo camino que su hermano. Lo que comenz\u00f3 como una inquietud termin\u00f3 convirti\u00e9ndose en una vocaci\u00f3n compartida.<\/p>\n<h3><strong>Placas distintas, una misma vocaci\u00f3n<\/strong><\/h3>\n<p>Aunque para muchos ciudadanos sean pr\u00e1cticamente indistinguibles, ellos mismos reconocen que existen diferencias entre ambos. Una de las m\u00e1s visibles aparece cuando hablan de f\u00fatbol. Uno es hincha del Deportivo Independiente Medell\u00edn y el otro del Atl\u00e9tico Nacional, una rivalidad que rompe la idea del espejo perfecto.<\/p>\n<div id=\"attachment_512252\" style=\"width: 1290px\" class=\"wp-caption alignnone\"><img aria-describedby=\"caption-attachment-512252\" loading=\"lazy\" class=\"wp-image-512252 size-full\" title=\"Alexander y Andr\u00e9s Villa Pineda\" src=\"https:\/\/www.medellin.gov.co\/es\/wp-content\/uploads\/2026\/04\/Dosgemelos_movilidad_Medellinl_6.jpg\" alt=\"Alexander y Andr\u00e9s Villa Pineda\" width=\"1280\" height=\"720\" srcset=\"https:\/\/www.medellin.gov.co\/es\/wp-content\/uploads\/2026\/04\/Dosgemelos_movilidad_Medellinl_6.jpg 1280w, https:\/\/www.medellin.gov.co\/es\/wp-content\/uploads\/2026\/04\/Dosgemelos_movilidad_Medellinl_6-300x169.jpg 300w, https:\/\/www.medellin.gov.co\/es\/wp-content\/uploads\/2026\/04\/Dosgemelos_movilidad_Medellinl_6-1024x576.jpg 1024w, https:\/\/www.medellin.gov.co\/es\/wp-content\/uploads\/2026\/04\/Dosgemelos_movilidad_Medellinl_6-150x84.jpg 150w, https:\/\/www.medellin.gov.co\/es\/wp-content\/uploads\/2026\/04\/Dosgemelos_movilidad_Medellinl_6-768x432.jpg 768w\" sizes=\"(max-width: 1280px) 100vw, 1280px\" \/><p id=\"caption-attachment-512252\" class=\"wp-caption-text\">Alex\u00e1nder y Andr\u00e9s Villa Pineda<\/p><\/div>\n<p>Tambi\u00e9n hay peque\u00f1as diferencias en su forma de interactuar con las personas. Uno suele iniciar m\u00e1s las conversaciones y el otro prefiere observar primero antes de intervenir. Sin embargo, ambos coinciden en algo fundamental: comparten la misma forma de asumir la responsabilidad de ser agentes de tr\u00e1nsito.<\/p>\n<p>Hoy saben que su presencia en una intersecci\u00f3n puede ayudar a prevenir un siniestro vial, mediar en un conflicto entre conductores o facilitar el tr\u00e1nsito de miles de personas que recorren la ciudad cada d\u00eda.<\/p>\n<div id=\"attachment_512251\" style=\"width: 1290px\" class=\"wp-caption alignnone\"><img aria-describedby=\"caption-attachment-512251\" loading=\"lazy\" class=\"wp-image-512251 size-full\" title=\"Alexander y Andr\u00e9s Villa Pineda\" src=\"https:\/\/www.medellin.gov.co\/es\/wp-content\/uploads\/2026\/04\/Dosgemelos_movilidad_Medellinl_7.jpg\" alt=\"Alexander y Andr\u00e9s Villa Pineda\" width=\"1280\" height=\"720\" srcset=\"https:\/\/www.medellin.gov.co\/es\/wp-content\/uploads\/2026\/04\/Dosgemelos_movilidad_Medellinl_7.jpg 1280w, https:\/\/www.medellin.gov.co\/es\/wp-content\/uploads\/2026\/04\/Dosgemelos_movilidad_Medellinl_7-300x169.jpg 300w, https:\/\/www.medellin.gov.co\/es\/wp-content\/uploads\/2026\/04\/Dosgemelos_movilidad_Medellinl_7-1024x576.jpg 1024w, https:\/\/www.medellin.gov.co\/es\/wp-content\/uploads\/2026\/04\/Dosgemelos_movilidad_Medellinl_7-150x84.jpg 150w, https:\/\/www.medellin.gov.co\/es\/wp-content\/uploads\/2026\/04\/Dosgemelos_movilidad_Medellinl_7-768x432.jpg 768w\" sizes=\"(max-width: 1280px) 100vw, 1280px\" \/><p id=\"caption-attachment-512251\" class=\"wp-caption-text\">Alex\u00e1nder y Andr\u00e9s Villa Pineda<\/p><\/div>\n<p>En medio del ruido de motores, sem\u00e1foros y bocinas que marcan el ritmo cotidiano de Medell\u00edn, la historia de los hermanos Villa Pineda recuerda que detr\u00e1s de cada uniforme hay trayectorias personales, familias que acompa\u00f1an los procesos y decisiones que terminan marcando el rumbo de una vida.<\/p>\n<div id=\"attachment_512250\" style=\"width: 1290px\" class=\"wp-caption alignnone\"><img aria-describedby=\"caption-attachment-512250\" loading=\"lazy\" class=\"wp-image-512250 size-full\" title=\"Alexander y Andr\u00e9s Villa Pineda\" src=\"https:\/\/www.medellin.gov.co\/es\/wp-content\/uploads\/2026\/04\/Dosgemelos_movilidad_Medellinl_8.jpg\" alt=\"Alexander y Andr\u00e9s Villa Pineda\" width=\"1280\" height=\"720\" srcset=\"https:\/\/www.medellin.gov.co\/es\/wp-content\/uploads\/2026\/04\/Dosgemelos_movilidad_Medellinl_8.jpg 1280w, https:\/\/www.medellin.gov.co\/es\/wp-content\/uploads\/2026\/04\/Dosgemelos_movilidad_Medellinl_8-300x169.jpg 300w, https:\/\/www.medellin.gov.co\/es\/wp-content\/uploads\/2026\/04\/Dosgemelos_movilidad_Medellinl_8-1024x576.jpg 1024w, https:\/\/www.medellin.gov.co\/es\/wp-content\/uploads\/2026\/04\/Dosgemelos_movilidad_Medellinl_8-150x84.jpg 150w, https:\/\/www.medellin.gov.co\/es\/wp-content\/uploads\/2026\/04\/Dosgemelos_movilidad_Medellinl_8-768x432.jpg 768w\" sizes=\"(max-width: 1280px) 100vw, 1280px\" \/><p id=\"caption-attachment-512250\" class=\"wp-caption-text\">Alex\u00e1nder y Andr\u00e9s Villa Pineda<\/p><\/div>\n<p>Mientras uno regula el tr\u00e1nsito en una intersecci\u00f3n, el otro puede estar varios kil\u00f3metros m\u00e1s adelante atendiendo y accidente de tr\u00e1nsito. Dos agentes, dos placas distintas y una misma historia familiar que hoy forma parte de la movilidad de la ciudad.<\/p>\n<h3><strong>Una historia que tambi\u00e9n se ha repetido en la instituci\u00f3n<\/strong><\/h3>\n<p>El caso de los hermanos Villa Pineda suele despertar curiosidad entre ciudadanos y compa\u00f1eros de trabajo. No es com\u00fan encontrar dos gemelos desempe\u00f1ando la misma labor en las calles de la ciudad.<\/p>\n<div id=\"attachment_512254\" style=\"width: 1290px\" class=\"wp-caption alignnone\"><img aria-describedby=\"caption-attachment-512254\" loading=\"lazy\" class=\"wp-image-512254 size-full\" title=\"Alexander y Andr\u00e9s Villa Pineda\" src=\"https:\/\/www.medellin.gov.co\/es\/wp-content\/uploads\/2026\/04\/Dosgemelos_movilidad_Medellinl_9.jpg\" alt=\"Alexander y Andr\u00e9s Villa Pineda\" width=\"1280\" height=\"720\" srcset=\"https:\/\/www.medellin.gov.co\/es\/wp-content\/uploads\/2026\/04\/Dosgemelos_movilidad_Medellinl_9.jpg 1280w, https:\/\/www.medellin.gov.co\/es\/wp-content\/uploads\/2026\/04\/Dosgemelos_movilidad_Medellinl_9-300x169.jpg 300w, https:\/\/www.medellin.gov.co\/es\/wp-content\/uploads\/2026\/04\/Dosgemelos_movilidad_Medellinl_9-1024x576.jpg 1024w, https:\/\/www.medellin.gov.co\/es\/wp-content\/uploads\/2026\/04\/Dosgemelos_movilidad_Medellinl_9-150x84.jpg 150w, https:\/\/www.medellin.gov.co\/es\/wp-content\/uploads\/2026\/04\/Dosgemelos_movilidad_Medellinl_9-768x432.jpg 768w\" sizes=\"(max-width: 1280px) 100vw, 1280px\" \/><p id=\"caption-attachment-512254\" class=\"wp-caption-text\">Alex\u00e1nder y Andr\u00e9s Villa Pineda<\/p><\/div>\n<p>Sin embargo, dentro de la Secretar\u00eda de Movilidad tambi\u00e9n se ha vivido una historia similar protagonizada por dos hermanas gemelas (Maria Fernanda y Geraldine Guti\u00e9rrez Foronda) que hicieron parte del cuerpo de agentes de tr\u00e1nsito y que, al igual que los hermanos Villa Pineda, compartieron uniforme y vocaci\u00f3n por el servicio p\u00fablico. Con el paso de los a\u00f1os su trayectoria profesional continu\u00f3 dentro de la Administraci\u00f3n Distrital y hoy ambas siguen aportando al servicio de la ciudad desde otras dependencias de la Alcald\u00eda de Medell\u00edn: una en la Secretar\u00eda de Gesti\u00f3n Humana y Servicios a la Ciudadan\u00eda y la otra en la Secretar\u00eda de Turismo y Entretenimiento.<\/p>\n\n\t\t<style type=\"text\/css\">\n\t\t\t#gallery-3 {\n\t\t\t\tmargin: auto;\n\t\t\t}\n\t\t\t#gallery-3 .gallery-item {\n\t\t\t\tfloat: left;\n\t\t\t\tmargin-top: 10px;\n\t\t\t\ttext-align: center;\n\t\t\t\twidth: 50%;\n\t\t\t}\n\t\t\t#gallery-3 img {\n\t\t\t\tborder: 2px solid #cfcfcf;\n\t\t\t}\n\t\t\t#gallery-3 .gallery-caption {\n\t\t\t\tmargin-left: 0;\n\t\t\t}\n\t\t\t\/* see gallery_shortcode() in wp-includes\/media.php *\/\n\t\t<\/style>\n\t\t<div id='gallery-3' class='gallery galleryid-512223 gallery-columns-2 gallery-size-large'><dl class='gallery-item'>\n\t\t\t<dt class='gallery-icon landscape'>\n\t\t\t\t<a href='https:\/\/www.medellin.gov.co\/es\/sala-de-prensa\/noticias\/entre-placas-y-uniformes-la-historia-de-dos-hermanos-gemelos-que-comparten-vocacion-en-la-movilidad-de-medellin\/gemaslas_movilidad1\/'><img width=\"960\" height=\"960\" src=\"https:\/\/www.medellin.gov.co\/es\/wp-content\/uploads\/2026\/04\/gemaslas_movilidad1.jpg\" class=\"attachment-large size-large\" alt=\"\" loading=\"lazy\" aria-describedby=\"gallery-3-512262\" srcset=\"https:\/\/www.medellin.gov.co\/es\/wp-content\/uploads\/2026\/04\/gemaslas_movilidad1.jpg 960w, https:\/\/www.medellin.gov.co\/es\/wp-content\/uploads\/2026\/04\/gemaslas_movilidad1-300x300.jpg 300w, https:\/\/www.medellin.gov.co\/es\/wp-content\/uploads\/2026\/04\/gemaslas_movilidad1-150x150.jpg 150w, https:\/\/www.medellin.gov.co\/es\/wp-content\/uploads\/2026\/04\/gemaslas_movilidad1-768x768.jpg 768w\" sizes=\"(max-width: 960px) 100vw, 960px\" \/><\/a>\n\t\t\t<\/dt>\n\t\t\t\t<dd class='wp-caption-text gallery-caption' id='gallery-3-512262'>\n\t\t\t\tMaria Fernanda y Geraldine Guti\u00e9rrez Foronda\n\t\t\t\t<\/dd><\/dl><dl class='gallery-item'>\n\t\t\t<dt class='gallery-icon landscape'>\n\t\t\t\t<a href='https:\/\/www.medellin.gov.co\/es\/sala-de-prensa\/noticias\/entre-placas-y-uniformes-la-historia-de-dos-hermanos-gemelos-que-comparten-vocacion-en-la-movilidad-de-medellin\/gemaslas_movilidad2\/'><img width=\"960\" height=\"960\" src=\"https:\/\/www.medellin.gov.co\/es\/wp-content\/uploads\/2026\/04\/gemaslas_movilidad2.jpg\" class=\"attachment-large size-large\" alt=\"\" loading=\"lazy\" aria-describedby=\"gallery-3-512259\" srcset=\"https:\/\/www.medellin.gov.co\/es\/wp-content\/uploads\/2026\/04\/gemaslas_movilidad2.jpg 960w, https:\/\/www.medellin.gov.co\/es\/wp-content\/uploads\/2026\/04\/gemaslas_movilidad2-300x300.jpg 300w, https:\/\/www.medellin.gov.co\/es\/wp-content\/uploads\/2026\/04\/gemaslas_movilidad2-150x150.jpg 150w, https:\/\/www.medellin.gov.co\/es\/wp-content\/uploads\/2026\/04\/gemaslas_movilidad2-768x768.jpg 768w\" sizes=\"(max-width: 960px) 100vw, 960px\" \/><\/a>\n\t\t\t<\/dt>\n\t\t\t\t<dd class='wp-caption-text gallery-caption' id='gallery-3-512259'>\n\t\t\t\tMaria Fernanda y Geraldine Guti\u00e9rrez Foronda\n\t\t\t\t<\/dd><\/dl><br style=\"clear: both\" \/>\n\t\t<\/div>\n\n<p>La trayectoria de estas hermanas ser\u00e1 contada pr\u00f3ximamente en una nota independiente. Por ahora, en distintos puntos de Medell\u00edn, Alex\u00e1nder y Andr\u00e9s contin\u00faan cumpliendo su labor diaria, demostrando que, en algunos casos, la vocaci\u00f3n tambi\u00e9n puede nacer y crecer al mismo tiempo entre dos hermanos.<\/p>\n","protected":false},"excerpt":{"rendered":"<p>En las calles de Medell\u00edn hay agentes de tr\u00e1nsito que comparten una misma misi\u00f3n: regular la movilidad y proteger la vida en la v\u00eda. Algunos, adem\u00e1s, comparten algo poco com\u00fan: el mismo rostro y una &#8230;<\/p>\n","protected":false},"author":17,"featured_media":512225,"comment_status":"open","ping_status":"open","sticky":false,"template":"","format":"standard","meta":[],"categories":[531,14],"tags":[447],"formato_nota":[],"programas_tax":[],"acf":[],"_links":{"self":[{"href":"https:\/\/www.medellin.gov.co\/es\/wp-json\/wp\/v2\/posts\/512223"}],"collection":[{"href":"https:\/\/www.medellin.gov.co\/es\/wp-json\/wp\/v2\/posts"}],"about":[{"href":"https:\/\/www.medellin.gov.co\/es\/wp-json\/wp\/v2\/types\/post"}],"author":[{"embeddable":true,"href":"https:\/\/www.medellin.gov.co\/es\/wp-json\/wp\/v2\/users\/17"}],"replies":[{"embeddable":true,"href":"https:\/\/www.medellin.gov.co\/es\/wp-json\/wp\/v2\/comments?post=512223"}],"version-history":[{"count":4,"href":"https:\/\/www.medellin.gov.co\/es\/wp-json\/wp\/v2\/posts\/512223\/revisions"}],"predecessor-version":[{"id":512264,"href":"https:\/\/www.medellin.gov.co\/es\/wp-json\/wp\/v2\/posts\/512223\/revisions\/512264"}],"wp:featuredmedia":[{"embeddable":true,"href":"https:\/\/www.medellin.gov.co\/es\/wp-json\/wp\/v2\/media\/512225"}],"wp:attachment":[{"href":"https:\/\/www.medellin.gov.co\/es\/wp-json\/wp\/v2\/media?parent=512223"}],"wp:term":[{"taxonomy":"category","embeddable":true,"href":"https:\/\/www.medellin.gov.co\/es\/wp-json\/wp\/v2\/categories?post=512223"},{"taxonomy":"post_tag","embeddable":true,"href":"https:\/\/www.medellin.gov.co\/es\/wp-json\/wp\/v2\/tags?post=512223"},{"taxonomy":"formato_nota","embeddable":true,"href":"https:\/\/www.medellin.gov.co\/es\/wp-json\/wp\/v2\/formato_nota?post=512223"},{"taxonomy":"programas_tax","embeddable":true,"href":"https:\/\/www.medellin.gov.co\/es\/wp-json\/wp\/v2\/programas_tax?post=512223"}],"curies":[{"name":"wp","href":"https:\/\/api.w.org\/{rel}","templated":true}]}}