{"id":513997,"date":"2026-04-01T17:03:39","date_gmt":"2026-04-01T22:03:39","guid":{"rendered":"https:\/\/www.medellin.gov.co\/es\/?p=513997"},"modified":"2026-04-03T13:22:09","modified_gmt":"2026-04-03T18:22:09","slug":"en-medellin-un-sueno-de-20-anos-empieza-a-hacerse-realidad-comunidad-de-versalles-ii-en-manrique-tendra-su-megacolegio","status":"publish","type":"post","link":"https:\/\/www.medellin.gov.co\/es\/sala-de-prensa\/noticias\/en-medellin-un-sueno-de-20-anos-empieza-a-hacerse-realidad-comunidad-de-versalles-ii-en-manrique-tendra-su-megacolegio\/","title":{"rendered":"En Medell\u00edn, un sue\u00f1o de 20 a\u00f1os empieza a hacerse realidad: comunidad de Versalles II, en Manrique, tendr\u00e1 su megacolegio"},"content":{"rendered":"<p>Durante a\u00f1os, los vecinos del barrio Versalles II de la comuna 3 (Manrique) de Medell\u00edn miraron un lote con la esperanza de que alg\u00fan d\u00eda all\u00ed se levantara un colegio para sus ni\u00f1os y j\u00f3venes. Hoy, ese anhelo empieza a convertirse en realidad: en este lugar, la Alcald\u00eda construir\u00e1 un megacolegio, la <a href=\"https:\/\/www.ierodrigolaramedellin.edu.co\/\" target=\"_blank\" rel=\"noopener\">Instituci\u00f3n Educativa Rodrigo Lara Bonilla<\/a>.<\/p>\n<p>Lo que para muchos podr\u00eda ser simplemente una obra de infraestructura, para esta comunidad es el resultado de m\u00e1s de dos d\u00e9cadas de trabajo colectivo, gesti\u00f3n y persistencia.<\/p>\n<p><div class=\"iframe-container\"><iframe title=\"YouTube video player\" src=\"https:\/\/www.youtube.com\/embed\/Aiar2mf8WIk?si=_tc41hBKM4Pchqnu\" width=\"100%\" height=\"350\" frameborder=\"0\" allowfullscreen=\"allowfullscreen\"><span data-mce-type=\"bookmark\" style=\"display: inline-block; width: 0px; overflow: hidden; line-height: 0;\" class=\"mce_SELRES_start\">\ufeff<\/span><\/iframe><\/div><\/p>\n<p><em>\u201cEste proceso ha sido un trabajo en equipo entre la comunidad y la Administraci\u00f3n\u201d,<\/em> explica Miguel \u00c1ngel Pati\u00f1o Gallego, presidente de la Junta de Acci\u00f3n Comunal (JAC) de Versalles II:<em> \u201cSon 20 a\u00f1os que la Junta de Acci\u00f3n Comunal ha so\u00f1ado con mejorar la calidad de vida de nuestros j\u00f3venes\u201d.<\/em><\/p>\n\n\t\t<style type=\"text\/css\">\n\t\t\t#gallery-1 {\n\t\t\t\tmargin: auto;\n\t\t\t}\n\t\t\t#gallery-1 .gallery-item {\n\t\t\t\tfloat: left;\n\t\t\t\tmargin-top: 10px;\n\t\t\t\ttext-align: center;\n\t\t\t\twidth: 33%;\n\t\t\t}\n\t\t\t#gallery-1 img {\n\t\t\t\tborder: 2px solid #cfcfcf;\n\t\t\t}\n\t\t\t#gallery-1 .gallery-caption {\n\t\t\t\tmargin-left: 0;\n\t\t\t}\n\t\t\t\/* see gallery_shortcode() in wp-includes\/media.php *\/\n\t\t<\/style>\n\t\t<div id='gallery-1' class='gallery galleryid-513997 gallery-columns-3 gallery-size-full'><dl class='gallery-item'>\n\t\t\t<dt class='gallery-icon landscape'>\n\t\t\t\t<a href='https:\/\/www.medellin.gov.co\/es\/sala-de-prensa\/noticias\/en-medellin-un-sueno-de-20-anos-empieza-a-hacerse-realidad-comunidad-de-versalles-ii-en-manrique-tendra-su-megacolegio\/i-e-rodrigo-lara-bonilla-c3-27-02-2026-10\/'><img width=\"1079\" height=\"720\" src=\"https:\/\/www.medellin.gov.co\/es\/wp-content\/uploads\/2026\/04\/I.E.-Rodrigo-Lara-Bonilla-C3-27-02-2026-10.jpg\" class=\"attachment-full size-full\" alt=\"I.E. Rodrigo Lara Bonilla C3 27-02-2026\" loading=\"lazy\" srcset=\"https:\/\/www.medellin.gov.co\/es\/wp-content\/uploads\/2026\/04\/I.E.-Rodrigo-Lara-Bonilla-C3-27-02-2026-10.jpg 1079w, https:\/\/www.medellin.gov.co\/es\/wp-content\/uploads\/2026\/04\/I.E.-Rodrigo-Lara-Bonilla-C3-27-02-2026-10-300x200.jpg 300w, https:\/\/www.medellin.gov.co\/es\/wp-content\/uploads\/2026\/04\/I.E.-Rodrigo-Lara-Bonilla-C3-27-02-2026-10-1024x683.jpg 1024w, https:\/\/www.medellin.gov.co\/es\/wp-content\/uploads\/2026\/04\/I.E.-Rodrigo-Lara-Bonilla-C3-27-02-2026-10-150x100.jpg 150w, https:\/\/www.medellin.gov.co\/es\/wp-content\/uploads\/2026\/04\/I.E.-Rodrigo-Lara-Bonilla-C3-27-02-2026-10-768x512.jpg 768w\" sizes=\"(max-width: 1079px) 100vw, 1079px\" \/><\/a>\n\t\t\t<\/dt><\/dl><dl class='gallery-item'>\n\t\t\t<dt class='gallery-icon landscape'>\n\t\t\t\t<a href='https:\/\/www.medellin.gov.co\/es\/sala-de-prensa\/noticias\/en-medellin-un-sueno-de-20-anos-empieza-a-hacerse-realidad-comunidad-de-versalles-ii-en-manrique-tendra-su-megacolegio\/i-e-rodrigo-lara-bonilla-c3-27-02-2026-12\/'><img width=\"1079\" height=\"720\" src=\"https:\/\/www.medellin.gov.co\/es\/wp-content\/uploads\/2026\/04\/I.E.-Rodrigo-Lara-Bonilla-C3-27-02-2026-12.jpg\" class=\"attachment-full size-full\" alt=\"I.E. Rodrigo Lara Bonilla C3 27-02-2026\" loading=\"lazy\" srcset=\"https:\/\/www.medellin.gov.co\/es\/wp-content\/uploads\/2026\/04\/I.E.-Rodrigo-Lara-Bonilla-C3-27-02-2026-12.jpg 1079w, https:\/\/www.medellin.gov.co\/es\/wp-content\/uploads\/2026\/04\/I.E.-Rodrigo-Lara-Bonilla-C3-27-02-2026-12-300x200.jpg 300w, https:\/\/www.medellin.gov.co\/es\/wp-content\/uploads\/2026\/04\/I.E.-Rodrigo-Lara-Bonilla-C3-27-02-2026-12-1024x683.jpg 1024w, https:\/\/www.medellin.gov.co\/es\/wp-content\/uploads\/2026\/04\/I.E.-Rodrigo-Lara-Bonilla-C3-27-02-2026-12-150x100.jpg 150w, https:\/\/www.medellin.gov.co\/es\/wp-content\/uploads\/2026\/04\/I.E.-Rodrigo-Lara-Bonilla-C3-27-02-2026-12-768x512.jpg 768w\" sizes=\"(max-width: 1079px) 100vw, 1079px\" \/><\/a>\n\t\t\t<\/dt><\/dl><dl class='gallery-item'>\n\t\t\t<dt class='gallery-icon landscape'>\n\t\t\t\t<a href='https:\/\/www.medellin.gov.co\/es\/sala-de-prensa\/noticias\/en-medellin-un-sueno-de-20-anos-empieza-a-hacerse-realidad-comunidad-de-versalles-ii-en-manrique-tendra-su-megacolegio\/i-e-rodrigo-lara-bonilla-c3-27-02-2026-13\/'><img width=\"1079\" height=\"720\" src=\"https:\/\/www.medellin.gov.co\/es\/wp-content\/uploads\/2026\/04\/I.E.-Rodrigo-Lara-Bonilla-C3-27-02-2026-13.jpg\" class=\"attachment-full size-full\" alt=\"I.E. Rodrigo Lara Bonilla C3 27-02-2026\" loading=\"lazy\" srcset=\"https:\/\/www.medellin.gov.co\/es\/wp-content\/uploads\/2026\/04\/I.E.-Rodrigo-Lara-Bonilla-C3-27-02-2026-13.jpg 1079w, https:\/\/www.medellin.gov.co\/es\/wp-content\/uploads\/2026\/04\/I.E.-Rodrigo-Lara-Bonilla-C3-27-02-2026-13-300x200.jpg 300w, https:\/\/www.medellin.gov.co\/es\/wp-content\/uploads\/2026\/04\/I.E.-Rodrigo-Lara-Bonilla-C3-27-02-2026-13-1024x683.jpg 1024w, https:\/\/www.medellin.gov.co\/es\/wp-content\/uploads\/2026\/04\/I.E.-Rodrigo-Lara-Bonilla-C3-27-02-2026-13-150x100.jpg 150w, https:\/\/www.medellin.gov.co\/es\/wp-content\/uploads\/2026\/04\/I.E.-Rodrigo-Lara-Bonilla-C3-27-02-2026-13-768x512.jpg 768w\" sizes=\"(max-width: 1079px) 100vw, 1079px\" \/><\/a>\n\t\t\t<\/dt><\/dl><br style=\"clear: both\" \/>\n\t\t<\/div>\n\n<h4><strong>Aquella peque\u00f1a caseta<\/strong><\/h4>\n<p>La historia del colegio comenz\u00f3 mucho antes de que existieran planos o <em>renders<\/em>. En sus primeros a\u00f1os, la comunidad levant\u00f3 una peque\u00f1a caseta con el esfuerzo de los vecinos y actividades comunitarias para que los ni\u00f1os del sector tuvieran un lugar donde estudiar.<\/p>\n<p>Con el tiempo, el barrio creci\u00f3 y tambi\u00e9n lo hizo la necesidad de m\u00e1s cupos educativos. Hoy, muchos j\u00f3venes deben desplazarse a otras sedes educativas ubicadas en zonas m\u00e1s bajas de la comuna y, aunque cuentan con el apoyo del Distrito a trav\u00e9s de la estrategia de Trasporte Escolar, esto implica recorridos m\u00e1s largos y complejos para llegar a clases.<\/p>\n\n\t\t<style type=\"text\/css\">\n\t\t\t#gallery-2 {\n\t\t\t\tmargin: auto;\n\t\t\t}\n\t\t\t#gallery-2 .gallery-item {\n\t\t\t\tfloat: left;\n\t\t\t\tmargin-top: 10px;\n\t\t\t\ttext-align: center;\n\t\t\t\twidth: 50%;\n\t\t\t}\n\t\t\t#gallery-2 img {\n\t\t\t\tborder: 2px solid #cfcfcf;\n\t\t\t}\n\t\t\t#gallery-2 .gallery-caption {\n\t\t\t\tmargin-left: 0;\n\t\t\t}\n\t\t\t\/* see gallery_shortcode() in wp-includes\/media.php *\/\n\t\t<\/style>\n\t\t<div id='gallery-2' class='gallery galleryid-513997 gallery-columns-2 gallery-size-full'><dl class='gallery-item'>\n\t\t\t<dt class='gallery-icon landscape'>\n\t\t\t\t<a href='https:\/\/www.medellin.gov.co\/es\/sala-de-prensa\/noticias\/en-medellin-un-sueno-de-20-anos-empieza-a-hacerse-realidad-comunidad-de-versalles-ii-en-manrique-tendra-su-megacolegio\/i-e-rodrigo-lara-bonilla-c3-27-02-2026-6\/'><img width=\"1079\" height=\"720\" src=\"https:\/\/www.medellin.gov.co\/es\/wp-content\/uploads\/2026\/04\/I.E.-Rodrigo-Lara-Bonilla-C3-27-02-2026-6.jpg\" class=\"attachment-full size-full\" alt=\"I.E. Rodrigo Lara Bonilla C3 27-02-2026\" loading=\"lazy\" srcset=\"https:\/\/www.medellin.gov.co\/es\/wp-content\/uploads\/2026\/04\/I.E.-Rodrigo-Lara-Bonilla-C3-27-02-2026-6.jpg 1079w, https:\/\/www.medellin.gov.co\/es\/wp-content\/uploads\/2026\/04\/I.E.-Rodrigo-Lara-Bonilla-C3-27-02-2026-6-300x200.jpg 300w, https:\/\/www.medellin.gov.co\/es\/wp-content\/uploads\/2026\/04\/I.E.-Rodrigo-Lara-Bonilla-C3-27-02-2026-6-1024x683.jpg 1024w, https:\/\/www.medellin.gov.co\/es\/wp-content\/uploads\/2026\/04\/I.E.-Rodrigo-Lara-Bonilla-C3-27-02-2026-6-150x100.jpg 150w, https:\/\/www.medellin.gov.co\/es\/wp-content\/uploads\/2026\/04\/I.E.-Rodrigo-Lara-Bonilla-C3-27-02-2026-6-768x512.jpg 768w\" sizes=\"(max-width: 1079px) 100vw, 1079px\" \/><\/a>\n\t\t\t<\/dt><\/dl><dl class='gallery-item'>\n\t\t\t<dt class='gallery-icon landscape'>\n\t\t\t\t<a href='https:\/\/www.medellin.gov.co\/es\/sala-de-prensa\/noticias\/en-medellin-un-sueno-de-20-anos-empieza-a-hacerse-realidad-comunidad-de-versalles-ii-en-manrique-tendra-su-megacolegio\/i-e-rodrigo-lara-bonilla-c3-27-02-2026-26\/'><img width=\"1079\" height=\"720\" src=\"https:\/\/www.medellin.gov.co\/es\/wp-content\/uploads\/2026\/04\/I.E.-Rodrigo-Lara-Bonilla-C3-27-02-2026-26.jpg\" class=\"attachment-full size-full\" alt=\"I.E. Rodrigo Lara Bonilla C3 27-02-2026\" loading=\"lazy\" srcset=\"https:\/\/www.medellin.gov.co\/es\/wp-content\/uploads\/2026\/04\/I.E.-Rodrigo-Lara-Bonilla-C3-27-02-2026-26.jpg 1079w, https:\/\/www.medellin.gov.co\/es\/wp-content\/uploads\/2026\/04\/I.E.-Rodrigo-Lara-Bonilla-C3-27-02-2026-26-300x200.jpg 300w, https:\/\/www.medellin.gov.co\/es\/wp-content\/uploads\/2026\/04\/I.E.-Rodrigo-Lara-Bonilla-C3-27-02-2026-26-1024x683.jpg 1024w, https:\/\/www.medellin.gov.co\/es\/wp-content\/uploads\/2026\/04\/I.E.-Rodrigo-Lara-Bonilla-C3-27-02-2026-26-150x100.jpg 150w, https:\/\/www.medellin.gov.co\/es\/wp-content\/uploads\/2026\/04\/I.E.-Rodrigo-Lara-Bonilla-C3-27-02-2026-26-768x512.jpg 768w\" sizes=\"(max-width: 1079px) 100vw, 1079px\" \/><\/a>\n\t\t\t<\/dt><\/dl><br style=\"clear: both\" \/>\n\t\t<\/div>\n\n<p>Por eso, para los habitantes del sector, tener un colegio cerca de sus casas significa mucho m\u00e1s que una nueva infraestructura. <em>\u201cSi mejora la calidad de vida de los estudiantes, esto hace que mejore la calidad de su entorno familiar y de todo su colectivo\u201d,<\/em> dice Alonso Monsalve, delegado de Educaci\u00f3n de la JAC.<\/p>\n<h4><strong>Beneficiar\u00e1 a barrios cercanos<\/strong><\/h4>\n<p>El nuevo megacolegio tendr\u00e1 capacidad para 660 estudiantes y permitir\u00e1 ampliar la oferta educativa para ni\u00f1as, ni\u00f1os y j\u00f3venes de la comuna 3, donde existe una alta demanda de cupos escolares.<\/p>\n<p>Adem\u00e1s, beneficiar\u00e1 no solo a Versalles II, sino tambi\u00e9n a barrios cercanos, como La Honda y La Cruz, cuyos alumnos hoy deben ir a otras zonas de la ciudad para estudiar.<\/p>\n<div id=\"attachment_514019\" style=\"width: 1034px\" class=\"wp-caption alignnone\"><img aria-describedby=\"caption-attachment-514019\" loading=\"lazy\" class=\"wp-image-514019 size-large\" title=\"Vista del terreno\" src=\"https:\/\/www.medellin.gov.co\/es\/wp-content\/uploads\/2026\/04\/I.E.-Rodrigo-Lara-Bonilla-C3-27-02-2026-17-1024x683.jpg\" alt=\"I.E. Rodrigo Lara Bonilla C3 27-02-2026 Versalles\" width=\"1024\" height=\"683\" srcset=\"https:\/\/www.medellin.gov.co\/es\/wp-content\/uploads\/2026\/04\/I.E.-Rodrigo-Lara-Bonilla-C3-27-02-2026-17-1024x683.jpg 1024w, https:\/\/www.medellin.gov.co\/es\/wp-content\/uploads\/2026\/04\/I.E.-Rodrigo-Lara-Bonilla-C3-27-02-2026-17-300x200.jpg 300w, https:\/\/www.medellin.gov.co\/es\/wp-content\/uploads\/2026\/04\/I.E.-Rodrigo-Lara-Bonilla-C3-27-02-2026-17-150x100.jpg 150w, https:\/\/www.medellin.gov.co\/es\/wp-content\/uploads\/2026\/04\/I.E.-Rodrigo-Lara-Bonilla-C3-27-02-2026-17-768x512.jpg 768w, https:\/\/www.medellin.gov.co\/es\/wp-content\/uploads\/2026\/04\/I.E.-Rodrigo-Lara-Bonilla-C3-27-02-2026-17.jpg 1079w\" sizes=\"(max-width: 1024px) 100vw, 1024px\" \/><p id=\"caption-attachment-514019\" class=\"wp-caption-text\">I.E. Rodrigo Lara Bonilla C3 27-02-2026 Versalles &#8211; Vista del terreno<\/p><\/div>\n<p>La noticia despierta entusiasmo entre quienes han seguido el proceso por a\u00f1os. Para Claudia Patricia Montoya Restrepo, coordinadora de Salud de la JAC de Versalles II, el proyecto tiene un significado profundamente personal. Ella tuvo que recorrer largas distancias cuando era estudiante: <em>\u201cEse megacolegio es algo so\u00f1ado. El impacto es supremamente grande para toda la comunidad, para los hijos y nietos. A m\u00ed me toc\u00f3 estudiar superlejos. Tener un megacolegio ac\u00e1, cerca de la casa, donde uno puede estar m\u00e1s pendiente de ellos, es un gran avance\u201d.<\/em><\/p>\n<div id=\"attachment_514009\" style=\"width: 1089px\" class=\"wp-caption alignnone\"><img aria-describedby=\"caption-attachment-514009\" loading=\"lazy\" class=\"wp-image-514009 size-full\" title=\"I.E. Rodrigo Lara Bonilla C3 27-02-2026 Versalles - Vista del terreno\" src=\"https:\/\/www.medellin.gov.co\/es\/wp-content\/uploads\/2026\/04\/I.E.-Rodrigo-Lara-Bonilla-C3-27-02-2026-13.jpg\" alt=\"I.E. Rodrigo Lara Bonilla C3 27-02-2026\" width=\"1079\" height=\"720\" srcset=\"https:\/\/www.medellin.gov.co\/es\/wp-content\/uploads\/2026\/04\/I.E.-Rodrigo-Lara-Bonilla-C3-27-02-2026-13.jpg 1079w, https:\/\/www.medellin.gov.co\/es\/wp-content\/uploads\/2026\/04\/I.E.-Rodrigo-Lara-Bonilla-C3-27-02-2026-13-300x200.jpg 300w, https:\/\/www.medellin.gov.co\/es\/wp-content\/uploads\/2026\/04\/I.E.-Rodrigo-Lara-Bonilla-C3-27-02-2026-13-1024x683.jpg 1024w, https:\/\/www.medellin.gov.co\/es\/wp-content\/uploads\/2026\/04\/I.E.-Rodrigo-Lara-Bonilla-C3-27-02-2026-13-150x100.jpg 150w, https:\/\/www.medellin.gov.co\/es\/wp-content\/uploads\/2026\/04\/I.E.-Rodrigo-Lara-Bonilla-C3-27-02-2026-13-768x512.jpg 768w\" sizes=\"(max-width: 1079px) 100vw, 1079px\" \/><p id=\"caption-attachment-514009\" class=\"wp-caption-text\">I.E. Rodrigo Lara Bonilla C3 27-02-2026 Versalles &#8211; Vista del terreno<\/p><\/div>\n<p>Las im\u00e1genes y <em>renders<\/em> del proyecto ya comenzaron a circular entre los habitantes del sector, generando expectativa por lo que vendr\u00e1. <em>\u201cEs espectacular; de tercer nivel, dir\u00eda yo. Es algo grand\u00edsimo que en pocos barrios de Medell\u00edn se ve\u201d,<\/em> dice Montoya con orgullo.<\/p>\n<h4><strong>El terreno<\/strong><\/h4>\n<p>Detr\u00e1s de la obra hay tambi\u00e9n una historia de persistencia comunitaria. Uno de los momentos m\u00e1s complejos fue la gesti\u00f3n del terreno donde se levantar\u00e1 el megacolegio. En el lugar exist\u00edan varias viviendas, cuyos propietarios debieron ser sensibilizados para que el predio pudiera ser adquirido y destinado a la instituci\u00f3n educativa.<\/p>\n<div id=\"attachment_514002\" style=\"width: 1089px\" class=\"wp-caption alignnone\"><img aria-describedby=\"caption-attachment-514002\" loading=\"lazy\" class=\"wp-image-514002 size-full\" title=\"I.E. Rodrigo Lara Bonilla C3 27-02-2026 Versalles - Vista del terreno\" src=\"https:\/\/www.medellin.gov.co\/es\/wp-content\/uploads\/2026\/04\/I.E.-Rodrigo-Lara-Bonilla-C3-27-02-2026-3.jpg\" alt=\"I.E. Rodrigo Lara Bonilla C3 27-02-2026\" width=\"1079\" height=\"720\" srcset=\"https:\/\/www.medellin.gov.co\/es\/wp-content\/uploads\/2026\/04\/I.E.-Rodrigo-Lara-Bonilla-C3-27-02-2026-3.jpg 1079w, https:\/\/www.medellin.gov.co\/es\/wp-content\/uploads\/2026\/04\/I.E.-Rodrigo-Lara-Bonilla-C3-27-02-2026-3-300x200.jpg 300w, https:\/\/www.medellin.gov.co\/es\/wp-content\/uploads\/2026\/04\/I.E.-Rodrigo-Lara-Bonilla-C3-27-02-2026-3-1024x683.jpg 1024w, https:\/\/www.medellin.gov.co\/es\/wp-content\/uploads\/2026\/04\/I.E.-Rodrigo-Lara-Bonilla-C3-27-02-2026-3-150x100.jpg 150w, https:\/\/www.medellin.gov.co\/es\/wp-content\/uploads\/2026\/04\/I.E.-Rodrigo-Lara-Bonilla-C3-27-02-2026-3-768x512.jpg 768w\" sizes=\"(max-width: 1079px) 100vw, 1079px\" \/><p id=\"caption-attachment-514002\" class=\"wp-caption-text\">I.E. Rodrigo Lara Bonilla C3 27-02-2026 Versalles &#8211; Vista del terreno<\/p><\/div>\n<p><em>\u201cHab\u00eda 38 casas y toc\u00f3 concientizar a las familias para que, cuando llegara el momento de comprar el terreno, el proyecto pudiera hacerse realidad\u201d,<\/em> recuerda Miguel \u00c1ngel Pati\u00f1o.<\/p>\n\n\t\t<style type=\"text\/css\">\n\t\t\t#gallery-3 {\n\t\t\t\tmargin: auto;\n\t\t\t}\n\t\t\t#gallery-3 .gallery-item {\n\t\t\t\tfloat: left;\n\t\t\t\tmargin-top: 10px;\n\t\t\t\ttext-align: center;\n\t\t\t\twidth: 50%;\n\t\t\t}\n\t\t\t#gallery-3 img {\n\t\t\t\tborder: 2px solid #cfcfcf;\n\t\t\t}\n\t\t\t#gallery-3 .gallery-caption {\n\t\t\t\tmargin-left: 0;\n\t\t\t}\n\t\t\t\/* see gallery_shortcode() in wp-includes\/media.php *\/\n\t\t<\/style>\n\t\t<div id='gallery-3' class='gallery galleryid-513997 gallery-columns-2 gallery-size-full'><dl class='gallery-item'>\n\t\t\t<dt class='gallery-icon landscape'>\n\t\t\t\t<a href='https:\/\/www.medellin.gov.co\/es\/sala-de-prensa\/noticias\/en-medellin-un-sueno-de-20-anos-empieza-a-hacerse-realidad-comunidad-de-versalles-ii-en-manrique-tendra-su-megacolegio\/i-e-rodrigo-lara-bonilla-c3-27-02-2026\/'><img width=\"1079\" height=\"720\" src=\"https:\/\/www.medellin.gov.co\/es\/wp-content\/uploads\/2026\/04\/I.E.-Rodrigo-Lara-Bonilla-C3-27-02-2026.jpg\" class=\"attachment-full size-full\" alt=\"I.E. Rodrigo Lara Bonilla C3 27-02 Versalles6\" loading=\"lazy\" srcset=\"https:\/\/www.medellin.gov.co\/es\/wp-content\/uploads\/2026\/04\/I.E.-Rodrigo-Lara-Bonilla-C3-27-02-2026.jpg 1079w, https:\/\/www.medellin.gov.co\/es\/wp-content\/uploads\/2026\/04\/I.E.-Rodrigo-Lara-Bonilla-C3-27-02-2026-300x200.jpg 300w, https:\/\/www.medellin.gov.co\/es\/wp-content\/uploads\/2026\/04\/I.E.-Rodrigo-Lara-Bonilla-C3-27-02-2026-1024x683.jpg 1024w, https:\/\/www.medellin.gov.co\/es\/wp-content\/uploads\/2026\/04\/I.E.-Rodrigo-Lara-Bonilla-C3-27-02-2026-150x100.jpg 150w, https:\/\/www.medellin.gov.co\/es\/wp-content\/uploads\/2026\/04\/I.E.-Rodrigo-Lara-Bonilla-C3-27-02-2026-768x512.jpg 768w\" sizes=\"(max-width: 1079px) 100vw, 1079px\" \/><\/a>\n\t\t\t<\/dt><\/dl><dl class='gallery-item'>\n\t\t\t<dt class='gallery-icon landscape'>\n\t\t\t\t<a href='https:\/\/www.medellin.gov.co\/es\/sala-de-prensa\/noticias\/en-medellin-un-sueno-de-20-anos-empieza-a-hacerse-realidad-comunidad-de-versalles-ii-en-manrique-tendra-su-megacolegio\/i-e-rodrigo-lara-bonilla-c3-27-02-2026-5\/'><img width=\"1079\" height=\"720\" src=\"https:\/\/www.medellin.gov.co\/es\/wp-content\/uploads\/2026\/04\/I.E.-Rodrigo-Lara-Bonilla-C3-27-02-2026-5.jpg\" class=\"attachment-full size-full\" alt=\"I.E. Rodrigo Lara Bonilla C3 27-02-2026 Versalles\" loading=\"lazy\" srcset=\"https:\/\/www.medellin.gov.co\/es\/wp-content\/uploads\/2026\/04\/I.E.-Rodrigo-Lara-Bonilla-C3-27-02-2026-5.jpg 1079w, https:\/\/www.medellin.gov.co\/es\/wp-content\/uploads\/2026\/04\/I.E.-Rodrigo-Lara-Bonilla-C3-27-02-2026-5-300x200.jpg 300w, https:\/\/www.medellin.gov.co\/es\/wp-content\/uploads\/2026\/04\/I.E.-Rodrigo-Lara-Bonilla-C3-27-02-2026-5-1024x683.jpg 1024w, https:\/\/www.medellin.gov.co\/es\/wp-content\/uploads\/2026\/04\/I.E.-Rodrigo-Lara-Bonilla-C3-27-02-2026-5-150x100.jpg 150w, https:\/\/www.medellin.gov.co\/es\/wp-content\/uploads\/2026\/04\/I.E.-Rodrigo-Lara-Bonilla-C3-27-02-2026-5-768x512.jpg 768w\" sizes=\"(max-width: 1079px) 100vw, 1079px\" \/><\/a>\n\t\t\t<\/dt><\/dl><br style=\"clear: both\" \/>\n\t\t<\/div>\n\n<p>Con el paso de los a\u00f1os llegaron nuevos desaf\u00edos: la compra del predio, tr\u00e1mites legales, demoliciones y, m\u00e1s recientemente, la pandemia que oblig\u00f3 a reorientar recursos p\u00fablicos.<\/p>\n<p>A pesar de todo, la comunidad sigui\u00f3 cuidando el terreno para que no fuera invadido ni se convirtiera en un botadero de basura, mientras esperaba que el proyecto se concretara. <em>\u201cSiempre estuvimos pendientes de este lote, con sentido de pertenencia\u201d,<\/em> afirma Miguel Pati\u00f1o. Hoy, esa espera comienza a rendir frutos. <em>\u201cAlgo so\u00f1ado por nuestra comunidad: tener una instituci\u00f3n educativa, un megacolegio.<\/em> <em>Gracias a la administraci\u00f3n del alcalde, Federico Guti\u00e9rrez, hoy ese sue\u00f1o se vuelve realidad\u201d, <\/em>agrega.<\/p>\n<h4><strong>Escuelas Inteligentes<\/strong><\/h4>\n<p>Como parte del Plan de Desarrollo 2024 \u2013 2027, la <a href=\"https:\/\/www.instagram.com\/alcaldiademed\/?hl=es-la\" target=\"_blank\" rel=\"noopener\">Alcald\u00eda de Medell\u00edn<\/a> avanza en la ejecuci\u00f3n de varios proyectos educativos estrat\u00e9gicos para la ciudad. Entre ellos est\u00e1 el megacolegio Rodrigo Lara Bonilla, que contar\u00e1 con una inversi\u00f3n cercana a los 50 000 millones de pesos. La entrega de la obra est\u00e1 estimada para finales de 2027.<\/p>\n<p><img loading=\"lazy\" class=\"alignnone wp-image-514022 size-large\" title=\"Render Colegio I.E Rodrigo Lara Bonilla\" src=\"https:\/\/www.medellin.gov.co\/es\/wp-content\/uploads\/2026\/04\/Megacolegio-Rodrigo-Lara-Bonilla-despue\u0301s-1024x576.jpg\" alt=\"I.E. Rodrigo Lara Bonilla C3 27-02-2026 Versalles\" width=\"1024\" height=\"576\" srcset=\"https:\/\/www.medellin.gov.co\/es\/wp-content\/uploads\/2026\/04\/Megacolegio-Rodrigo-Lara-Bonilla-despue\u0301s-1024x576.jpg 1024w, https:\/\/www.medellin.gov.co\/es\/wp-content\/uploads\/2026\/04\/Megacolegio-Rodrigo-Lara-Bonilla-despue\u0301s-300x169.jpg 300w, https:\/\/www.medellin.gov.co\/es\/wp-content\/uploads\/2026\/04\/Megacolegio-Rodrigo-Lara-Bonilla-despue\u0301s-150x84.jpg 150w, https:\/\/www.medellin.gov.co\/es\/wp-content\/uploads\/2026\/04\/Megacolegio-Rodrigo-Lara-Bonilla-despue\u0301s-768x432.jpg 768w, https:\/\/www.medellin.gov.co\/es\/wp-content\/uploads\/2026\/04\/Megacolegio-Rodrigo-Lara-Bonilla-despue\u0301s.jpg 1280w\" sizes=\"(max-width: 1024px) 100vw, 1024px\" \/><\/p>\n<p>El Rodrigo Lara Bonilla hace parte de los 10 megacolegios que el Distrito tiene proyectados para ofrecer a ni\u00f1os y j\u00f3venes espacios modernos, seguros y adecuados para aprender.<\/p>\n<p>As\u00ed, Medell\u00edn contin\u00faa fortaleciendo su apuesta por las Escuelas Inteligentes, instituciones con infraestructura de calidad, tecnolog\u00eda y espacios que potencian el aprendizaje. El megacolegio Rodrigo Lara Bonilla ser\u00e1 un nuevo punto de oportunidades para los estudiantes de Manrique y para las futuras generaciones que crecer\u00e1n en este sector del nororiente de la ciudad.<\/p>\n","protected":false},"excerpt":{"rendered":"<p>Durante a\u00f1os, los vecinos del barrio Versalles II de la comuna 3 (Manrique) de Medell\u00edn miraron un lote con la esperanza de que alg\u00fan d\u00eda all\u00ed se levantara un colegio para sus ni\u00f1os y j\u00f3venes. &#8230;<\/p>\n","protected":false},"author":97,"featured_media":514025,"comment_status":"open","ping_status":"open","sticky":false,"template":"","format":"standard","meta":[],"categories":[531,4],"tags":[],"formato_nota":[],"programas_tax":[],"acf":[],"_links":{"self":[{"href":"https:\/\/www.medellin.gov.co\/es\/wp-json\/wp\/v2\/posts\/513997"}],"collection":[{"href":"https:\/\/www.medellin.gov.co\/es\/wp-json\/wp\/v2\/posts"}],"about":[{"href":"https:\/\/www.medellin.gov.co\/es\/wp-json\/wp\/v2\/types\/post"}],"author":[{"embeddable":true,"href":"https:\/\/www.medellin.gov.co\/es\/wp-json\/wp\/v2\/users\/97"}],"replies":[{"embeddable":true,"href":"https:\/\/www.medellin.gov.co\/es\/wp-json\/wp\/v2\/comments?post=513997"}],"version-history":[{"count":5,"href":"https:\/\/www.medellin.gov.co\/es\/wp-json\/wp\/v2\/posts\/513997\/revisions"}],"predecessor-version":[{"id":514151,"href":"https:\/\/www.medellin.gov.co\/es\/wp-json\/wp\/v2\/posts\/513997\/revisions\/514151"}],"wp:featuredmedia":[{"embeddable":true,"href":"https:\/\/www.medellin.gov.co\/es\/wp-json\/wp\/v2\/media\/514025"}],"wp:attachment":[{"href":"https:\/\/www.medellin.gov.co\/es\/wp-json\/wp\/v2\/media?parent=513997"}],"wp:term":[{"taxonomy":"category","embeddable":true,"href":"https:\/\/www.medellin.gov.co\/es\/wp-json\/wp\/v2\/categories?post=513997"},{"taxonomy":"post_tag","embeddable":true,"href":"https:\/\/www.medellin.gov.co\/es\/wp-json\/wp\/v2\/tags?post=513997"},{"taxonomy":"formato_nota","embeddable":true,"href":"https:\/\/www.medellin.gov.co\/es\/wp-json\/wp\/v2\/formato_nota?post=513997"},{"taxonomy":"programas_tax","embeddable":true,"href":"https:\/\/www.medellin.gov.co\/es\/wp-json\/wp\/v2\/programas_tax?post=513997"}],"curies":[{"name":"wp","href":"https:\/\/api.w.org\/{rel}","templated":true}]}}