{"id":514043,"date":"2026-04-02T11:46:21","date_gmt":"2026-04-02T16:46:21","guid":{"rendered":"https:\/\/www.medellin.gov.co\/es\/?p=514043"},"modified":"2026-04-02T11:46:21","modified_gmt":"2026-04-02T16:46:21","slug":"el-distrito-consolida-una-red-de-aliados-para-atraer-inversion-extranjera-a-medellin-y-su-area-metropolitana","status":"publish","type":"post","link":"https:\/\/www.medellin.gov.co\/es\/sala-de-prensa\/noticias\/el-distrito-consolida-una-red-de-aliados-para-atraer-inversion-extranjera-a-medellin-y-su-area-metropolitana\/","title":{"rendered":"El Distrito consolida una red de aliados para atraer inversi\u00f3n extranjera a Medell\u00edn y su \u00e1rea metropolitana"},"content":{"rendered":"<ul>\n<li>Se trata de la estrategia MedConnectors, que tambi\u00e9n reduce barreras de entrada y fortalece la competitividad del territorio frente a otros destinos de inversi\u00f3n.<\/li>\n<li>Uno de los logros de la red es la articulaci\u00f3n p\u00fablico-privada para atraer proyectos de alto valor agregado.<\/li>\n<\/ul>\n<!--[if lt IE 9]><script>document.createElement('audio');<\/script><![endif]-->\n\t<div class=\"wp-playlist wp-audio-playlist wp-playlist-light\">\n\t\t\t<div class=\"wp-playlist-current-item\"><\/div>\n\t\t<audio controls=\"controls\" preload=\"none\" width=\"640\"\n\t\t\t><\/audio>\n\t<div class=\"wp-playlist-next\"><\/div>\n\t<div class=\"wp-playlist-prev\"><\/div>\n\t<noscript>\n\t<ol>\n\t\t<li><a href='https:\/\/www.medellin.gov.co\/es\/wp-content\/uploads\/2026\/04\/Declaraciones-de-la-directora-ejecutiva-de-la-ACI-Medellin-Cristina-Zambrano..mp3'>Declaraciones de la directora ejecutiva de la ACI Medell\u00edn, Cristina Zambrano.<\/a><\/li><li><a href='https:\/\/www.medellin.gov.co\/es\/wp-content\/uploads\/2026\/04\/Declaraciones-del-socio-de-la-firma-legal-JA-del-Rio-Manuel-Benitez..mp3'>Declaraciones del socio de la firma legal JA del R\u00edo, Manuel Ben\u00edtez.<\/a><\/li>\t<\/ol>\n\t<\/noscript>\n\t<script type=\"application\/json\" class=\"wp-playlist-script\">{\"type\":\"audio\",\"tracklist\":true,\"tracknumbers\":true,\"images\":true,\"artists\":true,\"tracks\":[{\"src\":\"https:\\\/\\\/www.medellin.gov.co\\\/es\\\/wp-content\\\/uploads\\\/2026\\\/04\\\/Declaraciones-de-la-directora-ejecutiva-de-la-ACI-Medellin-Cristina-Zambrano..mp3\",\"type\":\"audio\\\/mpeg\",\"title\":\"Declaraciones de la directora ejecutiva de la ACI Medell\\u00edn, Cristina Zambrano.\",\"caption\":\"\",\"description\":\"\\u00abDeclaraciones de la directora ejecutiva de la ACI Medell\\u00edn, Cristina Zambrano.\\u00bb.\",\"meta\":{\"length_formatted\":\"0:37\"},\"image\":{\"src\":\"https:\\\/\\\/www.medellin.gov.co\\\/es\\\/wp-includes\\\/images\\\/media\\\/audio.png\",\"width\":48,\"height\":64},\"thumb\":{\"src\":\"https:\\\/\\\/www.medellin.gov.co\\\/es\\\/wp-includes\\\/images\\\/media\\\/audio.png\",\"width\":48,\"height\":64}},{\"src\":\"https:\\\/\\\/www.medellin.gov.co\\\/es\\\/wp-content\\\/uploads\\\/2026\\\/04\\\/Declaraciones-del-socio-de-la-firma-legal-JA-del-Rio-Manuel-Benitez..mp3\",\"type\":\"audio\\\/mpeg\",\"title\":\"Declaraciones del socio de la firma legal JA del R\\u00edo, Manuel Ben\\u00edtez.\",\"caption\":\"\",\"description\":\"\\u00abDeclaraciones del socio de la firma legal JA del R\\u00edo, Manuel Ben\\u00edtez.\\u00bb.\",\"meta\":{\"length_formatted\":\"0:49\"},\"image\":{\"src\":\"https:\\\/\\\/www.medellin.gov.co\\\/es\\\/wp-includes\\\/images\\\/media\\\/audio.png\",\"width\":48,\"height\":64},\"thumb\":{\"src\":\"https:\\\/\\\/www.medellin.gov.co\\\/es\\\/wp-includes\\\/images\\\/media\\\/audio.png\",\"width\":48,\"height\":64}}]}<\/script>\n<\/div>\n\t\n<p>La Agencia de Cooperaci\u00f3n e Inversi\u00f3n de Medell\u00edn y el \u00c1rea Metropolitana (ACI Medell\u00edn) contin\u00faa consolidando la red de aliados empresariales MedConnectors, una estrategia que desde hace varios a\u00f1os articula a empresas del territorio para facilitar la llegada y el establecimiento de inversi\u00f3n extranjera en la ciudad.<\/p>\n<p>A trav\u00e9s de esta red, compa\u00f1\u00edas de distintos sectores ponen a disposici\u00f3n su experiencia y servicios para acompa\u00f1ar a inversionistas internacionales en procesos clave como asesor\u00eda legal, consultor\u00eda, talento humano, soluciones inmobiliarias, log\u00edstica y comunicaciones, entre otros. De esta manera, dicha red se constituye como un ecosistema que ofrece atenci\u00f3n integral, reduce barreras de entrada y fortalece la competitividad del territorio frente a otros destinos de inversi\u00f3n.<\/p>\n<p><img loading=\"lazy\" class=\"alignnone wp-image-514052 size-full\" title=\"Panor\u00e1mica Plaza de la Libertad\" src=\"https:\/\/www.medellin.gov.co\/es\/wp-content\/uploads\/2026\/04\/Imagen-red-de-aliados-para-atraer-inversion-extranjera-a-Medellin-1.jpeg\" alt=\"Imagen red de aliados para atraer inversi\u00f3n extranjera a Medell\u00edn (2)\" width=\"1024\" height=\"682\" srcset=\"https:\/\/www.medellin.gov.co\/es\/wp-content\/uploads\/2026\/04\/Imagen-red-de-aliados-para-atraer-inversion-extranjera-a-Medellin-1.jpeg 1024w, https:\/\/www.medellin.gov.co\/es\/wp-content\/uploads\/2026\/04\/Imagen-red-de-aliados-para-atraer-inversion-extranjera-a-Medellin-1-300x200.jpeg 300w, https:\/\/www.medellin.gov.co\/es\/wp-content\/uploads\/2026\/04\/Imagen-red-de-aliados-para-atraer-inversion-extranjera-a-Medellin-1-150x100.jpeg 150w, https:\/\/www.medellin.gov.co\/es\/wp-content\/uploads\/2026\/04\/Imagen-red-de-aliados-para-atraer-inversion-extranjera-a-Medellin-1-768x512.jpeg 768w\" sizes=\"(max-width: 1024px) 100vw, 1024px\" \/><\/p>\n<p><em>\u201cLa llegada de inversi\u00f3n extranjera no es un proceso que ocurre de manera aislada, requiere de un ecosistema articulado que acompa\u00f1e a las empresas en cada etapa. MedConnectors es precisamente eso: una red de aliados que, desde su experiencia y capacidad, contribuye a que Medell\u00edn y su \u00e1rea metropolitana sigan siendo un destino atractivo para invertir\u201d, <\/em>se\u00f1al\u00f3 Cristina Zambrano, directora ejecutiva de la ACI Medell\u00edn.<\/p>\n<p>Entre los principales beneficios de la red se destacan la generaci\u00f3n de sinergias entre empresas locales, el acceso a nuevas oportunidades de negocio, el fortalecimiento de capacidades para atender mercados internacionales y la posibilidad de hacer parte activa de la estrategia de atracci\u00f3n de inversi\u00f3n del territorio.<\/p>\n<p>En este contexto, la ACI Medell\u00edn realiz\u00f3 el <em>MedConnectors business day<\/em>, un espacio que reuni\u00f3 a m\u00e1s de 50 representantes de empresas aliadas y que permiti\u00f3 fortalecer la articulaci\u00f3n de la red, compartir experiencias y construir acciones conjuntas para seguir potenciando su impacto. En el marco de este encuentro, se present\u00f3 una actualizaci\u00f3n de la estrategia MedConnectors, orientada a consolidar su propuesta de valor y fortalecer su posicionamiento como red de aliados para la inversi\u00f3n.<\/p>\n<p><img loading=\"lazy\" class=\"alignnone wp-image-514051 size-large\" title=\" Red de aliados para atraer inversi\u00f3n extranjera a Medell\u00edn\" src=\"https:\/\/www.medellin.gov.co\/es\/wp-content\/uploads\/2026\/04\/Imagen-red-de-aliados-para-atraer-inversion-extranjera-a-Medellin-2-1024x576.jpeg\" alt=\"Imagen red de aliados para atraer inversi\u00f3n extranjera a Medell\u00edn (2)\" width=\"1024\" height=\"576\" srcset=\"https:\/\/www.medellin.gov.co\/es\/wp-content\/uploads\/2026\/04\/Imagen-red-de-aliados-para-atraer-inversion-extranjera-a-Medellin-2-1024x576.jpeg 1024w, https:\/\/www.medellin.gov.co\/es\/wp-content\/uploads\/2026\/04\/Imagen-red-de-aliados-para-atraer-inversion-extranjera-a-Medellin-2-300x169.jpeg 300w, https:\/\/www.medellin.gov.co\/es\/wp-content\/uploads\/2026\/04\/Imagen-red-de-aliados-para-atraer-inversion-extranjera-a-Medellin-2-150x84.jpeg 150w, https:\/\/www.medellin.gov.co\/es\/wp-content\/uploads\/2026\/04\/Imagen-red-de-aliados-para-atraer-inversion-extranjera-a-Medellin-2-768x432.jpeg 768w, https:\/\/www.medellin.gov.co\/es\/wp-content\/uploads\/2026\/04\/Imagen-red-de-aliados-para-atraer-inversion-extranjera-a-Medellin-2-1536x864.jpeg 1536w, https:\/\/www.medellin.gov.co\/es\/wp-content\/uploads\/2026\/04\/Imagen-red-de-aliados-para-atraer-inversion-extranjera-a-Medellin-2.jpeg 1600w\" sizes=\"(max-width: 1024px) 100vw, 1024px\" \/><\/p>\n<p><em>\u201cSomos una firma de origen mexicano que se instal\u00f3 en Medell\u00edn y actualmente hacemos parte de la red de aliados. Prestamos servicios contables, tributarios y de auditor\u00eda. Nuestra experiencia ha sido muy grata, ya que a trav\u00e9s de esta red de aliados no solo hemos podido tener contacto con clientes que quieren llegar a invertir en el territorio, sino tambi\u00e9n con firmas de abogados con las cuales hemos generado importantes sinergias para poder prestarles servicios de manera integral a toda esa inversi\u00f3n que quiere llegar al territorio\u201d, <\/em>manifest\u00f3 Manuel Ben\u00edtez, socio de la firma legal JA del R\u00edo.<\/p>\n<p>Con MedConnectors, la ACI Medell\u00edn reafirma su apuesta por fortalecer la articulaci\u00f3n p\u00fablico-privada y consolidar un entorno favorable para la inversi\u00f3n extranjera, generando oportunidades de desarrollo econ\u00f3mico y empleo en Medell\u00edn y el Valle de Aburr\u00e1.<\/p>\n","protected":false},"excerpt":{"rendered":"<p>Se trata de la estrategia MedConnectors, que tambi\u00e9n reduce barreras de entrada y fortalece la competitividad del territorio frente a otros destinos de inversi\u00f3n. Uno de los logros de la red es la articulaci\u00f3n p\u00fablico-privada &#8230;<\/p>\n","protected":false},"author":97,"featured_media":404907,"comment_status":"open","ping_status":"open","sticky":false,"template":"","format":"standard","meta":[],"categories":[747],"tags":[634],"formato_nota":[],"programas_tax":[],"acf":[],"_links":{"self":[{"href":"https:\/\/www.medellin.gov.co\/es\/wp-json\/wp\/v2\/posts\/514043"}],"collection":[{"href":"https:\/\/www.medellin.gov.co\/es\/wp-json\/wp\/v2\/posts"}],"about":[{"href":"https:\/\/www.medellin.gov.co\/es\/wp-json\/wp\/v2\/types\/post"}],"author":[{"embeddable":true,"href":"https:\/\/www.medellin.gov.co\/es\/wp-json\/wp\/v2\/users\/97"}],"replies":[{"embeddable":true,"href":"https:\/\/www.medellin.gov.co\/es\/wp-json\/wp\/v2\/comments?post=514043"}],"version-history":[{"count":1,"href":"https:\/\/www.medellin.gov.co\/es\/wp-json\/wp\/v2\/posts\/514043\/revisions"}],"predecessor-version":[{"id":514055,"href":"https:\/\/www.medellin.gov.co\/es\/wp-json\/wp\/v2\/posts\/514043\/revisions\/514055"}],"wp:featuredmedia":[{"embeddable":true,"href":"https:\/\/www.medellin.gov.co\/es\/wp-json\/wp\/v2\/media\/404907"}],"wp:attachment":[{"href":"https:\/\/www.medellin.gov.co\/es\/wp-json\/wp\/v2\/media?parent=514043"}],"wp:term":[{"taxonomy":"category","embeddable":true,"href":"https:\/\/www.medellin.gov.co\/es\/wp-json\/wp\/v2\/categories?post=514043"},{"taxonomy":"post_tag","embeddable":true,"href":"https:\/\/www.medellin.gov.co\/es\/wp-json\/wp\/v2\/tags?post=514043"},{"taxonomy":"formato_nota","embeddable":true,"href":"https:\/\/www.medellin.gov.co\/es\/wp-json\/wp\/v2\/formato_nota?post=514043"},{"taxonomy":"programas_tax","embeddable":true,"href":"https:\/\/www.medellin.gov.co\/es\/wp-json\/wp\/v2\/programas_tax?post=514043"}],"curies":[{"name":"wp","href":"https:\/\/api.w.org\/{rel}","templated":true}]}}