{"id":514058,"date":"2026-04-02T11:59:47","date_gmt":"2026-04-02T16:59:47","guid":{"rendered":"https:\/\/www.medellin.gov.co\/es\/?p=514058"},"modified":"2026-04-02T11:59:47","modified_gmt":"2026-04-02T16:59:47","slug":"en-temporada-de-lluvias-distrito-lleva-mensaje-de-prevencion-a-los-territorios-mas-vulnerables","status":"publish","type":"post","link":"https:\/\/www.medellin.gov.co\/es\/sala-de-prensa\/noticias\/en-temporada-de-lluvias-distrito-lleva-mensaje-de-prevencion-a-los-territorios-mas-vulnerables\/","title":{"rendered":"En temporada de lluvias, Distrito lleva mensaje de prevenci\u00f3n a los territorios m\u00e1s vulnerables"},"content":{"rendered":"<ul>\n<li>Durante las jornadas, se comparten recomendaciones: revisar el estado de las viviendas, no arrojar residuos a las quebradas y no bloquear el paso del agua.<\/li>\n<li>A trav\u00e9s del monitoreo satelital, el Distrito identifica cambios en territorio como movimientos de tierra y act\u00faa de forma preventiva para reducir riesgos.<\/li>\n<\/ul>\n<!--[if lt IE 9]><script>document.createElement('audio');<\/script><![endif]-->\n\t<div class=\"wp-playlist wp-audio-playlist wp-playlist-light\">\n\t\t\t<div class=\"wp-playlist-current-item\"><\/div>\n\t\t<audio controls=\"controls\" preload=\"none\" width=\"640\"\n\t\t\t><\/audio>\n\t<div class=\"wp-playlist-next\"><\/div>\n\t<div class=\"wp-playlist-prev\"><\/div>\n\t<noscript>\n\t<ol>\n\t\t<li><a href='https:\/\/www.medellin.gov.co\/es\/wp-content\/uploads\/2026\/04\/Declaraciones-del-secretario-de-Gestion-y-Control-Territorial-Juan-Manuel-Velasquez-Correa.mp3'>Declaraciones del secretario de Gesti\u00f3n y Control Territorial, Juan Manuel Vel\u00e1squez Correa<\/a><\/li>\t<\/ol>\n\t<\/noscript>\n\t<script type=\"application\/json\" class=\"wp-playlist-script\">{\"type\":\"audio\",\"tracklist\":true,\"tracknumbers\":true,\"images\":true,\"artists\":true,\"tracks\":[{\"src\":\"https:\\\/\\\/www.medellin.gov.co\\\/es\\\/wp-content\\\/uploads\\\/2026\\\/04\\\/Declaraciones-del-secretario-de-Gestion-y-Control-Territorial-Juan-Manuel-Velasquez-Correa.mp3\",\"type\":\"audio\\\/mpeg\",\"title\":\"Declaraciones del secretario de Gesti\\u00f3n y Control Territorial, Juan Manuel Vel\\u00e1squez Correa\",\"caption\":\"\",\"description\":\"\\u00abDeclaraciones del secretario de Gesti\\u00f3n y Control Territorial, Juan Manuel Vel\\u00e1squez Correa\\u00bb.\",\"meta\":{\"length_formatted\":\"0:48\"},\"image\":{\"src\":\"https:\\\/\\\/www.medellin.gov.co\\\/es\\\/wp-includes\\\/images\\\/media\\\/audio.png\",\"width\":48,\"height\":64},\"thumb\":{\"src\":\"https:\\\/\\\/www.medellin.gov.co\\\/es\\\/wp-includes\\\/images\\\/media\\\/audio.png\",\"width\":48,\"height\":64}}]}<\/script>\n<\/div>\n\t\n<p>Ante el inicio de la primera temporada de lluvias del a\u00f1o, el Distrito de Medell\u00edn intensific\u00f3 los recorridos de sensibilizaci\u00f3n en diferentes comunas y corregimientos para prevenir emergencias asociadas a construcciones ilegales. En la ciudad se tienen identificados 65 puntos cr\u00edticos, es decir, zonas donde se presentan intervenciones como movimientos de tierra sin autorizaci\u00f3n, construcciones en laderas inestables o afectaciones a quebradas, situaciones que pueden derivar en deslizamientos, inundaciones o colapsos estructurales.<\/p>\n<p>Estas acciones, lideradas por el componente Construye Bien, adscrito a la Secretar\u00eda de Gesti\u00f3n y Control Territorial, se concentran en comunas con mayor presi\u00f3n por ocupaci\u00f3n irregular del territorio, como Manrique, Robledo y zonas de ladera en San Javier y Doce de Octubre. En estos lugares, intervenir el terreno sin control o construir en zonas no aptas incrementa significativamente el riesgo, especialmente en temporada de lluvias.<\/p>\n\n\t\t<style type=\"text\/css\">\n\t\t\t#gallery-1 {\n\t\t\t\tmargin: auto;\n\t\t\t}\n\t\t\t#gallery-1 .gallery-item {\n\t\t\t\tfloat: left;\n\t\t\t\tmargin-top: 10px;\n\t\t\t\ttext-align: center;\n\t\t\t\twidth: 50%;\n\t\t\t}\n\t\t\t#gallery-1 img {\n\t\t\t\tborder: 2px solid #cfcfcf;\n\t\t\t}\n\t\t\t#gallery-1 .gallery-caption {\n\t\t\t\tmargin-left: 0;\n\t\t\t}\n\t\t\t\/* see gallery_shortcode() in wp-includes\/media.php *\/\n\t\t<\/style>\n\t\t<div id='gallery-1' class='gallery galleryid-514058 gallery-columns-2 gallery-size-full'><dl class='gallery-item'>\n\t\t\t<dt class='gallery-icon landscape'>\n\t\t\t\t<a href='https:\/\/www.medellin.gov.co\/es\/sala-de-prensa\/noticias\/en-temporada-de-lluvias-distrito-lleva-mensaje-de-prevencion-a-los-territorios-mas-vulnerables\/imagen-temporada-de-lluvias-distrito-lleva-mensaje-de-prevencion-a-los-territorios-mas-vulnerables-1\/'><img width=\"960\" height=\"720\" src=\"https:\/\/www.medellin.gov.co\/es\/wp-content\/uploads\/2026\/04\/Imagen-temporada-de-lluvias-Distrito-lleva-mensaje-de-prevencion-a-los-territorios-mas-vulnerables-1.jpg\" class=\"attachment-full size-full\" alt=\"Imagen temporada de lluvias, Distrito lleva mensaje de prevenci\u00f3n a los territorios m\u00e1s vulnerables (1)\" loading=\"lazy\" srcset=\"https:\/\/www.medellin.gov.co\/es\/wp-content\/uploads\/2026\/04\/Imagen-temporada-de-lluvias-Distrito-lleva-mensaje-de-prevencion-a-los-territorios-mas-vulnerables-1.jpg 960w, https:\/\/www.medellin.gov.co\/es\/wp-content\/uploads\/2026\/04\/Imagen-temporada-de-lluvias-Distrito-lleva-mensaje-de-prevencion-a-los-territorios-mas-vulnerables-1-300x225.jpg 300w, https:\/\/www.medellin.gov.co\/es\/wp-content\/uploads\/2026\/04\/Imagen-temporada-de-lluvias-Distrito-lleva-mensaje-de-prevencion-a-los-territorios-mas-vulnerables-1-150x113.jpg 150w, https:\/\/www.medellin.gov.co\/es\/wp-content\/uploads\/2026\/04\/Imagen-temporada-de-lluvias-Distrito-lleva-mensaje-de-prevencion-a-los-territorios-mas-vulnerables-1-768x576.jpg 768w\" sizes=\"(max-width: 960px) 100vw, 960px\" \/><\/a>\n\t\t\t<\/dt><\/dl><dl class='gallery-item'>\n\t\t\t<dt class='gallery-icon landscape'>\n\t\t\t\t<a href='https:\/\/www.medellin.gov.co\/es\/sala-de-prensa\/noticias\/en-temporada-de-lluvias-distrito-lleva-mensaje-de-prevencion-a-los-territorios-mas-vulnerables\/imagen-temporada-de-lluvias-distrito-lleva-mensaje-de-prevencion-a-los-territorios-mas-vulnerables-2\/'><img width=\"960\" height=\"720\" src=\"https:\/\/www.medellin.gov.co\/es\/wp-content\/uploads\/2026\/04\/Imagen-temporada-de-lluvias-Distrito-lleva-mensaje-de-prevencion-a-los-territorios-mas-vulnerables-2.jpg\" class=\"attachment-full size-full\" alt=\"Imagen temporada de lluvias, Distrito lleva mensaje de prevenci\u00f3n a los territorios m\u00e1s vulnerables (1)\" loading=\"lazy\" srcset=\"https:\/\/www.medellin.gov.co\/es\/wp-content\/uploads\/2026\/04\/Imagen-temporada-de-lluvias-Distrito-lleva-mensaje-de-prevencion-a-los-territorios-mas-vulnerables-2.jpg 960w, https:\/\/www.medellin.gov.co\/es\/wp-content\/uploads\/2026\/04\/Imagen-temporada-de-lluvias-Distrito-lleva-mensaje-de-prevencion-a-los-territorios-mas-vulnerables-2-300x225.jpg 300w, https:\/\/www.medellin.gov.co\/es\/wp-content\/uploads\/2026\/04\/Imagen-temporada-de-lluvias-Distrito-lleva-mensaje-de-prevencion-a-los-territorios-mas-vulnerables-2-150x113.jpg 150w, https:\/\/www.medellin.gov.co\/es\/wp-content\/uploads\/2026\/04\/Imagen-temporada-de-lluvias-Distrito-lleva-mensaje-de-prevencion-a-los-territorios-mas-vulnerables-2-768x576.jpg 768w\" sizes=\"(max-width: 960px) 100vw, 960px\" \/><\/a>\n\t\t\t<\/dt><\/dl><br style=\"clear: both\" \/>\n\t\t<\/div>\n\n<p><em>\u201cCuando hablamos de legalidad en la construcci\u00f3n, hablamos de evitar emergencias. Muchas situaciones de riesgo en la ciudad est\u00e1n relacionadas con intervenciones sin control o en zonas no aptas. Por eso llegamos a los territorios a explicar qu\u00e9 est\u00e1 permitido y c\u00f3mo hacer las cosas bien. Hemos priorizado sectores como Manrique, donde se sensibilizaron 37 personas, y el Doce de Octubre, Robledo y San Javier, con 21 personas en cada una. Esto nos permite enfocar las acciones donde m\u00e1s se requiere y acompa\u00f1ar a la comunidad con informaci\u00f3n clara para tomar decisiones informadas. Construir bien es una forma de cuidar la vida y <\/em><em>el territorio\u201d<\/em>, se\u00f1al\u00f3 el secretario de Gesti\u00f3n y Control Territorial, Juan Manuel Vel\u00e1squez Correa.<\/p>\n<p>En total, 123 personas han participado en estos recorridos de sensibilizaci\u00f3n, donde adem\u00e1s de recibir orientaci\u00f3n, identifican riesgos en su entorno y conocen cu\u00e1ndo acudir a las autoridades antes de intervenir un predio. Durante estos espacios se entregan recomendaciones como evitar excavaciones sin autorizaci\u00f3n, no intervenir quebradas, prevenir la acumulaci\u00f3n de residuos y estar atentos a se\u00f1ales de alerta como grietas, inclinaciones o filtraciones. Estas acciones se complementan con el monitoreo satelital del territorio, una herramienta de la Subsecretar\u00eda de Control Urban\u00edstico que permite detectar cambios en el suelo, nuevas construcciones o intervenciones no autorizadas, priorizar zonas y actuar de manera preventiva.<\/p>\n\n\t\t<style type=\"text\/css\">\n\t\t\t#gallery-2 {\n\t\t\t\tmargin: auto;\n\t\t\t}\n\t\t\t#gallery-2 .gallery-item {\n\t\t\t\tfloat: left;\n\t\t\t\tmargin-top: 10px;\n\t\t\t\ttext-align: center;\n\t\t\t\twidth: 50%;\n\t\t\t}\n\t\t\t#gallery-2 img {\n\t\t\t\tborder: 2px solid #cfcfcf;\n\t\t\t}\n\t\t\t#gallery-2 .gallery-caption {\n\t\t\t\tmargin-left: 0;\n\t\t\t}\n\t\t\t\/* see gallery_shortcode() in wp-includes\/media.php *\/\n\t\t<\/style>\n\t\t<div id='gallery-2' class='gallery galleryid-514058 gallery-columns-2 gallery-size-full'><dl class='gallery-item'>\n\t\t\t<dt class='gallery-icon landscape'>\n\t\t\t\t<a href='https:\/\/www.medellin.gov.co\/es\/sala-de-prensa\/noticias\/en-temporada-de-lluvias-distrito-lleva-mensaje-de-prevencion-a-los-territorios-mas-vulnerables\/imagen-temporada-de-lluvias-distrito-lleva-mensaje-de-prevencion-a-los-territorios-mas-vulnerables-3\/'><img width=\"960\" height=\"720\" src=\"https:\/\/www.medellin.gov.co\/es\/wp-content\/uploads\/2026\/04\/Imagen-temporada-de-lluvias-Distrito-lleva-mensaje-de-prevencion-a-los-territorios-mas-vulnerables-3.jpg\" class=\"attachment-full size-full\" alt=\"Imagen temporada de lluvias, Distrito lleva mensaje de prevenci\u00f3n a los territorios m\u00e1s vulnerables (1)\" loading=\"lazy\" srcset=\"https:\/\/www.medellin.gov.co\/es\/wp-content\/uploads\/2026\/04\/Imagen-temporada-de-lluvias-Distrito-lleva-mensaje-de-prevencion-a-los-territorios-mas-vulnerables-3.jpg 960w, https:\/\/www.medellin.gov.co\/es\/wp-content\/uploads\/2026\/04\/Imagen-temporada-de-lluvias-Distrito-lleva-mensaje-de-prevencion-a-los-territorios-mas-vulnerables-3-300x225.jpg 300w, https:\/\/www.medellin.gov.co\/es\/wp-content\/uploads\/2026\/04\/Imagen-temporada-de-lluvias-Distrito-lleva-mensaje-de-prevencion-a-los-territorios-mas-vulnerables-3-150x113.jpg 150w, https:\/\/www.medellin.gov.co\/es\/wp-content\/uploads\/2026\/04\/Imagen-temporada-de-lluvias-Distrito-lleva-mensaje-de-prevencion-a-los-territorios-mas-vulnerables-3-768x576.jpg 768w\" sizes=\"(max-width: 960px) 100vw, 960px\" \/><\/a>\n\t\t\t<\/dt><\/dl><dl class='gallery-item'>\n\t\t\t<dt class='gallery-icon landscape'>\n\t\t\t\t<a href='https:\/\/www.medellin.gov.co\/es\/sala-de-prensa\/noticias\/en-temporada-de-lluvias-distrito-lleva-mensaje-de-prevencion-a-los-territorios-mas-vulnerables\/imagen-temporada-de-lluvias-distrito-lleva-mensaje-de-prevencion-a-los-territorios-mas-vulnerables-4\/'><img width=\"960\" height=\"720\" src=\"https:\/\/www.medellin.gov.co\/es\/wp-content\/uploads\/2026\/04\/Imagen-temporada-de-lluvias-Distrito-lleva-mensaje-de-prevencion-a-los-territorios-mas-vulnerables-4.jpg\" class=\"attachment-full size-full\" alt=\"Imagen temporada de lluvias, Distrito lleva mensaje de prevenci\u00f3n a los territorios m\u00e1s vulnerables (1)\" loading=\"lazy\" srcset=\"https:\/\/www.medellin.gov.co\/es\/wp-content\/uploads\/2026\/04\/Imagen-temporada-de-lluvias-Distrito-lleva-mensaje-de-prevencion-a-los-territorios-mas-vulnerables-4.jpg 960w, https:\/\/www.medellin.gov.co\/es\/wp-content\/uploads\/2026\/04\/Imagen-temporada-de-lluvias-Distrito-lleva-mensaje-de-prevencion-a-los-territorios-mas-vulnerables-4-300x225.jpg 300w, https:\/\/www.medellin.gov.co\/es\/wp-content\/uploads\/2026\/04\/Imagen-temporada-de-lluvias-Distrito-lleva-mensaje-de-prevencion-a-los-territorios-mas-vulnerables-4-150x113.jpg 150w, https:\/\/www.medellin.gov.co\/es\/wp-content\/uploads\/2026\/04\/Imagen-temporada-de-lluvias-Distrito-lleva-mensaje-de-prevencion-a-los-territorios-mas-vulnerables-4-768x576.jpg 768w\" sizes=\"(max-width: 960px) 100vw, 960px\" \/><\/a>\n\t\t\t<\/dt><\/dl><br style=\"clear: both\" \/>\n\t\t<\/div>\n\n<p>La Alcald\u00eda de Medell\u00edn continuar\u00e1 con estas intervenciones en toda la ciudad, priorizando las zonas m\u00e1s vulnerables y fortaleciendo la cultura de la legalidad como una herramienta para reducir riesgos. La ciudadan\u00eda tambi\u00e9n cumple un papel clave: ante cualquier situaci\u00f3n que represente peligro, puede reportar a la l\u00ednea 123 o a trav\u00e9s del DAGRD para activar una respuesta oportuna.<\/p>\n","protected":false},"excerpt":{"rendered":"<p>Durante las jornadas, se comparten recomendaciones: revisar el estado de las viviendas, no arrojar residuos a las quebradas y no bloquear el paso del agua. A trav\u00e9s del monitoreo satelital, el Distrito identifica cambios en &#8230;<\/p>\n","protected":false},"author":97,"featured_media":514070,"comment_status":"open","ping_status":"open","sticky":false,"template":"","format":"standard","meta":[],"categories":[7],"tags":[437,451],"formato_nota":[],"programas_tax":[],"acf":[],"_links":{"self":[{"href":"https:\/\/www.medellin.gov.co\/es\/wp-json\/wp\/v2\/posts\/514058"}],"collection":[{"href":"https:\/\/www.medellin.gov.co\/es\/wp-json\/wp\/v2\/posts"}],"about":[{"href":"https:\/\/www.medellin.gov.co\/es\/wp-json\/wp\/v2\/types\/post"}],"author":[{"embeddable":true,"href":"https:\/\/www.medellin.gov.co\/es\/wp-json\/wp\/v2\/users\/97"}],"replies":[{"embeddable":true,"href":"https:\/\/www.medellin.gov.co\/es\/wp-json\/wp\/v2\/comments?post=514058"}],"version-history":[{"count":1,"href":"https:\/\/www.medellin.gov.co\/es\/wp-json\/wp\/v2\/posts\/514058\/revisions"}],"predecessor-version":[{"id":514073,"href":"https:\/\/www.medellin.gov.co\/es\/wp-json\/wp\/v2\/posts\/514058\/revisions\/514073"}],"wp:featuredmedia":[{"embeddable":true,"href":"https:\/\/www.medellin.gov.co\/es\/wp-json\/wp\/v2\/media\/514070"}],"wp:attachment":[{"href":"https:\/\/www.medellin.gov.co\/es\/wp-json\/wp\/v2\/media?parent=514058"}],"wp:term":[{"taxonomy":"category","embeddable":true,"href":"https:\/\/www.medellin.gov.co\/es\/wp-json\/wp\/v2\/categories?post=514058"},{"taxonomy":"post_tag","embeddable":true,"href":"https:\/\/www.medellin.gov.co\/es\/wp-json\/wp\/v2\/tags?post=514058"},{"taxonomy":"formato_nota","embeddable":true,"href":"https:\/\/www.medellin.gov.co\/es\/wp-json\/wp\/v2\/formato_nota?post=514058"},{"taxonomy":"programas_tax","embeddable":true,"href":"https:\/\/www.medellin.gov.co\/es\/wp-json\/wp\/v2\/programas_tax?post=514058"}],"curies":[{"name":"wp","href":"https:\/\/api.w.org\/{rel}","templated":true}]}}