{"id":514170,"date":"2026-04-04T12:36:14","date_gmt":"2026-04-04T17:36:14","guid":{"rendered":"https:\/\/www.medellin.gov.co\/es\/?p=514170"},"modified":"2026-04-04T12:36:14","modified_gmt":"2026-04-04T17:36:14","slug":"alcaldia-de-medellin-sigue-atendiendo-la-emergencia-por-lluvias-en-manrique-que-dejo-un-nino-fallecido-28-casas-afectadas-y-11-familias-evacuadas","status":"publish","type":"post","link":"https:\/\/www.medellin.gov.co\/es\/sala-de-prensa\/noticias\/alcaldia-de-medellin-sigue-atendiendo-la-emergencia-por-lluvias-en-manrique-que-dejo-un-nino-fallecido-28-casas-afectadas-y-11-familias-evacuadas\/","title":{"rendered":"Alcald\u00eda de Medell\u00edn sigue atendiendo la emergencia por lluvias en Manrique, que dej\u00f3 un ni\u00f1o fallecido, 28 casas afectadas y 11 familias evacuadas"},"content":{"rendered":"<ul>\n<li>Equipos t\u00e9cnicos y sociales de la Administraci\u00f3n Distrital est\u00e1n en las zonas afectadas, cumpliendo labores de remoci\u00f3n de residuos y acompa\u00f1amiento a las familias.<\/li>\n<li>Hasta el momento, se han evacuado dos volquetas llenas de material de las quebradas y se avanza en la caracterizaci\u00f3n de personas afectadas.<\/li>\n<\/ul>\n<!--[if lt IE 9]><script>document.createElement('audio');<\/script><![endif]-->\n\t<div class=\"wp-playlist wp-audio-playlist wp-playlist-light\">\n\t\t\t<div class=\"wp-playlist-current-item\"><\/div>\n\t\t<audio controls=\"controls\" preload=\"none\" width=\"640\"\n\t\t\t><\/audio>\n\t<div class=\"wp-playlist-next\"><\/div>\n\t<div class=\"wp-playlist-prev\"><\/div>\n\t<noscript>\n\t<ol>\n\t\t<li><a href='https:\/\/www.medellin.gov.co\/es\/wp-content\/uploads\/2026\/04\/Declaraciones-de-la-secretaria-de-Medio-Ambiente-Marcela-Ruiz.mp3'>Declaraciones de la secretaria de Medio Ambiente, Marcela Ruiz<\/a><\/li><li><a href='https:\/\/www.medellin.gov.co\/es\/wp-content\/uploads\/2026\/04\/Declaraciones-del-secretario-de-Paz-y-Derechos-Humanos-Carlos-Arcila.mp3'>Declaraciones del secretario de Paz y Derechos Humanos, Carlos Arcila<\/a><\/li>\t<\/ol>\n\t<\/noscript>\n\t<script type=\"application\/json\" class=\"wp-playlist-script\">{\"type\":\"audio\",\"tracklist\":true,\"tracknumbers\":true,\"images\":true,\"artists\":true,\"tracks\":[{\"src\":\"https:\\\/\\\/www.medellin.gov.co\\\/es\\\/wp-content\\\/uploads\\\/2026\\\/04\\\/Declaraciones-de-la-secretaria-de-Medio-Ambiente-Marcela-Ruiz.mp3\",\"type\":\"audio\\\/mpeg\",\"title\":\"Declaraciones de la secretaria de Medio Ambiente, Marcela Ruiz\",\"caption\":\"\",\"description\":\"\\u00abDeclaraciones de la secretaria de Medio Ambiente, Marcela Ruiz\\u00bb.\",\"meta\":{\"length_formatted\":\"2:43\"},\"image\":{\"src\":\"https:\\\/\\\/www.medellin.gov.co\\\/es\\\/wp-includes\\\/images\\\/media\\\/audio.png\",\"width\":48,\"height\":64},\"thumb\":{\"src\":\"https:\\\/\\\/www.medellin.gov.co\\\/es\\\/wp-includes\\\/images\\\/media\\\/audio.png\",\"width\":48,\"height\":64}},{\"src\":\"https:\\\/\\\/www.medellin.gov.co\\\/es\\\/wp-content\\\/uploads\\\/2026\\\/04\\\/Declaraciones-del-secretario-de-Paz-y-Derechos-Humanos-Carlos-Arcila.mp3\",\"type\":\"audio\\\/mpeg\",\"title\":\"Declaraciones del secretario de Paz y Derechos Humanos, Carlos Arcila\",\"caption\":\"\",\"description\":\"\\u00abDeclaraciones del secretario de Paz y Derechos Humanos, Carlos Arcila\\u00bb.\",\"meta\":{\"length_formatted\":\"1:50\"},\"image\":{\"src\":\"https:\\\/\\\/www.medellin.gov.co\\\/es\\\/wp-includes\\\/images\\\/media\\\/audio.png\",\"width\":48,\"height\":64},\"thumb\":{\"src\":\"https:\\\/\\\/www.medellin.gov.co\\\/es\\\/wp-includes\\\/images\\\/media\\\/audio.png\",\"width\":48,\"height\":64}}]}<\/script>\n<\/div>\n\t\n<p>La Alcald\u00eda de Medell\u00edn mantiene la atenci\u00f3n ante los dos eventos de inundaci\u00f3n ocurridos este 3 de abril, asociados al desbordamiento de quebradas en los barrios Las Granjas, Oriente y El Jard\u00edn. A trav\u00e9s del Departamento Administrativo de Gesti\u00f3n del Riesgo de Desastres (DAGRD), el Cuerpo Oficial de Bomberos Medell\u00edn y los equipos t\u00e9cnico y social, se adelantan labores en las zonas afectadas.<\/p>\n<p>Como consecuencia de esta emergencia, se reporta el fallecimiento de un ni\u00f1o de 5 a\u00f1os, un hecho doloroso ante el cual el Distrito expresa su solidaridad con la familia y mantiene acompa\u00f1amiento integral a trav\u00e9s de equipos sociales. El evento de mayor complejidad se registr\u00f3 por el desbordamiento de la quebrada La Mansi\u00f3n, ocasionado por la obstrucci\u00f3n parcial de su cauce, lo que provoc\u00f3 el ingreso de agua a viviendas con niveles superiores a un metro y gener\u00f3 el colapso de muros en tres casas, afectaciones estructurales parciales en otras cuatro y da\u00f1os por inundaci\u00f3n en al menos 17 m\u00e1s.<\/p>\n\n\t\t<style type=\"text\/css\">\n\t\t\t#gallery-1 {\n\t\t\t\tmargin: auto;\n\t\t\t}\n\t\t\t#gallery-1 .gallery-item {\n\t\t\t\tfloat: left;\n\t\t\t\tmargin-top: 10px;\n\t\t\t\ttext-align: center;\n\t\t\t\twidth: 50%;\n\t\t\t}\n\t\t\t#gallery-1 img {\n\t\t\t\tborder: 2px solid #cfcfcf;\n\t\t\t}\n\t\t\t#gallery-1 .gallery-caption {\n\t\t\t\tmargin-left: 0;\n\t\t\t}\n\t\t\t\/* see gallery_shortcode() in wp-includes\/media.php *\/\n\t\t<\/style>\n\t\t<div id='gallery-1' class='gallery galleryid-514170 gallery-columns-2 gallery-size-full'><dl class='gallery-item'>\n\t\t\t<dt class='gallery-icon landscape'>\n\t\t\t\t<a href='https:\/\/www.medellin.gov.co\/es\/sala-de-prensa\/noticias\/alcaldia-de-medellin-sigue-atendiendo-la-emergencia-por-lluvias-en-manrique-que-dejo-un-nino-fallecido-28-casas-afectadas-y-11-familias-evacuadas\/imagen-emergencia-por-lluvias-en-manrique-7\/'><img width=\"1280\" height=\"720\" src=\"https:\/\/www.medellin.gov.co\/es\/wp-content\/uploads\/2026\/04\/Imagen-emergencia-por-lluvias-en-Manrique-7.jpg\" class=\"attachment-full size-full\" alt=\"Imagen emergencia por lluvias en Manrique (1)\" loading=\"lazy\" srcset=\"https:\/\/www.medellin.gov.co\/es\/wp-content\/uploads\/2026\/04\/Imagen-emergencia-por-lluvias-en-Manrique-7.jpg 1280w, https:\/\/www.medellin.gov.co\/es\/wp-content\/uploads\/2026\/04\/Imagen-emergencia-por-lluvias-en-Manrique-7-300x169.jpg 300w, https:\/\/www.medellin.gov.co\/es\/wp-content\/uploads\/2026\/04\/Imagen-emergencia-por-lluvias-en-Manrique-7-1024x576.jpg 1024w, https:\/\/www.medellin.gov.co\/es\/wp-content\/uploads\/2026\/04\/Imagen-emergencia-por-lluvias-en-Manrique-7-150x84.jpg 150w, https:\/\/www.medellin.gov.co\/es\/wp-content\/uploads\/2026\/04\/Imagen-emergencia-por-lluvias-en-Manrique-7-768x432.jpg 768w\" sizes=\"(max-width: 1280px) 100vw, 1280px\" \/><\/a>\n\t\t\t<\/dt><\/dl><dl class='gallery-item'>\n\t\t\t<dt class='gallery-icon landscape'>\n\t\t\t\t<a href='https:\/\/www.medellin.gov.co\/es\/sala-de-prensa\/noticias\/alcaldia-de-medellin-sigue-atendiendo-la-emergencia-por-lluvias-en-manrique-que-dejo-un-nino-fallecido-28-casas-afectadas-y-11-familias-evacuadas\/imagen-emergencia-por-lluvias-en-manrique-5\/'><img width=\"1280\" height=\"720\" src=\"https:\/\/www.medellin.gov.co\/es\/wp-content\/uploads\/2026\/04\/Imagen-emergencia-por-lluvias-en-Manrique-5.jpg\" class=\"attachment-full size-full\" alt=\"Imagen emergencia por lluvias en Manrique (1)\" loading=\"lazy\" srcset=\"https:\/\/www.medellin.gov.co\/es\/wp-content\/uploads\/2026\/04\/Imagen-emergencia-por-lluvias-en-Manrique-5.jpg 1280w, https:\/\/www.medellin.gov.co\/es\/wp-content\/uploads\/2026\/04\/Imagen-emergencia-por-lluvias-en-Manrique-5-300x169.jpg 300w, https:\/\/www.medellin.gov.co\/es\/wp-content\/uploads\/2026\/04\/Imagen-emergencia-por-lluvias-en-Manrique-5-1024x576.jpg 1024w, https:\/\/www.medellin.gov.co\/es\/wp-content\/uploads\/2026\/04\/Imagen-emergencia-por-lluvias-en-Manrique-5-150x84.jpg 150w, https:\/\/www.medellin.gov.co\/es\/wp-content\/uploads\/2026\/04\/Imagen-emergencia-por-lluvias-en-Manrique-5-768x432.jpg 768w\" sizes=\"(max-width: 1280px) 100vw, 1280px\" \/><\/a>\n\t\t\t<\/dt><\/dl><br style=\"clear: both\" \/>\n\t\t<\/div>\n\n<p>En un segundo punto, la obstrucci\u00f3n de la red hidr\u00e1ulica de la quebrada La Mansi\u00f3n, conectada con la quebrada La M\u00e1quina 1, gener\u00f3 fallas en la estructura hidr\u00e1ulica y da\u00f1os en la infraestructura vial. Posteriormente, el arrastre de sedimento, lodo y escombros impact\u00f3 aproximadamente siete cuadras, lo cual afect\u00f3 viviendas, la v\u00eda p\u00fablica, la cancha del sector y la Instituci\u00f3n Educativa Rep\u00fablica de Barbados, sin evidenciarse da\u00f1os estructurales en esta \u00faltima.<\/p>\n<p>De igual forma, se registraron afectaciones adicionales en la v\u00eda p\u00fablica por el desbordamiento de la quebrada La Mansi\u00f3n (La M\u00e1quina), donde el Distrito tiene proyectadas obras de mitigaci\u00f3n en el marco del programa \u201cMi R\u00edo, Mis Quebradas\u201d, cuya ejecuci\u00f3n est\u00e1 prevista para este a\u00f1o.<\/p>\n\n\t\t<style type=\"text\/css\">\n\t\t\t#gallery-2 {\n\t\t\t\tmargin: auto;\n\t\t\t}\n\t\t\t#gallery-2 .gallery-item {\n\t\t\t\tfloat: left;\n\t\t\t\tmargin-top: 10px;\n\t\t\t\ttext-align: center;\n\t\t\t\twidth: 50%;\n\t\t\t}\n\t\t\t#gallery-2 img {\n\t\t\t\tborder: 2px solid #cfcfcf;\n\t\t\t}\n\t\t\t#gallery-2 .gallery-caption {\n\t\t\t\tmargin-left: 0;\n\t\t\t}\n\t\t\t\/* see gallery_shortcode() in wp-includes\/media.php *\/\n\t\t<\/style>\n\t\t<div id='gallery-2' class='gallery galleryid-514170 gallery-columns-2 gallery-size-full'><dl class='gallery-item'>\n\t\t\t<dt class='gallery-icon landscape'>\n\t\t\t\t<a href='https:\/\/www.medellin.gov.co\/es\/sala-de-prensa\/noticias\/alcaldia-de-medellin-sigue-atendiendo-la-emergencia-por-lluvias-en-manrique-que-dejo-un-nino-fallecido-28-casas-afectadas-y-11-familias-evacuadas\/imagen-emergencia-por-lluvias-en-manrique-6\/'><img width=\"960\" height=\"720\" src=\"https:\/\/www.medellin.gov.co\/es\/wp-content\/uploads\/2026\/04\/Imagen-emergencia-por-lluvias-en-Manrique-6.jpg\" class=\"attachment-full size-full\" alt=\"Imagen emergencia por lluvias en Manrique (1)\" loading=\"lazy\" srcset=\"https:\/\/www.medellin.gov.co\/es\/wp-content\/uploads\/2026\/04\/Imagen-emergencia-por-lluvias-en-Manrique-6.jpg 960w, https:\/\/www.medellin.gov.co\/es\/wp-content\/uploads\/2026\/04\/Imagen-emergencia-por-lluvias-en-Manrique-6-300x225.jpg 300w, https:\/\/www.medellin.gov.co\/es\/wp-content\/uploads\/2026\/04\/Imagen-emergencia-por-lluvias-en-Manrique-6-150x113.jpg 150w, https:\/\/www.medellin.gov.co\/es\/wp-content\/uploads\/2026\/04\/Imagen-emergencia-por-lluvias-en-Manrique-6-768x576.jpg 768w\" sizes=\"(max-width: 960px) 100vw, 960px\" \/><\/a>\n\t\t\t<\/dt><\/dl><dl class='gallery-item'>\n\t\t\t<dt class='gallery-icon landscape'>\n\t\t\t\t<a href='https:\/\/www.medellin.gov.co\/es\/sala-de-prensa\/noticias\/alcaldia-de-medellin-sigue-atendiendo-la-emergencia-por-lluvias-en-manrique-que-dejo-un-nino-fallecido-28-casas-afectadas-y-11-familias-evacuadas\/imagen-emergencia-por-lluvias-en-manrique-8\/'><img width=\"960\" height=\"720\" src=\"https:\/\/www.medellin.gov.co\/es\/wp-content\/uploads\/2026\/04\/Imagen-emergencia-por-lluvias-en-Manrique-8.jpg\" class=\"attachment-full size-full\" alt=\"Imagen emergencia por lluvias en Manrique (1)\" loading=\"lazy\" srcset=\"https:\/\/www.medellin.gov.co\/es\/wp-content\/uploads\/2026\/04\/Imagen-emergencia-por-lluvias-en-Manrique-8.jpg 960w, https:\/\/www.medellin.gov.co\/es\/wp-content\/uploads\/2026\/04\/Imagen-emergencia-por-lluvias-en-Manrique-8-300x225.jpg 300w, https:\/\/www.medellin.gov.co\/es\/wp-content\/uploads\/2026\/04\/Imagen-emergencia-por-lluvias-en-Manrique-8-150x113.jpg 150w, https:\/\/www.medellin.gov.co\/es\/wp-content\/uploads\/2026\/04\/Imagen-emergencia-por-lluvias-en-Manrique-8-768x576.jpg 768w\" sizes=\"(max-width: 960px) 100vw, 960px\" \/><\/a>\n\t\t\t<\/dt><\/dl><br style=\"clear: both\" \/>\n\t\t<\/div>\n\n<p><em>\u201cHoy estamos en la fase de recuperaci\u00f3n. Lamentamos much\u00edsimo el fallecimiento del ni\u00f1o, producto del colapso de una estructura de una de las viviendas. Ya identificamos 28 viviendas que tienen afectaciones, ya hay 11 familias evacuadas y estamos aqu\u00ed retirando, en distintos puntos de la quebrada, los residuos que quedaron acumulados, los escombros y el lodo. Y estamos atendiendo tambi\u00e9n, aguas abajo, la infraestructura hidr\u00e1ulica que fue deteriorada como respuesta a la situaci\u00f3n de la creciente de la quebrada La M\u00e1quina\u201d<\/em>, se\u00f1al\u00f3 la secretaria de Medio Ambiente, Marcela Ruiz.<\/p>\n<p>Desde el componente social, el Distrito ha atendido a 17 familias, correspondientes a 62 personas, incluyendo poblaci\u00f3n vulnerable como adultos mayores y ni\u00f1as, ni\u00f1os y adolescentes, a quienes se les ha brindado acompa\u00f1amiento psicosocial, caracterizaci\u00f3n y entrega de ayudas humanitarias.<\/p>\n<p><em>\u201cEstamos caracterizando a las familias, cu\u00e1les son v\u00edctimas del conflicto armado que est\u00e1n desplazadas y que est\u00e1n en esta situaci\u00f3n, para brindarles toda la ayuda humanitaria desde el enfoque de v\u00edctimas. Tambi\u00e9n estamos acompa\u00f1ando a la familia del ni\u00f1o, que es un dolor de toda la ciudad\u201d, <\/em>sostuvo el secretario de Paz y Derechos Humanos, Carlos Arcila.<\/p>\n\n\t\t<style type=\"text\/css\">\n\t\t\t#gallery-3 {\n\t\t\t\tmargin: auto;\n\t\t\t}\n\t\t\t#gallery-3 .gallery-item {\n\t\t\t\tfloat: left;\n\t\t\t\tmargin-top: 10px;\n\t\t\t\ttext-align: center;\n\t\t\t\twidth: 50%;\n\t\t\t}\n\t\t\t#gallery-3 img {\n\t\t\t\tborder: 2px solid #cfcfcf;\n\t\t\t}\n\t\t\t#gallery-3 .gallery-caption {\n\t\t\t\tmargin-left: 0;\n\t\t\t}\n\t\t\t\/* see gallery_shortcode() in wp-includes\/media.php *\/\n\t\t<\/style>\n\t\t<div id='gallery-3' class='gallery galleryid-514170 gallery-columns-2 gallery-size-full'><dl class='gallery-item'>\n\t\t\t<dt class='gallery-icon landscape'>\n\t\t\t\t<a href='https:\/\/www.medellin.gov.co\/es\/sala-de-prensa\/noticias\/alcaldia-de-medellin-sigue-atendiendo-la-emergencia-por-lluvias-en-manrique-que-dejo-un-nino-fallecido-28-casas-afectadas-y-11-familias-evacuadas\/imagen-emergencia-por-lluvias-en-manrique-3\/'><img width=\"1280\" height=\"720\" src=\"https:\/\/www.medellin.gov.co\/es\/wp-content\/uploads\/2026\/04\/Imagen-emergencia-por-lluvias-en-Manrique-3.jpg\" class=\"attachment-full size-full\" alt=\"Imagen emergencia por lluvias en Manrique (1)\" loading=\"lazy\" srcset=\"https:\/\/www.medellin.gov.co\/es\/wp-content\/uploads\/2026\/04\/Imagen-emergencia-por-lluvias-en-Manrique-3.jpg 1280w, https:\/\/www.medellin.gov.co\/es\/wp-content\/uploads\/2026\/04\/Imagen-emergencia-por-lluvias-en-Manrique-3-300x169.jpg 300w, https:\/\/www.medellin.gov.co\/es\/wp-content\/uploads\/2026\/04\/Imagen-emergencia-por-lluvias-en-Manrique-3-1024x576.jpg 1024w, https:\/\/www.medellin.gov.co\/es\/wp-content\/uploads\/2026\/04\/Imagen-emergencia-por-lluvias-en-Manrique-3-150x84.jpg 150w, https:\/\/www.medellin.gov.co\/es\/wp-content\/uploads\/2026\/04\/Imagen-emergencia-por-lluvias-en-Manrique-3-768x432.jpg 768w\" sizes=\"(max-width: 1280px) 100vw, 1280px\" \/><\/a>\n\t\t\t<\/dt><\/dl><dl class='gallery-item'>\n\t\t\t<dt class='gallery-icon landscape'>\n\t\t\t\t<a href='https:\/\/www.medellin.gov.co\/es\/sala-de-prensa\/noticias\/alcaldia-de-medellin-sigue-atendiendo-la-emergencia-por-lluvias-en-manrique-que-dejo-un-nino-fallecido-28-casas-afectadas-y-11-familias-evacuadas\/imagen-emergencia-por-lluvias-en-manrique-4\/'><img width=\"1280\" height=\"720\" src=\"https:\/\/www.medellin.gov.co\/es\/wp-content\/uploads\/2026\/04\/Imagen-emergencia-por-lluvias-en-Manrique-4.jpg\" class=\"attachment-full size-full\" alt=\"Imagen emergencia por lluvias en Manrique (1)\" loading=\"lazy\" srcset=\"https:\/\/www.medellin.gov.co\/es\/wp-content\/uploads\/2026\/04\/Imagen-emergencia-por-lluvias-en-Manrique-4.jpg 1280w, https:\/\/www.medellin.gov.co\/es\/wp-content\/uploads\/2026\/04\/Imagen-emergencia-por-lluvias-en-Manrique-4-300x169.jpg 300w, https:\/\/www.medellin.gov.co\/es\/wp-content\/uploads\/2026\/04\/Imagen-emergencia-por-lluvias-en-Manrique-4-1024x576.jpg 1024w, https:\/\/www.medellin.gov.co\/es\/wp-content\/uploads\/2026\/04\/Imagen-emergencia-por-lluvias-en-Manrique-4-150x84.jpg 150w, https:\/\/www.medellin.gov.co\/es\/wp-content\/uploads\/2026\/04\/Imagen-emergencia-por-lluvias-en-Manrique-4-768x432.jpg 768w\" sizes=\"(max-width: 1280px) 100vw, 1280px\" \/><\/a>\n\t\t\t<\/dt><\/dl><br style=\"clear: both\" \/>\n\t\t<\/div>\n\n<p>Seg\u00fan el SIATA, el evento obedeci\u00f3 a un sistema de lluvias de alta intensidad y corta duraci\u00f3n, con acumulados cercanos a los 49 mm en pocas horas y picos de intensidad de hasta 158.5 mm\/h, condiciones que incrementan el riesgo de inundaciones y crecientes s\u00fabitas. Actualmente, cerca de 100 personas trabajan de manera continua en la zona afectada, con articulaci\u00f3n del DAGRD, Emvarias y las secretar\u00edas de Medio Ambiente, Paz y Derechos Humanos, Salud, Inclusi\u00f3n Social, Movilidad, Infraestructura.<\/p>\n<p>El Distrito avanza en la recuperaci\u00f3n de la secci\u00f3n hidr\u00e1ulica de la quebrada La Mansi\u00f3n. En el tramo superior se adelanta la remoci\u00f3n de sedimentos, bloques de roca y residuos s\u00f3lidos acumulados en el cauce. Aguas abajo, los trabajos se concentran en la desobstrucci\u00f3n de la estructura de cobertura, para restablecer el flujo del canal y reducir el riesgo. Se mantendr\u00e1 seguimiento a las familias afectadas y se invita a la ciudadan\u00eda a mantenerse informada a trav\u00e9s de los canales oficiales y acatar las recomendaciones.<\/p>\n","protected":false},"excerpt":{"rendered":"<p>Equipos t\u00e9cnicos y sociales de la Administraci\u00f3n Distrital est\u00e1n en las zonas afectadas, cumpliendo labores de remoci\u00f3n de residuos y acompa\u00f1amiento a las familias. Hasta el momento, se han evacuado dos volquetas llenas de material &#8230;<\/p>\n","protected":false},"author":97,"featured_media":514177,"comment_status":"open","ping_status":"open","sticky":false,"template":"","format":"standard","meta":[],"categories":[13],"tags":[437,436],"formato_nota":[],"programas_tax":[],"acf":[],"_links":{"self":[{"href":"https:\/\/www.medellin.gov.co\/es\/wp-json\/wp\/v2\/posts\/514170"}],"collection":[{"href":"https:\/\/www.medellin.gov.co\/es\/wp-json\/wp\/v2\/posts"}],"about":[{"href":"https:\/\/www.medellin.gov.co\/es\/wp-json\/wp\/v2\/types\/post"}],"author":[{"embeddable":true,"href":"https:\/\/www.medellin.gov.co\/es\/wp-json\/wp\/v2\/users\/97"}],"replies":[{"embeddable":true,"href":"https:\/\/www.medellin.gov.co\/es\/wp-json\/wp\/v2\/comments?post=514170"}],"version-history":[{"count":1,"href":"https:\/\/www.medellin.gov.co\/es\/wp-json\/wp\/v2\/posts\/514170\/revisions"}],"predecessor-version":[{"id":514191,"href":"https:\/\/www.medellin.gov.co\/es\/wp-json\/wp\/v2\/posts\/514170\/revisions\/514191"}],"wp:featuredmedia":[{"embeddable":true,"href":"https:\/\/www.medellin.gov.co\/es\/wp-json\/wp\/v2\/media\/514177"}],"wp:attachment":[{"href":"https:\/\/www.medellin.gov.co\/es\/wp-json\/wp\/v2\/media?parent=514170"}],"wp:term":[{"taxonomy":"category","embeddable":true,"href":"https:\/\/www.medellin.gov.co\/es\/wp-json\/wp\/v2\/categories?post=514170"},{"taxonomy":"post_tag","embeddable":true,"href":"https:\/\/www.medellin.gov.co\/es\/wp-json\/wp\/v2\/tags?post=514170"},{"taxonomy":"formato_nota","embeddable":true,"href":"https:\/\/www.medellin.gov.co\/es\/wp-json\/wp\/v2\/formato_nota?post=514170"},{"taxonomy":"programas_tax","embeddable":true,"href":"https:\/\/www.medellin.gov.co\/es\/wp-json\/wp\/v2\/programas_tax?post=514170"}],"curies":[{"name":"wp","href":"https:\/\/api.w.org\/{rel}","templated":true}]}}