{"id":514194,"date":"2026-04-04T14:04:46","date_gmt":"2026-04-04T19:04:46","guid":{"rendered":"https:\/\/www.medellin.gov.co\/es\/?p=514194"},"modified":"2026-04-04T14:04:46","modified_gmt":"2026-04-04T19:04:46","slug":"600-ninas-ninos-y-adolescentes-haran-parte-de-los-consejos-de-participacion-de-infancia-y-adolescencia-la-cantera-en-medellin","status":"publish","type":"post","link":"https:\/\/www.medellin.gov.co\/es\/sala-de-prensa\/noticias\/600-ninas-ninos-y-adolescentes-haran-parte-de-los-consejos-de-participacion-de-infancia-y-adolescencia-la-cantera-en-medellin\/","title":{"rendered":"600 ni\u00f1as, ni\u00f1os y adolescentes har\u00e1n parte de los consejos de participaci\u00f3n de infancia y adolescencia La Cantera, en Medell\u00edn"},"content":{"rendered":"<ul>\n<li>El proceso inicia el 7 de abril y se extender\u00e1 hasta diciembre, con 432 sesiones en todas las comunas y corregimientos.<\/li>\n<li>La iniciativa fortalece el ejercicio de ciudadan\u00eda y promueve la participaci\u00f3n activa de las nuevas generaciones en la construcci\u00f3n de ciudad.<\/li>\n<\/ul>\n<!--[if lt IE 9]><script>document.createElement('audio');<\/script><![endif]-->\n\t<div class=\"wp-playlist wp-audio-playlist wp-playlist-light\">\n\t\t\t<div class=\"wp-playlist-current-item\"><\/div>\n\t\t<audio controls=\"controls\" preload=\"none\" width=\"640\"\n\t\t\t><\/audio>\n\t<div class=\"wp-playlist-next\"><\/div>\n\t<div class=\"wp-playlist-prev\"><\/div>\n\t<noscript>\n\t<ol>\n\t\t<li><a href='https:\/\/www.medellin.gov.co\/es\/wp-content\/uploads\/2026\/04\/Declaraciones-de-la-secretaria-de-Inclusion-Social-y-Familia-Luz-Maria-Ramirez.mp3'>Declaraciones de la secretaria de Inclusi\u00f3n Social y Familia, Luz Mar\u00eda Ram\u00edrez<\/a><\/li><li><a href='https:\/\/www.medellin.gov.co\/es\/wp-content\/uploads\/2026\/04\/Declaraciones-de-Jeronimo-Posada-egresado-del-Consejo-de-Participacion-La-Cantera.mp3'>Declaraciones de Jer\u00f3nimo Posada, egresado del Consejo de Participaci\u00f3n La Cantera<\/a><\/li>\t<\/ol>\n\t<\/noscript>\n\t<script type=\"application\/json\" class=\"wp-playlist-script\">{\"type\":\"audio\",\"tracklist\":true,\"tracknumbers\":true,\"images\":true,\"artists\":true,\"tracks\":[{\"src\":\"https:\\\/\\\/www.medellin.gov.co\\\/es\\\/wp-content\\\/uploads\\\/2026\\\/04\\\/Declaraciones-de-la-secretaria-de-Inclusion-Social-y-Familia-Luz-Maria-Ramirez.mp3\",\"type\":\"audio\\\/mpeg\",\"title\":\"Declaraciones de la secretaria de Inclusi\\u00f3n Social y Familia, Luz Mar\\u00eda Ram\\u00edrez\",\"caption\":\"\",\"description\":\"\\u00abDeclaraciones de la secretaria de Inclusi\\u00f3n Social y Familia, Luz Mar\\u00eda Ram\\u00edrez\\u00bb.\",\"meta\":{\"length_formatted\":\"0:53\"},\"image\":{\"src\":\"https:\\\/\\\/www.medellin.gov.co\\\/es\\\/wp-includes\\\/images\\\/media\\\/audio.png\",\"width\":48,\"height\":64},\"thumb\":{\"src\":\"https:\\\/\\\/www.medellin.gov.co\\\/es\\\/wp-includes\\\/images\\\/media\\\/audio.png\",\"width\":48,\"height\":64}},{\"src\":\"https:\\\/\\\/www.medellin.gov.co\\\/es\\\/wp-content\\\/uploads\\\/2026\\\/04\\\/Declaraciones-de-Jeronimo-Posada-egresado-del-Consejo-de-Participacion-La-Cantera.mp3\",\"type\":\"audio\\\/mpeg\",\"title\":\"Declaraciones de Jer\\u00f3nimo Posada, egresado del Consejo de Participaci\\u00f3n La Cantera\",\"caption\":\"\",\"description\":\"\\u00abDeclaraciones de Jer\\u00f3nimo Posada, egresado del Consejo de Participaci\\u00f3n La Cantera\\u00bb.\",\"meta\":{\"length_formatted\":\"1:11\"},\"image\":{\"src\":\"https:\\\/\\\/www.medellin.gov.co\\\/es\\\/wp-includes\\\/images\\\/media\\\/audio.png\",\"width\":48,\"height\":64},\"thumb\":{\"src\":\"https:\\\/\\\/www.medellin.gov.co\\\/es\\\/wp-includes\\\/images\\\/media\\\/audio.png\",\"width\":48,\"height\":64}}]}<\/script>\n<\/div>\n\t\n<p>La Alcald\u00eda de Medell\u00edn afianza la participaci\u00f3n y liderazgo de ni\u00f1as, ni\u00f1os y adolescentes a trav\u00e9s de los Consejos de Participaci\u00f3n, Infancia y Adolescencia La Cantera, una estrategia de preparaci\u00f3n y formaci\u00f3n que este a\u00f1o vincula a 600 participantes, seleccionados tras una convocatoria que reuni\u00f3 1.634 postulaciones en la ciudad.<\/p>\n<p>El proceso formativo iniciar\u00e1 el pr\u00f3ximo 7 de abril y se desarrollar\u00e1 hasta diciembre en todas las comunas y corregimientos, a trav\u00e9s de 24 consejos de participaci\u00f3n. En total, se realizar\u00e1n 432 sesiones en las que los participantes adquirir\u00e1n habilidades como el liderazgo, el pensamiento cr\u00edtico y la toma de decisiones colectivas.<\/p>\n\n\t\t<style type=\"text\/css\">\n\t\t\t#gallery-1 {\n\t\t\t\tmargin: auto;\n\t\t\t}\n\t\t\t#gallery-1 .gallery-item {\n\t\t\t\tfloat: left;\n\t\t\t\tmargin-top: 10px;\n\t\t\t\ttext-align: center;\n\t\t\t\twidth: 50%;\n\t\t\t}\n\t\t\t#gallery-1 img {\n\t\t\t\tborder: 2px solid #cfcfcf;\n\t\t\t}\n\t\t\t#gallery-1 .gallery-caption {\n\t\t\t\tmargin-left: 0;\n\t\t\t}\n\t\t\t\/* see gallery_shortcode() in wp-includes\/media.php *\/\n\t\t<\/style>\n\t\t<div id='gallery-1' class='gallery galleryid-514194 gallery-columns-2 gallery-size-full'><dl class='gallery-item'>\n\t\t\t<dt class='gallery-icon landscape'>\n\t\t\t\t<a href='https:\/\/www.medellin.gov.co\/es\/sala-de-prensa\/noticias\/600-ninas-ninos-y-adolescentes-haran-parte-de-los-consejos-de-participacion-de-infancia-y-adolescencia-la-cantera-en-medellin\/imagen-consejos-de-participacion-de-infancia-y-adolescencia-la-cantera-4\/'><img width=\"1081\" height=\"720\" src=\"https:\/\/www.medellin.gov.co\/es\/wp-content\/uploads\/2026\/04\/Imagen-consejos-de-participacion-de-infancia-y-adolescencia-La-Cantera-4.jpg\" class=\"attachment-full size-full\" alt=\"Imagen consejos de participaci\u00f3n de infancia y adolescencia La Cantera (1)\" loading=\"lazy\" srcset=\"https:\/\/www.medellin.gov.co\/es\/wp-content\/uploads\/2026\/04\/Imagen-consejos-de-participacion-de-infancia-y-adolescencia-La-Cantera-4.jpg 1081w, https:\/\/www.medellin.gov.co\/es\/wp-content\/uploads\/2026\/04\/Imagen-consejos-de-participacion-de-infancia-y-adolescencia-La-Cantera-4-300x200.jpg 300w, https:\/\/www.medellin.gov.co\/es\/wp-content\/uploads\/2026\/04\/Imagen-consejos-de-participacion-de-infancia-y-adolescencia-La-Cantera-4-1024x682.jpg 1024w, https:\/\/www.medellin.gov.co\/es\/wp-content\/uploads\/2026\/04\/Imagen-consejos-de-participacion-de-infancia-y-adolescencia-La-Cantera-4-150x100.jpg 150w, https:\/\/www.medellin.gov.co\/es\/wp-content\/uploads\/2026\/04\/Imagen-consejos-de-participacion-de-infancia-y-adolescencia-La-Cantera-4-768x512.jpg 768w\" sizes=\"(max-width: 1081px) 100vw, 1081px\" \/><\/a>\n\t\t\t<\/dt><\/dl><dl class='gallery-item'>\n\t\t\t<dt class='gallery-icon landscape'>\n\t\t\t\t<a href='https:\/\/www.medellin.gov.co\/es\/sala-de-prensa\/noticias\/600-ninas-ninos-y-adolescentes-haran-parte-de-los-consejos-de-participacion-de-infancia-y-adolescencia-la-cantera-en-medellin\/imagen-consejos-de-participacion-de-infancia-y-adolescencia-la-cantera-3\/'><img width=\"1081\" height=\"720\" src=\"https:\/\/www.medellin.gov.co\/es\/wp-content\/uploads\/2026\/04\/Imagen-consejos-de-participacion-de-infancia-y-adolescencia-La-Cantera-3.jpg\" class=\"attachment-full size-full\" alt=\"Imagen consejos de participaci\u00f3n de infancia y adolescencia La Cantera (1)\" loading=\"lazy\" srcset=\"https:\/\/www.medellin.gov.co\/es\/wp-content\/uploads\/2026\/04\/Imagen-consejos-de-participacion-de-infancia-y-adolescencia-La-Cantera-3.jpg 1081w, https:\/\/www.medellin.gov.co\/es\/wp-content\/uploads\/2026\/04\/Imagen-consejos-de-participacion-de-infancia-y-adolescencia-La-Cantera-3-300x200.jpg 300w, https:\/\/www.medellin.gov.co\/es\/wp-content\/uploads\/2026\/04\/Imagen-consejos-de-participacion-de-infancia-y-adolescencia-La-Cantera-3-1024x682.jpg 1024w, https:\/\/www.medellin.gov.co\/es\/wp-content\/uploads\/2026\/04\/Imagen-consejos-de-participacion-de-infancia-y-adolescencia-La-Cantera-3-150x100.jpg 150w, https:\/\/www.medellin.gov.co\/es\/wp-content\/uploads\/2026\/04\/Imagen-consejos-de-participacion-de-infancia-y-adolescencia-La-Cantera-3-768x512.jpg 768w\" sizes=\"(max-width: 1081px) 100vw, 1081px\" \/><\/a>\n\t\t\t<\/dt><\/dl><br style=\"clear: both\" \/>\n\t\t<\/div>\n\n<p><em>\u201cEs importante, tambi\u00e9n, mencionar que estos consejos no solamente son ejercicios de participaci\u00f3n, sino ejercicios de formaci\u00f3n del ser, del desarrollo de habilidades y del empoderamiento de estos consejeros para que Medell\u00edn llegue a otro nivel\u201d, <\/em>afirm\u00f3 la secretaria de Inclusi\u00f3n Social y Familia, Luz Mar\u00eda Ram\u00edrez.<\/p>\n<p>A trav\u00e9s de esta estrategia, se promueve la participaci\u00f3n activa de ni\u00f1as, ni\u00f1os y adolescentes en la vida p\u00fablica, impulsando su vinculaci\u00f3n en acciones c\u00edvicas, procesos comunitarios y escenarios de incidencia que aportan a la construcci\u00f3n de ciudad.<\/p>\n<p>Esto se complementa con experiencias territoriales y recorridos, junto con el acompa\u00f1amiento de Tejiendo Hogares, proyecto liderado por la primera dama, Margarita Mar\u00eda G\u00f3mez Mar\u00edn, a trav\u00e9s del cual se entregan herramientas en habilidades enfocadas al ser. Asimismo, cuenta con alianzas con actores como la Universidad de los Ni\u00f1os EAFIT, que enriquecen la experiencia.<\/p>\n\n\t\t<style type=\"text\/css\">\n\t\t\t#gallery-2 {\n\t\t\t\tmargin: auto;\n\t\t\t}\n\t\t\t#gallery-2 .gallery-item {\n\t\t\t\tfloat: left;\n\t\t\t\tmargin-top: 10px;\n\t\t\t\ttext-align: center;\n\t\t\t\twidth: 50%;\n\t\t\t}\n\t\t\t#gallery-2 img {\n\t\t\t\tborder: 2px solid #cfcfcf;\n\t\t\t}\n\t\t\t#gallery-2 .gallery-caption {\n\t\t\t\tmargin-left: 0;\n\t\t\t}\n\t\t\t\/* see gallery_shortcode() in wp-includes\/media.php *\/\n\t\t<\/style>\n\t\t<div id='gallery-2' class='gallery galleryid-514194 gallery-columns-2 gallery-size-full'><dl class='gallery-item'>\n\t\t\t<dt class='gallery-icon landscape'>\n\t\t\t\t<a href='https:\/\/www.medellin.gov.co\/es\/sala-de-prensa\/noticias\/600-ninas-ninos-y-adolescentes-haran-parte-de-los-consejos-de-participacion-de-infancia-y-adolescencia-la-cantera-en-medellin\/imagen-consejos-de-participacion-de-infancia-y-adolescencia-la-cantera-2\/'><img width=\"1081\" height=\"720\" src=\"https:\/\/www.medellin.gov.co\/es\/wp-content\/uploads\/2026\/04\/Imagen-consejos-de-participacion-de-infancia-y-adolescencia-La-Cantera-2.jpg\" class=\"attachment-full size-full\" alt=\"Imagen consejos de participaci\u00f3n de infancia y adolescencia La Cantera (1)\" loading=\"lazy\" srcset=\"https:\/\/www.medellin.gov.co\/es\/wp-content\/uploads\/2026\/04\/Imagen-consejos-de-participacion-de-infancia-y-adolescencia-La-Cantera-2.jpg 1081w, https:\/\/www.medellin.gov.co\/es\/wp-content\/uploads\/2026\/04\/Imagen-consejos-de-participacion-de-infancia-y-adolescencia-La-Cantera-2-300x200.jpg 300w, https:\/\/www.medellin.gov.co\/es\/wp-content\/uploads\/2026\/04\/Imagen-consejos-de-participacion-de-infancia-y-adolescencia-La-Cantera-2-1024x682.jpg 1024w, https:\/\/www.medellin.gov.co\/es\/wp-content\/uploads\/2026\/04\/Imagen-consejos-de-participacion-de-infancia-y-adolescencia-La-Cantera-2-150x100.jpg 150w, https:\/\/www.medellin.gov.co\/es\/wp-content\/uploads\/2026\/04\/Imagen-consejos-de-participacion-de-infancia-y-adolescencia-La-Cantera-2-768x512.jpg 768w\" sizes=\"(max-width: 1081px) 100vw, 1081px\" \/><\/a>\n\t\t\t<\/dt><\/dl><dl class='gallery-item'>\n\t\t\t<dt class='gallery-icon landscape'>\n\t\t\t\t<a href='https:\/\/www.medellin.gov.co\/es\/sala-de-prensa\/noticias\/600-ninas-ninos-y-adolescentes-haran-parte-de-los-consejos-de-participacion-de-infancia-y-adolescencia-la-cantera-en-medellin\/imagen-consejos-de-participacion-de-infancia-y-adolescencia-la-cantera-1\/'><img width=\"1081\" height=\"720\" src=\"https:\/\/www.medellin.gov.co\/es\/wp-content\/uploads\/2026\/04\/Imagen-consejos-de-participacion-de-infancia-y-adolescencia-La-Cantera-1.jpg\" class=\"attachment-full size-full\" alt=\"Imagen consejos de participaci\u00f3n de infancia y adolescencia La Cantera (1)\" loading=\"lazy\" srcset=\"https:\/\/www.medellin.gov.co\/es\/wp-content\/uploads\/2026\/04\/Imagen-consejos-de-participacion-de-infancia-y-adolescencia-La-Cantera-1.jpg 1081w, https:\/\/www.medellin.gov.co\/es\/wp-content\/uploads\/2026\/04\/Imagen-consejos-de-participacion-de-infancia-y-adolescencia-La-Cantera-1-300x200.jpg 300w, https:\/\/www.medellin.gov.co\/es\/wp-content\/uploads\/2026\/04\/Imagen-consejos-de-participacion-de-infancia-y-adolescencia-La-Cantera-1-1024x682.jpg 1024w, https:\/\/www.medellin.gov.co\/es\/wp-content\/uploads\/2026\/04\/Imagen-consejos-de-participacion-de-infancia-y-adolescencia-La-Cantera-1-150x100.jpg 150w, https:\/\/www.medellin.gov.co\/es\/wp-content\/uploads\/2026\/04\/Imagen-consejos-de-participacion-de-infancia-y-adolescencia-La-Cantera-1-768x512.jpg 768w\" sizes=\"(max-width: 1081px) 100vw, 1081px\" \/><\/a>\n\t\t\t<\/dt><\/dl><br style=\"clear: both\" \/>\n\t\t<\/div>\n\n<p><em>\u201cEstuve el a\u00f1o pasado en los Consejos de Participaci\u00f3n La Cantera y simplemente les quiero decir que desde el momento en el que me inscrib\u00ed yo luch\u00e9 por ese cupo, me lo gan\u00e9 y lo disfrut\u00e9. Cr\u00e9anme que son un espacio en donde ustedes van a poder, no solo disfrutar con sus amigos, sino de la misma manera incidir en su territorio, hacer algo por los espacios que ustedes dicen que aman, porque cuando uno ama algo est\u00e1 destinado a cuidarlo. Para m\u00ed eso fue lo que me enamor\u00f3, que no nos quedamos en una iniciativa de decir \u2018hagamos\u2019, sino que fue realmente hacer, logramos llevar a cabo acciones c\u00edvicas que nos permitieron transformar muchas cosas de nuestras comunas\u201d, <\/em>dijo Jer\u00f3nimo Posada, egresado del Consejo de Participaci\u00f3n La Cantera.<\/p>\n<p>La convocatoria de este a\u00f1o alcanz\u00f3 la presencia en 97 instituciones educativas, reflejando el inter\u00e9s por participar en la transformaci\u00f3n de sus territorios.<\/p>\n","protected":false},"excerpt":{"rendered":"<p>El proceso inicia el 7 de abril y se extender\u00e1 hasta diciembre, con 432 sesiones en todas las comunas y corregimientos. La iniciativa fortalece el ejercicio de ciudadan\u00eda y promueve la participaci\u00f3n activa de las &#8230;<\/p>\n","protected":false},"author":97,"featured_media":514206,"comment_status":"open","ping_status":"open","sticky":false,"template":"","format":"standard","meta":[],"categories":[706],"tags":[437,725],"formato_nota":[],"programas_tax":[],"acf":[],"_links":{"self":[{"href":"https:\/\/www.medellin.gov.co\/es\/wp-json\/wp\/v2\/posts\/514194"}],"collection":[{"href":"https:\/\/www.medellin.gov.co\/es\/wp-json\/wp\/v2\/posts"}],"about":[{"href":"https:\/\/www.medellin.gov.co\/es\/wp-json\/wp\/v2\/types\/post"}],"author":[{"embeddable":true,"href":"https:\/\/www.medellin.gov.co\/es\/wp-json\/wp\/v2\/users\/97"}],"replies":[{"embeddable":true,"href":"https:\/\/www.medellin.gov.co\/es\/wp-json\/wp\/v2\/comments?post=514194"}],"version-history":[{"count":1,"href":"https:\/\/www.medellin.gov.co\/es\/wp-json\/wp\/v2\/posts\/514194\/revisions"}],"predecessor-version":[{"id":514208,"href":"https:\/\/www.medellin.gov.co\/es\/wp-json\/wp\/v2\/posts\/514194\/revisions\/514208"}],"wp:featuredmedia":[{"embeddable":true,"href":"https:\/\/www.medellin.gov.co\/es\/wp-json\/wp\/v2\/media\/514206"}],"wp:attachment":[{"href":"https:\/\/www.medellin.gov.co\/es\/wp-json\/wp\/v2\/media?parent=514194"}],"wp:term":[{"taxonomy":"category","embeddable":true,"href":"https:\/\/www.medellin.gov.co\/es\/wp-json\/wp\/v2\/categories?post=514194"},{"taxonomy":"post_tag","embeddable":true,"href":"https:\/\/www.medellin.gov.co\/es\/wp-json\/wp\/v2\/tags?post=514194"},{"taxonomy":"formato_nota","embeddable":true,"href":"https:\/\/www.medellin.gov.co\/es\/wp-json\/wp\/v2\/formato_nota?post=514194"},{"taxonomy":"programas_tax","embeddable":true,"href":"https:\/\/www.medellin.gov.co\/es\/wp-json\/wp\/v2\/programas_tax?post=514194"}],"curies":[{"name":"wp","href":"https:\/\/api.w.org\/{rel}","templated":true}]}}