{"id":51447,"date":"2021-08-26T00:00:00","date_gmt":"2021-08-26T05:00:00","guid":{"rendered":"https:\/\/www.medellin.gov.co\/es\/saladeprensa\/noticias\/hasta-el-4-de-septiembre-se-amplia-la-convocatoria-para-la-transformacion-digital-de-240-empresas-de-medellin\/"},"modified":"2022-03-27T21:47:06","modified_gmt":"2022-03-28T02:47:06","slug":"hasta-el-4-de-septiembre-se-amplia-la-convocatoria-para-la-transformacion-digital-de-240-empresas-de-medellin","status":"publish","type":"post","link":"https:\/\/www.medellin.gov.co\/es\/sala-de-prensa\/noticias\/hasta-el-4-de-septiembre-se-amplia-la-convocatoria-para-la-transformacion-digital-de-240-empresas-de-medellin\/","title":{"rendered":"Hasta el 4 de septiembre se ampl\u00eda la convocatoria para la transformaci\u00f3n digital de 240 empresas de Medell\u00edn"},"content":{"rendered":"<p><span style=\"vertical-align: inherit;\"><span style=\"vertical-align: inherit;\"><\/p>\n<div class=\"wrap contenido\">\n<div class=\"noticia\">\n<div class=\"imagen\">\n<div class=\"divContImageNoticia input_plantilla input_background\" data-input=\"fotografia\" ruta=\"\/galerias\/Imagenes\/Galer\u00eda d\u00eda a d\u00eda 2021\/500_400\/20210827-transformacion-digital-1.jpg\" fotografo=\"Foto Alcald\u00eda de Medelll\u00edn\" descripcion=\"Hasta el 4 de septiembre se ampl\u00eda la convocatoria para la transformaci\u00f3n digital de 240 empresas de Medell\u00edn. \" style=\"background-image:url('\/irj\/go\/km\/docs\/galerias\/Imagenes\/Galer\u00eda d\u00eda a d\u00eda 2021\/500_400\/20210827-transformacion-digital-1.jpg')\"><\/div>\n<p class=\"pMetaDesc\">Foto: Hasta el 4 de septiembre se ampl\u00eda la convocatoria para la transformaci\u00f3n digital de 240 empresas de Medell\u00edn. <\/p>\n<p class=\"pMetaFotografo\">Fot\u00f3grafo: Foto Alcald\u00eda de Medelll\u00edn<\/p>\n<\/div>\n<p class=\"fecha\"><span class=\"input_plantilla input_text\" data-input=\"fecha\">2021-08-27<\/span><\/p>\n<p><span itemprop=\"name\" class=\"input_plantilla input_text\" data-input=\"titulo\">Hasta el 4 de septiembre se ampl\u00eda la convocatoria para la transformaci\u00f3n digital de 240 empresas de Medell\u00edn<\/span><\/p>\n<h5 class=\"input_plantilla input_text\" data-input=\"autor\">Por Gisela Saldarriaga<\/h5>\n<div class=\"cuerpo input_plantilla input_area\" data-input=\"contenido\">\n<p>.: Micro, peque\u00f1as y medianas empresas de Medell\u00edn tendr\u00e1n m\u00e1s plazo para ser parte de la convocatoria Soy MiPyme Digital.<\/p>\n<p>.: La estrategia busca que las empresas beneficiadas adopten herramientas digitales en sus modelos de negocio.<\/p>\n<p>.: 60 empresas ser\u00e1n seleccionadas y podr\u00e1n acceder a incentivos econ\u00f3micos hasta por $5 millones, para implementar soluciones digitales a su medida.<\/p>\n<p><a href=\"\/irj\/go\/km\/docs\/galerias\/Audios\/Audios d\u00eda a d\u00eda 2021 - 3\/20210827-transformacion-digital-01.mp3\" class=\"aContEnlace liMp3\" download=\"\" data-mce-href=\"\/irj\/go\/km\/docs\/galerias\/Audios\/Audios d\u00eda a d\u00eda 2021 - 3\/20210827-transformacion-digital-01.mp3\"><span>Palabras de Mauricio Valencia, subsecretario de Creaci\u00f3n y Fortalecimiento Empresarial.<\/span><span><\/span><span>985 Kb<\/span><\/a><\/p>\n<p><span>La Alcald\u00eda de Medell\u00edn ampli\u00f3 hasta el 4 de septiembre las inscripciones a la convocatoria de <em>Soy MiPyme Digital,<\/em> un programa que beneficiar\u00e1 a 240 micro, peque\u00f1as y medianas empresas de Medell\u00edn y sus corregimientos para que apropien nuevas tecnolog\u00edas y digitalicen procesos en las diferentes etapas de su cadena de valor, y as\u00ed mejoren su productividad y competitividad de cara a las nuevas necesidades del mercado. <\/span><\/p>\n<p><span>El objetivo es fortalecer las competencias para la adopci\u00f3n de tecnolog\u00edas en los procesos empresariales de las MiPymes de la ciudad a trav\u00e9s de un proceso de diagn\u00f3stico, transferencia de conocimiento, acompa\u00f1amiento especializado y acercamiento a soluciones digitales para lograr que \u00e9stas sean m\u00e1s competitivas y sostenibles en el tiempo. <\/span><\/p>\n<p><em><span>\u201cEn el Valle del Software las MiPymes de nuestra ciudad entienden el poder transformador que tiene la tecnolog\u00eda para hacer crecer cualquier negocio. Es por eso que estamos invitando a las empresas a que participen de esta convocatoria y apropien la tecnolog\u00eda en las diferentes etapas de la cadena de valor, para que lleven sus negocios a otro nivel\u201d,<\/span><\/em><span> asegur\u00f3 el subsecretario de Creaci\u00f3n y Fortalecimiento Empresarial, Mauricio Valencia.<\/span><\/p>\n<p><span>Durante el proceso, 400 empresas inscritas realizar\u00e1n un diagn\u00f3stico de madurez para medir sus capacidades actuales en torno a procesos de transformaci\u00f3n digital en t\u00e9rminos de cultura organizacional, operaci\u00f3n, infraestructura tecnol\u00f3gica y visi\u00f3n estrat\u00e9gica. <\/span><\/p>\n<p><span>De estas empresas, 240 pasar\u00e1n a una fase de acompa\u00f1amiento con talleres pr\u00e1cticos y consultorios especializados para desarrollar estrategias de implementaci\u00f3n tecnol\u00f3gica con el fin de mejorar sus propuestas de valor, de acuerdo con las necesidades identificadas en la etapa de diagn\u00f3stico. <\/span><\/p>\n<p><span>120 organizaciones recibir\u00e1n consultor\u00eda personalizada por parte de un profesional asignado para dise\u00f1ar y poner en marcha un plan de trabajo enfocado en sus necesidades puntuales en t\u00e9rminos de transformaci\u00f3n digital. <\/span><\/p>\n<p><span>60 empresas que evidencien resultados tempranos en su proceso podr\u00e1n acceder a una mesa de recursos de aproximadamente $5 millones para la implementaci\u00f3n de las soluciones digitales que requieran, como licencias y softwares, entre otras herramientas. <\/span><\/p>\n<p><em><span>\u201cDecidimos entrar al programa, precisamente, para fortalecer nuestra estrategia digital. Nosotros, actualmente, somos muy fuertes desde la presencialidad, cuando mostramos la tecnolog\u00eda, cuando la probamos en campo, pero a\u00fan no hemos logrado tener esa misma fortaleza en nuestros canales digitales. Dentro del programa podremos consolidar nuestra p\u00e1gina web y, en general, fortalecer nuestra estrategia digital\u201d,<\/span><\/em><span> manifest\u00f3 Rafael Betancur, inscrito al programa. <\/span><\/p>\n<p><span>Quienes deseen participar deber\u00e1n contar con registro p\u00fablico mercantil con domicilio en Medell\u00edn y\/o registro de industria y comercio vigente; adem\u00e1s deben tener un portafolio de productos y\/o servicios claramente definido y desarrollado. La inscripci\u00f3n no tiene costo y se puede realizar a trav\u00e9s de la p\u00e1gina web <a href=\"https:\/\/www.medellindigital.gov.co\/\" target=\"_blank\" data-mce-href=\"https:\/\/www.medellindigital.gov.co\/\" rel=\"noopener\">medellindigital.gov.co<\/a>. <\/span><\/p>\n<p><span>Cabe destacar que el tejido empresarial de Medell\u00edn se conforma en un 86.8 % de microempresas, un 9,7 % de peque\u00f1as empresas, el 2,6 % son medianas y tan solo el 0,8 % corresponde a grandes empresas. Aproximadamente, el 80 % de los empleos en la ciudad es generado por las MiPymes frente a un 20 % asumido por las grandes empresas, cifras a corte de 2020.<\/span><\/p>\n<\/div>\n<div class=\"compartir\">Compartir en:<a title=\"\" href=\"http:\/\/www.facebook.com\/share.php?u=\" class=\"btCompartirFacebook btCompartir\" target=\"_blank\" rel=\"noopener\"><\/a><a title=\"\" href=\"http:\/\/twitter.com\/home?status=Haz%20clic%20para%20ver%20esta%20noticia%20en%20\" class=\"btCompartirTwitter btCompartir\"><\/a><a title=\"\" href=\"whatsapp:\/\/send?text=Haz%20clic%20para%20ver%20esta%20noticia%20en%20\" class=\"btCompartirWa btCompartir\"><\/a><\/div>\n<\/div>\n<p><script>try{comprobarImagen();fixBtnRedes();hitsMedellin();}catch(e){}<\/script><\/div>\n<p><\/span><\/span><\/p>\n","protected":false},"excerpt":{"rendered":"<p>Foto: Hasta el 4 de septiembre se ampl\u00eda la convocatoria para la transformaci\u00f3n digital de 240 empresas de Medell\u00edn. Fot\u00f3grafo: Foto Alcald\u00eda de Medelll\u00edn 2021-08-27 Hasta el 4 de septiembre se ampl\u00eda la convocatoria para &#8230;<\/p>\n","protected":false},"author":1,"featured_media":56484,"comment_status":"open","ping_status":"open","sticky":false,"template":"","format":"standard","meta":[],"categories":[3],"tags":[451,431,433,435,452],"formato_nota":[],"programas_tax":[],"acf":[],"_links":{"self":[{"href":"https:\/\/www.medellin.gov.co\/es\/wp-json\/wp\/v2\/posts\/51447"}],"collection":[{"href":"https:\/\/www.medellin.gov.co\/es\/wp-json\/wp\/v2\/posts"}],"about":[{"href":"https:\/\/www.medellin.gov.co\/es\/wp-json\/wp\/v2\/types\/post"}],"author":[{"embeddable":true,"href":"https:\/\/www.medellin.gov.co\/es\/wp-json\/wp\/v2\/users\/1"}],"replies":[{"embeddable":true,"href":"https:\/\/www.medellin.gov.co\/es\/wp-json\/wp\/v2\/comments?post=51447"}],"version-history":[{"count":1,"href":"https:\/\/www.medellin.gov.co\/es\/wp-json\/wp\/v2\/posts\/51447\/revisions"}],"predecessor-version":[{"id":53323,"href":"https:\/\/www.medellin.gov.co\/es\/wp-json\/wp\/v2\/posts\/51447\/revisions\/53323"}],"wp:featuredmedia":[{"embeddable":true,"href":"https:\/\/www.medellin.gov.co\/es\/wp-json\/wp\/v2\/media\/56484"}],"wp:attachment":[{"href":"https:\/\/www.medellin.gov.co\/es\/wp-json\/wp\/v2\/media?parent=51447"}],"wp:term":[{"taxonomy":"category","embeddable":true,"href":"https:\/\/www.medellin.gov.co\/es\/wp-json\/wp\/v2\/categories?post=51447"},{"taxonomy":"post_tag","embeddable":true,"href":"https:\/\/www.medellin.gov.co\/es\/wp-json\/wp\/v2\/tags?post=51447"},{"taxonomy":"formato_nota","embeddable":true,"href":"https:\/\/www.medellin.gov.co\/es\/wp-json\/wp\/v2\/formato_nota?post=51447"},{"taxonomy":"programas_tax","embeddable":true,"href":"https:\/\/www.medellin.gov.co\/es\/wp-json\/wp\/v2\/programas_tax?post=51447"}],"curies":[{"name":"wp","href":"https:\/\/api.w.org\/{rel}","templated":true}]}}