{"id":51461,"date":"2021-08-28T00:00:00","date_gmt":"2021-08-28T05:00:00","guid":{"rendered":"https:\/\/www.medellin.gov.co\/es\/saladeprensa\/noticias\/aprobados-incentivos-tributarios-para-la-reactivacion-economica-de-medellin-distrito-especial\/"},"modified":"2022-03-27T21:47:13","modified_gmt":"2022-03-28T02:47:13","slug":"aprobados-incentivos-tributarios-para-la-reactivacion-economica-de-medellin-distrito-especial","status":"publish","type":"post","link":"https:\/\/www.medellin.gov.co\/es\/sala-de-prensa\/noticias\/aprobados-incentivos-tributarios-para-la-reactivacion-economica-de-medellin-distrito-especial\/","title":{"rendered":"Aprobados incentivos tributarios para la reactivaci\u00f3n econ\u00f3mica de Medell\u00edn Distrito Especial"},"content":{"rendered":"<p><span style=\"vertical-align: inherit;\"><span style=\"vertical-align: inherit;\"><\/p>\n<div class=\"wrap contenido\">\n<div class=\"noticia\">\n<div class=\"imagen\">\n<div class=\"divContImageNoticia input_plantilla input_background\" data-input=\"fotografia\" ruta=\"\/galerias\/Imagenes\/Panor\u00e1micas de ciudad y sitios de inter\u00e9s\/500_400\/20180508_20180508_Alpujarra2.jpg\" fotografo=\"Foto Carlos Vidal \u00c1lvarez\" descripcion=\"Centro Administrativo La Alpujarra.\" style=\"background-image:url('\/irj\/go\/km\/docs\/galerias\/Imagenes\/Panor\u00e1micas de ciudad y sitios de inter\u00e9s\/500_400\/20180508_20180508_Alpujarra2.jpg')\"><\/div>\n<p class=\"pMetaDesc\">Foto: Centro Administrativo La Alpujarra.<\/p>\n<p class=\"pMetaFotografo\">Fot\u00f3grafo: Foto Carlos Vidal \u00c1lvarez<\/p>\n<\/div>\n<p class=\"fecha\"><span class=\"input_plantilla input_text\" data-input=\"fecha\">2021-08-28<\/span><\/p>\n<p><span itemprop=\"name\" class=\"input_plantilla input_text\" data-input=\"titulo\">Aprobados incentivos tributarios para la reactivaci\u00f3n econ\u00f3mica de Medell\u00edn Distrito Especial<\/span><\/p>\n<h5 class=\"input_plantilla input_text\" data-input=\"autor\">Por Secretar\u00eda de Hacienda<\/h5>\n<div class=\"cuerpo input_plantilla input_area\" data-input=\"contenido\">\n<p><strong>::<\/strong> El proyecto de acuerdo de incentivos tributarios fue presentado por la Administraci\u00f3n Municipal durante este periodo de sesiones extraordinarias.<br \/><strong>::<\/strong> Con los incentivos y beneficios para cerca de 17.400 contribuyentes de la ciudad, se busca generar empleo e inversi\u00f3n nacional y extranjera.<br \/><strong>::<\/strong> Exenciones en predial e industria y comercio para empresas relacionadas con el sector de las TICs, sector tur\u00edstico, entretenimiento y gastron\u00f3mico, entre otros, hacen parte del paquete de medidas.<\/p>\n<p>Una de las iniciativas de la Administraci\u00f3n Municipal, que contempla incentivos para la reactivaci\u00f3n econ\u00f3mica local, fue aprobada por el Concejo de Medell\u00edn.&nbsp;<\/p>\n<p>\u201cComo un espaldarazo a una necesidad creciente de la ciudad para superar el estancamiento de la econom\u00eda mundial ocasionado por el covid-19 y buscar un desarrollo social sostenible con m\u00e1s oportunidades para los ciudadanos\u201d, calific\u00f3 el secretario de Hacienda, \u00d3scar Hurtado P\u00e9rez, la aprobaci\u00f3n un\u00e1nime del proyecto del acuerdo 067 de reactivaci\u00f3n econ\u00f3mica.<\/p>\n<p>Por su parte, el secretario de Desarrollo Econ\u00f3mico, Alejandro Arias Garc\u00eda, sostuvo: \u201cEstas son &nbsp;grandes noticias para nuestros empresarios, emprendedores y comerciantes. El Concejo Municipal acaba de aprobar un acuerdo con dos importantes focos. El primero, para estimular la inversi\u00f3n, el empleo formal y el crecimiento del PIB a trav\u00e9s del Valle del Software. El segundo, con importantes exenciones tributarias para nuestros hoteles, agencias de viaje, bares, restaurantes y discotecas. Esto permitir\u00e1 avanzar en el proceso de construcci\u00f3n de la Medell\u00edn Futuro\u00bb.<\/p>\n<p><strong>Algunos de los incentivos en impuesto predial que incluye el proyecto de acuerdo son:<\/strong><\/p>\n<ul>\n<li>Exenci\u00f3n del 50 % en el impuesto para 2022 y 2023 a empresas constituidas a partir de 2021 y que est\u00e9n relacionadas con las tecnolog\u00edas de la informaci\u00f3n y las comunicaciones \u2013 TIC.<\/li>\n<li>Exenci\u00f3n del 100 % de predial en 2022 y el 80 % en 2023 para empresas que se hayan constituido a partir de 2021 y se encuentren ubicadas en los distritos econ\u00f3micos de innovaci\u00f3n y creativos.<\/li>\n<li>Exenci\u00f3n del 100 % del predial en 2022 y 50 % en 2023 para empresas que se ubiquen en zona franca permanente multiusuario o especial, bajo jurisdicci\u00f3n del Municipio a partir de la entrada en vigor del acuerdo.<\/li>\n<\/ul>\n<p><strong>Otras de las exenciones que contempla el proyecto de acuerdo est\u00e1n orientadas al impuesto de industria y comercio, tales como:<\/strong><\/p>\n<ul>\n<li>Exenci\u00f3n de 100 % en 2022 y 50 % en 2023 en el pago de industria y comercio a empresas que se formalicen a trav\u00e9s de los programas:&nbsp;<br \/>&#8211; Cedezos<br \/>&#8211; Centros de Valle del Software<br \/>&#8211; Capital Semilla<br \/>&#8211; Econom\u00eda Creativa<br \/>&#8211; Emprendimiento de Base Tecnol\u00f3gica<br \/>&#8211; Spin off<\/li>\n<li>Exenci\u00f3n del 100 % en 2022 y 50 % en 2023 para empresas que se constituyan a partir de 2021 y cuya actividad econ\u00f3mica principal est\u00e9 relacionada con tecnolog\u00edas de la informaci\u00f3n y las comunicaciones \u2013 TIC, tecnolog\u00edas de la cuarta revoluci\u00f3n industrial y econom\u00eda creativa.<\/li>\n<li>Exenci\u00f3n del 100 % en 2022 y 50 % en 2023 para empresas que se constituyan a partir de 2021, que desarrollen actividades industriales, comerciales o de servicios y que establezcan o trasladen su sede principal de operaciones a Medell\u00edn, generen nuevos empleos y realicen inversi\u00f3n extranjera directa desde dos millones de d\u00f3lares (USD 2.000.000).<\/li>\n<li>Exenci\u00f3n del 100 % en 2022 y 50 % en 2023 para nuevas empresas que operen bajo declaratoria de zona franca y para las que trasladen su sede principal de operaciones a zona franca en Medell\u00edn.<\/li>\n<li>\u201cDebido a las restricciones y toques de queda asociados a la pandemia, los sectores de entretenimiento, gastron\u00f3mico y tur\u00edstico de la ciudad se vieron altamente afectados. La ciudad debe ser solidaria con esta situaci\u00f3n, por ello, hemos definido medidas orientadas a la reactivaci\u00f3n de estos renglones en espec\u00edfico\u201d, destac\u00f3 el secretario Hurtado P\u00e9rez. Entre ellas se encuentran:<\/li>\n<li>Exenci\u00f3n del 40 % en 2022 en los impuestos predial e industria y comercio para operadores tur\u00edsticos que se encuentren clasificados y registrados como prestadores de servicios tur\u00edsticos en el registro nacional de turismo (art\u00edculo 49 Ley 2068).<\/li>\n<li>Exenci\u00f3n del 20 % en 2022 en el impuesto de industria y comercio para los contribuyentes cuya actividad principal est\u00e9 relacionada con los c\u00f3digos CIIU 5611 y 5630.<\/li>\n<\/ul>\n<p>Con estas y otras medidas adicionales, la Alcald\u00eda de Medell\u00edn le apuesta a dinamizar el sector econ\u00f3mico de la ciudad. \u201cLas crisis deben verse como una oportunidad. Ante situaciones imprevisibles como una pandemia no hay mejor alternativa que actuar con contundencia para proteger la poblaci\u00f3n. Esa misma contundencia est\u00e1 en el centro de nuestro Plan de Reactivaci\u00f3n Econ\u00f3mica, queremos construir una ciudad pr\u00f3spera, con oportunidades para todos, con la tecnolog\u00eda, la innovaci\u00f3n, el conocimiento en una mano y la equidad social en la otra\u201d, concluy\u00f3 el Secretario de Hacienda.<\/p>\n<\/div>\n<div class=\"compartir\">Compartir en:<a title=\"\" href=\"http:\/\/www.facebook.com\/share.php?u=\" class=\"btCompartirFacebook btCompartir\" target=\"_blank\" rel=\"noopener\"><\/a><a title=\"\" href=\"http:\/\/twitter.com\/home?status=Haz%20clic%20para%20ver%20esta%20noticia%20en%20\" class=\"btCompartirTwitter btCompartir\"><\/a><a title=\"\" href=\"whatsapp:\/\/send?text=Haz%20clic%20para%20ver%20esta%20noticia%20en%20\" class=\"btCompartirWa btCompartir\"><\/a><\/div>\n<\/div>\n<p><script>try{comprobarImagen();fixBtnRedes();hitsMedellin();}catch(e){}<\/script><\/div>\n<p><\/span><\/span><\/p>\n","protected":false},"excerpt":{"rendered":"<p>Foto: Centro Administrativo La Alpujarra. Fot\u00f3grafo: Foto Carlos Vidal \u00c1lvarez 2021-08-28 Aprobados incentivos tributarios para la reactivaci\u00f3n econ\u00f3mica de Medell\u00edn Distrito Especial Por Secretar\u00eda de Hacienda :: El proyecto de acuerdo de incentivos tributarios fue &#8230;<\/p>\n","protected":false},"author":1,"featured_media":56491,"comment_status":"open","ping_status":"open","sticky":false,"template":"","format":"standard","meta":[],"categories":[5,8,9,22,17],"tags":[432,437,439,434],"formato_nota":[],"programas_tax":[],"acf":[],"_links":{"self":[{"href":"https:\/\/www.medellin.gov.co\/es\/wp-json\/wp\/v2\/posts\/51461"}],"collection":[{"href":"https:\/\/www.medellin.gov.co\/es\/wp-json\/wp\/v2\/posts"}],"about":[{"href":"https:\/\/www.medellin.gov.co\/es\/wp-json\/wp\/v2\/types\/post"}],"author":[{"embeddable":true,"href":"https:\/\/www.medellin.gov.co\/es\/wp-json\/wp\/v2\/users\/1"}],"replies":[{"embeddable":true,"href":"https:\/\/www.medellin.gov.co\/es\/wp-json\/wp\/v2\/comments?post=51461"}],"version-history":[{"count":1,"href":"https:\/\/www.medellin.gov.co\/es\/wp-json\/wp\/v2\/posts\/51461\/revisions"}],"predecessor-version":[{"id":53330,"href":"https:\/\/www.medellin.gov.co\/es\/wp-json\/wp\/v2\/posts\/51461\/revisions\/53330"}],"wp:featuredmedia":[{"embeddable":true,"href":"https:\/\/www.medellin.gov.co\/es\/wp-json\/wp\/v2\/media\/56491"}],"wp:attachment":[{"href":"https:\/\/www.medellin.gov.co\/es\/wp-json\/wp\/v2\/media?parent=51461"}],"wp:term":[{"taxonomy":"category","embeddable":true,"href":"https:\/\/www.medellin.gov.co\/es\/wp-json\/wp\/v2\/categories?post=51461"},{"taxonomy":"post_tag","embeddable":true,"href":"https:\/\/www.medellin.gov.co\/es\/wp-json\/wp\/v2\/tags?post=51461"},{"taxonomy":"formato_nota","embeddable":true,"href":"https:\/\/www.medellin.gov.co\/es\/wp-json\/wp\/v2\/formato_nota?post=51461"},{"taxonomy":"programas_tax","embeddable":true,"href":"https:\/\/www.medellin.gov.co\/es\/wp-json\/wp\/v2\/programas_tax?post=51461"}],"curies":[{"name":"wp","href":"https:\/\/api.w.org\/{rel}","templated":true}]}}