{"id":515436,"date":"2026-04-10T05:48:02","date_gmt":"2026-04-10T10:48:02","guid":{"rendered":"https:\/\/www.medellin.gov.co\/es\/?p=515436"},"modified":"2026-04-10T14:21:17","modified_gmt":"2026-04-10T19:21:17","slug":"dilia-sabugara-la-traductora-que-abre-caminos-entre-lenguas-indigenas-en-medellin","status":"publish","type":"post","link":"https:\/\/www.medellin.gov.co\/es\/sala-de-prensa\/noticias\/dilia-sabugara-la-traductora-que-abre-caminos-entre-lenguas-indigenas-en-medellin\/","title":{"rendered":"Dilia Sabugara, la traductora que abre caminos entre lenguas ind\u00edgenas en Medell\u00edn"},"content":{"rendered":"<blockquote><p><em>En <a href=\"https:\/\/www.medellin.gov.co\/es\/unidad-administrativa-especial-buen-comienzo\/\">Buen Comienzo<\/a> esta mujer acompa\u00f1a a familias ind\u00edgenas en encuentros en los que la palabra necesita traducci\u00f3n y tiempo.<\/em><\/p><\/blockquote>\n<p>El fr\u00edo se siente desde antes de llegar. El carro se queda m\u00e1s abajo y toca caminar hasta El Faro de la comuna 8 (Villa Hermosa), con el viento pegando de frente y el cuerpo todav\u00eda sin entrar en calor.<\/p>\n<p>Dilia Sabugara avanza por la loma sin apurarse. Apenas ve al grupo con el que va a reunirse empieza a saludar a las personas una por una. Est\u00e1 en una focalizaci\u00f3n de la modalidad familiar del programa <a href=\"https:\/\/www.medellin.gov.co\/es\/unidad-administrativa-especial-buen-comienzo\/\">Buen Comienzo de la Alcald\u00eda de Medell\u00edn<\/a> \u2013 un espacio pensado para el acompa\u00f1amiento integral de ni\u00f1as, ni\u00f1os y mujeres gestantes y lactantes \u2013, en un asentamiento ind\u00edgena de la comunidad <a href=\"https:\/\/www.onic.org.co\/pueblos\/1094-embera\" target=\"_blank\" rel=\"noopener\">embera kat\u00edo<\/a> que vive en la zona, y se mueve entre las conversaciones con la naturalidad de quien conoce el terreno.<\/p>\n<div id=\"attachment_515439\" style=\"width: 1199px\" class=\"wp-caption alignnone\"><img aria-describedby=\"caption-attachment-515439\" loading=\"lazy\" class=\"wp-image-515439 size-full\" title=\"Dilia Sabugara\" src=\"https:\/\/www.medellin.gov.co\/es\/wp-content\/uploads\/2026\/04\/lengua_indigenas-2.jpg\" alt=\"Dilia Sabugara\" width=\"1189\" height=\"850\" srcset=\"https:\/\/www.medellin.gov.co\/es\/wp-content\/uploads\/2026\/04\/lengua_indigenas-2.jpg 1189w, https:\/\/www.medellin.gov.co\/es\/wp-content\/uploads\/2026\/04\/lengua_indigenas-2-300x214.jpg 300w, https:\/\/www.medellin.gov.co\/es\/wp-content\/uploads\/2026\/04\/lengua_indigenas-2-1024x732.jpg 1024w, https:\/\/www.medellin.gov.co\/es\/wp-content\/uploads\/2026\/04\/lengua_indigenas-2-150x107.jpg 150w, https:\/\/www.medellin.gov.co\/es\/wp-content\/uploads\/2026\/04\/lengua_indigenas-2-768x549.jpg 768w\" sizes=\"(max-width: 1189px) 100vw, 1189px\" \/><p id=\"caption-attachment-515439\" class=\"wp-caption-text\">Dilia Sabugara<\/p><\/div>\n<p>Naci\u00f3 en el <a href=\"https:\/\/www.choco.gov.co\/\" target=\"_blank\" rel=\"noopener\">Choc\u00f3<\/a>, en la comunidad embera dobid\u00e1. Sali\u00f3 de all\u00ed siendo ni\u00f1a, enviada por su padre a una casa de familia con la esperanza de que pudiera estudiar. Primero pas\u00f3 por Istmina y all\u00e1, con apenas 11 a\u00f1os, entendi\u00f3 que el estudio ven\u00eda atado al trabajo dom\u00e9stico y a una relaci\u00f3n desigual. <em>\u201cYo viv\u00ed primero en una casa de familia. Hac\u00eda los oficios y por medio de eso me daban el estudio\u201d,<\/em> cuenta.<\/p>\n<div id=\"attachment_515444\" style=\"width: 1201px\" class=\"wp-caption alignnone\"><img aria-describedby=\"caption-attachment-515444\" loading=\"lazy\" class=\"wp-image-515444 size-full\" title=\"Dilia Sabugara\" src=\"https:\/\/www.medellin.gov.co\/es\/wp-content\/uploads\/2026\/04\/lengua_indigenas-6.jpg\" alt=\"Dilia Sabugara\" width=\"1191\" height=\"850\" srcset=\"https:\/\/www.medellin.gov.co\/es\/wp-content\/uploads\/2026\/04\/lengua_indigenas-6.jpg 1191w, https:\/\/www.medellin.gov.co\/es\/wp-content\/uploads\/2026\/04\/lengua_indigenas-6-300x214.jpg 300w, https:\/\/www.medellin.gov.co\/es\/wp-content\/uploads\/2026\/04\/lengua_indigenas-6-1024x731.jpg 1024w, https:\/\/www.medellin.gov.co\/es\/wp-content\/uploads\/2026\/04\/lengua_indigenas-6-150x107.jpg 150w, https:\/\/www.medellin.gov.co\/es\/wp-content\/uploads\/2026\/04\/lengua_indigenas-6-768x548.jpg 768w\" sizes=\"(max-width: 1191px) 100vw, 1191px\" \/><p id=\"caption-attachment-515444\" class=\"wp-caption-text\">Dilia Sabugara<\/p><\/div>\n<p>Mucho despu\u00e9s lleg\u00f3 a <a href=\"https:\/\/www.instagram.com\/alcaldiademed\/?hl=es-la\" target=\"_blank\" rel=\"noopener\">Medell\u00edn<\/a>, todav\u00eda joven, todav\u00eda sin red propia y con nada m\u00e1s que la esperanza de seguir trabajando como empleada dom\u00e9stica para poder graduarse. En la ciudad conoci\u00f3 a Jhonier Franklin Puchicama, artesano de origen <a href=\"https:\/\/www.onic.org.co\/pueblos\/1155-waunana\" target=\"_blank\" rel=\"noopener\">wounaan<\/a>. Con \u00e9l empez\u00f3 una vida en com\u00fan hecha de piezas peque\u00f1as, ventas diarias y recorridos largos. Vivieron en <a href=\"https:\/\/www.medellin.gov.co\/es\/conoce-algunos-datos-generales-de-la-ciudad\/\">Santo Domingo, luego en Campo Vald\u00e9<\/a>s. En el centro vend\u00edan las cosas que hac\u00edan; sal\u00edan juntos a buscar el d\u00eda. Y en ese ir y venir llegaron sus hijos Efr\u00e9n, Daira y, a\u00f1os m\u00e1s tarde, Shaira.<\/p>\n<p><strong>Usuaria de Buen Comienzo<\/strong><\/p>\n<p>El trabajo con poblaci\u00f3n ind\u00edgena apareci\u00f3 cuando ya era madre. Una caracterizaci\u00f3n impulsada por la Universidad de Antioquia buscaba apoyo para comunicarse con comunidades ind\u00edgenas reci\u00e9n llegadas a Medell\u00edn. Dilia acept\u00f3 sin tener del todo claro el encargo: <em>\u201cYo les dije que s\u00ed, que yo los ayudaba, sin conocer\u201d<\/em>. Y, justo en ese momento, empez\u00f3 a tomar forma un oficio que hab\u00eda practicado desde siempre: traducir lenguas y contextos.<\/p>\n\n\t\t<style type=\"text\/css\">\n\t\t\t#gallery-1 {\n\t\t\t\tmargin: auto;\n\t\t\t}\n\t\t\t#gallery-1 .gallery-item {\n\t\t\t\tfloat: left;\n\t\t\t\tmargin-top: 10px;\n\t\t\t\ttext-align: center;\n\t\t\t\twidth: 50%;\n\t\t\t}\n\t\t\t#gallery-1 img {\n\t\t\t\tborder: 2px solid #cfcfcf;\n\t\t\t}\n\t\t\t#gallery-1 .gallery-caption {\n\t\t\t\tmargin-left: 0;\n\t\t\t}\n\t\t\t\/* see gallery_shortcode() in wp-includes\/media.php *\/\n\t\t<\/style>\n\t\t<div id='gallery-1' class='gallery galleryid-515436 gallery-columns-2 gallery-size-large'><dl class='gallery-item'>\n\t\t\t<dt class='gallery-icon landscape'>\n\t\t\t\t<a href='https:\/\/www.medellin.gov.co\/es\/sala-de-prensa\/noticias\/dilia-sabugara-la-traductora-que-abre-caminos-entre-lenguas-indigenas-en-medellin\/screenshot-22\/'><img width=\"1024\" height=\"731\" src=\"https:\/\/www.medellin.gov.co\/es\/wp-content\/uploads\/2026\/04\/lengua_indigenas-5-1024x731.jpg\" class=\"attachment-large size-large\" alt=\"Dilia Sabugara\" loading=\"lazy\" aria-describedby=\"gallery-1-515442\" srcset=\"https:\/\/www.medellin.gov.co\/es\/wp-content\/uploads\/2026\/04\/lengua_indigenas-5-1024x731.jpg 1024w, https:\/\/www.medellin.gov.co\/es\/wp-content\/uploads\/2026\/04\/lengua_indigenas-5-300x214.jpg 300w, https:\/\/www.medellin.gov.co\/es\/wp-content\/uploads\/2026\/04\/lengua_indigenas-5-150x107.jpg 150w, https:\/\/www.medellin.gov.co\/es\/wp-content\/uploads\/2026\/04\/lengua_indigenas-5-768x549.jpg 768w, https:\/\/www.medellin.gov.co\/es\/wp-content\/uploads\/2026\/04\/lengua_indigenas-5.jpg 1190w\" sizes=\"(max-width: 1024px) 100vw, 1024px\" \/><\/a>\n\t\t\t<\/dt>\n\t\t\t\t<dd class='wp-caption-text gallery-caption' id='gallery-1-515442'>\n\t\t\t\tDilia Sabugara\n\t\t\t\t<\/dd><\/dl><dl class='gallery-item'>\n\t\t\t<dt class='gallery-icon landscape'>\n\t\t\t\t<a href='https:\/\/www.medellin.gov.co\/es\/sala-de-prensa\/noticias\/dilia-sabugara-la-traductora-que-abre-caminos-entre-lenguas-indigenas-en-medellin\/screenshot-24\/'><img width=\"1024\" height=\"731\" src=\"https:\/\/www.medellin.gov.co\/es\/wp-content\/uploads\/2026\/04\/lengua_indigenas-7-1024x731.jpg\" class=\"attachment-large size-large\" alt=\"Dilia Sabugara\" loading=\"lazy\" aria-describedby=\"gallery-1-515446\" srcset=\"https:\/\/www.medellin.gov.co\/es\/wp-content\/uploads\/2026\/04\/lengua_indigenas-7-1024x731.jpg 1024w, https:\/\/www.medellin.gov.co\/es\/wp-content\/uploads\/2026\/04\/lengua_indigenas-7-300x214.jpg 300w, https:\/\/www.medellin.gov.co\/es\/wp-content\/uploads\/2026\/04\/lengua_indigenas-7-150x107.jpg 150w, https:\/\/www.medellin.gov.co\/es\/wp-content\/uploads\/2026\/04\/lengua_indigenas-7-768x549.jpg 768w, https:\/\/www.medellin.gov.co\/es\/wp-content\/uploads\/2026\/04\/lengua_indigenas-7.jpg 1190w\" sizes=\"(max-width: 1024px) 100vw, 1024px\" \/><\/a>\n\t\t\t<\/dt>\n\t\t\t\t<dd class='wp-caption-text gallery-caption' id='gallery-1-515446'>\n\t\t\t\tDilia Sabugara\n\t\t\t\t<\/dd><\/dl><br style=\"clear: both\" \/>\n\t\t<\/div>\n\n<p>Con ese trabajo llegaron tambi\u00e9n las recomendaciones para estudiar. Le dijeron que no pod\u00eda quedarse solo con el bachillerato, que necesitaba una formaci\u00f3n que respaldara lo que ya hac\u00eda en la pr\u00e1ctica. As\u00ed que se inscribi\u00f3 en una instituci\u00f3n de educaci\u00f3n superior para convertirse en auxiliar docente y empez\u00f3 a estudiar los domingos, mientras segu\u00eda trabajando y criando.<\/p>\n<div id=\"attachment_515452\" style=\"width: 1200px\" class=\"wp-caption alignnone\"><img aria-describedby=\"caption-attachment-515452\" loading=\"lazy\" class=\"wp-image-515452 size-full\" title=\"Buen Comienzo\" src=\"https:\/\/www.medellin.gov.co\/es\/wp-content\/uploads\/2026\/04\/lengua_indigenas-1.jpg\" alt=\"Buen Comienzo\" width=\"1190\" height=\"850\" srcset=\"https:\/\/www.medellin.gov.co\/es\/wp-content\/uploads\/2026\/04\/lengua_indigenas-1.jpg 1190w, https:\/\/www.medellin.gov.co\/es\/wp-content\/uploads\/2026\/04\/lengua_indigenas-1-300x214.jpg 300w, https:\/\/www.medellin.gov.co\/es\/wp-content\/uploads\/2026\/04\/lengua_indigenas-1-1024x731.jpg 1024w, https:\/\/www.medellin.gov.co\/es\/wp-content\/uploads\/2026\/04\/lengua_indigenas-1-150x107.jpg 150w, https:\/\/www.medellin.gov.co\/es\/wp-content\/uploads\/2026\/04\/lengua_indigenas-1-768x549.jpg 768w\" sizes=\"(max-width: 1190px) 100vw, 1190px\" \/><p id=\"caption-attachment-515452\" class=\"wp-caption-text\">Buen Comienzo<\/p><\/div>\n<p>Despu\u00e9s ingres\u00f3 a la modalidad institucional de Buen Comienzo. Labor\u00f3 all\u00ed durante varios a\u00f1os, incluso cuando estaba embarazada. En ese proceso conoci\u00f3 Buen Comienzo desde otro lugar: como madre usuaria de la modalidad familiar, acompa\u00f1ando a su hija menor. <em>\u201cYo pensaba que Buen Comienzo era solo institucional. No entend\u00eda qu\u00e9 era modalidad familiar\u201d,<\/em> expresa.<\/p>\n<blockquote><p>Te puede interesar: <a href=\"https:\/\/www.medellin.gov.co\/es\/sala-de-prensa\/noticias\/de-la-comunidad-embera-al-corazon-de-medellin-un-aula-en-donde-se-forjan-liderazgos\/\" target=\"_blank\" rel=\"noopener\">De la comunidad Embera, al coraz\u00f3n de Medell\u00edn: un aula en donde se forjan liderazgos<\/a><\/p><\/blockquote>\n<p><strong>Modalidad familiar<\/strong><\/p>\n<p>Participar en la modalidad familiar le permiti\u00f3 vivir el programa desde adentro, como familia acompa\u00f1ada. Aprendi\u00f3 sobre crianza, alimentaci\u00f3n y cuidado en un espacio que no sent\u00eda ajeno. <em>\u201cAhora s\u00ed entiendo qu\u00e9 es modalidad familiar\u201d,<\/em> dice, siendo muy consciente de que esa experiencia fue decisiva.<\/p>\n<div id=\"attachment_515441\" style=\"width: 1201px\" class=\"wp-caption alignnone\"><img aria-describedby=\"caption-attachment-515441\" loading=\"lazy\" class=\"wp-image-515441 size-full\" title=\"Dilia Sabugara\" src=\"https:\/\/www.medellin.gov.co\/es\/wp-content\/uploads\/2026\/04\/lengua_indigenas-4.jpg\" alt=\"Dilia Sabugara\" width=\"1191\" height=\"850\" srcset=\"https:\/\/www.medellin.gov.co\/es\/wp-content\/uploads\/2026\/04\/lengua_indigenas-4.jpg 1191w, https:\/\/www.medellin.gov.co\/es\/wp-content\/uploads\/2026\/04\/lengua_indigenas-4-300x214.jpg 300w, https:\/\/www.medellin.gov.co\/es\/wp-content\/uploads\/2026\/04\/lengua_indigenas-4-1024x731.jpg 1024w, https:\/\/www.medellin.gov.co\/es\/wp-content\/uploads\/2026\/04\/lengua_indigenas-4-150x107.jpg 150w, https:\/\/www.medellin.gov.co\/es\/wp-content\/uploads\/2026\/04\/lengua_indigenas-4-768x548.jpg 768w\" sizes=\"(max-width: 1191px) 100vw, 1191px\" \/><p id=\"caption-attachment-515441\" class=\"wp-caption-text\">Dilia Sabugara<\/p><\/div>\n<p>Unos meses m\u00e1s adelante, en medio de un largo periodo sin empleo, una recomendaci\u00f3n la puso de nuevo en el camino laboral. En la modalidad familiar de Buen Comienzo necesitaban a alguien que pudiera comunicarse con las familias ind\u00edgenas que habitan la ciudad. <em>\u201cYo soy auxiliar docente y traductora de la poblaci\u00f3n ind\u00edgena, sin importar la comunidad a la que pertenezcan\u201d,<\/em> explica. En su trabajo acompa\u00f1a a familias emberas kat\u00edo, cham\u00ed, dobid\u00e1 y ey\u00e1bida, cuyas lenguas son distintas, pero comparten estructuras y sonidos similares, lo que permite que la comunicaci\u00f3n fluya con ajustes m\u00ednimos y mucha escucha.<\/p>\n\n\t\t<style type=\"text\/css\">\n\t\t\t#gallery-2 {\n\t\t\t\tmargin: auto;\n\t\t\t}\n\t\t\t#gallery-2 .gallery-item {\n\t\t\t\tfloat: left;\n\t\t\t\tmargin-top: 10px;\n\t\t\t\ttext-align: center;\n\t\t\t\twidth: 50%;\n\t\t\t}\n\t\t\t#gallery-2 img {\n\t\t\t\tborder: 2px solid #cfcfcf;\n\t\t\t}\n\t\t\t#gallery-2 .gallery-caption {\n\t\t\t\tmargin-left: 0;\n\t\t\t}\n\t\t\t\/* see gallery_shortcode() in wp-includes\/media.php *\/\n\t\t<\/style>\n\t\t<div id='gallery-2' class='gallery galleryid-515436 gallery-columns-2 gallery-size-large'><dl class='gallery-item'>\n\t\t\t<dt class='gallery-icon landscape'>\n\t\t\t\t<a href='https:\/\/www.medellin.gov.co\/es\/sala-de-prensa\/noticias\/dilia-sabugara-la-traductora-que-abre-caminos-entre-lenguas-indigenas-en-medellin\/lengua_indigenas-8\/'><img width=\"1024\" height=\"768\" src=\"https:\/\/www.medellin.gov.co\/es\/wp-content\/uploads\/2026\/04\/lengua_indigenas-8-1024x768.jpg\" class=\"attachment-large size-large\" alt=\"Dilia Sabugara\" loading=\"lazy\" aria-describedby=\"gallery-2-515447\" srcset=\"https:\/\/www.medellin.gov.co\/es\/wp-content\/uploads\/2026\/04\/lengua_indigenas-8-1024x768.jpg 1024w, https:\/\/www.medellin.gov.co\/es\/wp-content\/uploads\/2026\/04\/lengua_indigenas-8-300x225.jpg 300w, https:\/\/www.medellin.gov.co\/es\/wp-content\/uploads\/2026\/04\/lengua_indigenas-8-150x113.jpg 150w, https:\/\/www.medellin.gov.co\/es\/wp-content\/uploads\/2026\/04\/lengua_indigenas-8-768x576.jpg 768w, https:\/\/www.medellin.gov.co\/es\/wp-content\/uploads\/2026\/04\/lengua_indigenas-8.jpg 1133w\" sizes=\"(max-width: 1024px) 100vw, 1024px\" \/><\/a>\n\t\t\t<\/dt>\n\t\t\t\t<dd class='wp-caption-text gallery-caption' id='gallery-2-515447'>\n\t\t\t\tDilia Sabugara\n\t\t\t\t<\/dd><\/dl><dl class='gallery-item'>\n\t\t\t<dt class='gallery-icon landscape'>\n\t\t\t\t<a href='https:\/\/www.medellin.gov.co\/es\/sala-de-prensa\/noticias\/dilia-sabugara-la-traductora-que-abre-caminos-entre-lenguas-indigenas-en-medellin\/lengua_indigenas-9\/'><img width=\"1024\" height=\"768\" src=\"https:\/\/www.medellin.gov.co\/es\/wp-content\/uploads\/2026\/04\/lengua_indigenas-9-1024x768.jpg\" class=\"attachment-large size-large\" alt=\"Dilia Sabugara\" loading=\"lazy\" aria-describedby=\"gallery-2-515449\" srcset=\"https:\/\/www.medellin.gov.co\/es\/wp-content\/uploads\/2026\/04\/lengua_indigenas-9-1024x768.jpg 1024w, https:\/\/www.medellin.gov.co\/es\/wp-content\/uploads\/2026\/04\/lengua_indigenas-9-300x225.jpg 300w, https:\/\/www.medellin.gov.co\/es\/wp-content\/uploads\/2026\/04\/lengua_indigenas-9-150x113.jpg 150w, https:\/\/www.medellin.gov.co\/es\/wp-content\/uploads\/2026\/04\/lengua_indigenas-9-768x576.jpg 768w, https:\/\/www.medellin.gov.co\/es\/wp-content\/uploads\/2026\/04\/lengua_indigenas-9.jpg 1133w\" sizes=\"(max-width: 1024px) 100vw, 1024px\" \/><\/a>\n\t\t\t<\/dt>\n\t\t\t\t<dd class='wp-caption-text gallery-caption' id='gallery-2-515449'>\n\t\t\t\tDilia Sabugara\n\t\t\t\t<\/dd><\/dl><br style=\"clear: both\" \/>\n\t\t<\/div>\n\n<p>Hoy vive en el barrio La Libertad con Jhonier Franklin Puchicama y sus hijos. \u00c9l sigue trabajando la artesan\u00eda; ella camina los territorios y, en cada encuentro, habla de estudio, de alimentaci\u00f3n, de cuidado. No levanta la voz. Traduce palabras, gestos y silencios, como ocurre ahora mismo en El Faro de la comuna 8, mientras el fr\u00edo sigue bajando, y habla en una lengua que no comparten los dem\u00e1s compa\u00f1eros de trabajo, pero que las mujeres que la escuchan reconocen como propia y a partir de la cual deciden vincularse y creer en Buen Comienzo.<\/p>\n","protected":false},"excerpt":{"rendered":"<p>En Buen Comienzo esta mujer acompa\u00f1a a familias ind\u00edgenas en encuentros en los que la palabra necesita traducci\u00f3n y tiempo. El fr\u00edo se siente desde antes de llegar. El carro se queda m\u00e1s abajo y &#8230;<\/p>\n","protected":false},"author":17,"featured_media":515440,"comment_status":"open","ping_status":"open","sticky":false,"template":"","format":"standard","meta":[],"categories":[531,533],"tags":[431,725],"formato_nota":[],"programas_tax":[],"acf":[],"_links":{"self":[{"href":"https:\/\/www.medellin.gov.co\/es\/wp-json\/wp\/v2\/posts\/515436"}],"collection":[{"href":"https:\/\/www.medellin.gov.co\/es\/wp-json\/wp\/v2\/posts"}],"about":[{"href":"https:\/\/www.medellin.gov.co\/es\/wp-json\/wp\/v2\/types\/post"}],"author":[{"embeddable":true,"href":"https:\/\/www.medellin.gov.co\/es\/wp-json\/wp\/v2\/users\/17"}],"replies":[{"embeddable":true,"href":"https:\/\/www.medellin.gov.co\/es\/wp-json\/wp\/v2\/comments?post=515436"}],"version-history":[{"count":2,"href":"https:\/\/www.medellin.gov.co\/es\/wp-json\/wp\/v2\/posts\/515436\/revisions"}],"predecessor-version":[{"id":515455,"href":"https:\/\/www.medellin.gov.co\/es\/wp-json\/wp\/v2\/posts\/515436\/revisions\/515455"}],"wp:featuredmedia":[{"embeddable":true,"href":"https:\/\/www.medellin.gov.co\/es\/wp-json\/wp\/v2\/media\/515440"}],"wp:attachment":[{"href":"https:\/\/www.medellin.gov.co\/es\/wp-json\/wp\/v2\/media?parent=515436"}],"wp:term":[{"taxonomy":"category","embeddable":true,"href":"https:\/\/www.medellin.gov.co\/es\/wp-json\/wp\/v2\/categories?post=515436"},{"taxonomy":"post_tag","embeddable":true,"href":"https:\/\/www.medellin.gov.co\/es\/wp-json\/wp\/v2\/tags?post=515436"},{"taxonomy":"formato_nota","embeddable":true,"href":"https:\/\/www.medellin.gov.co\/es\/wp-json\/wp\/v2\/formato_nota?post=515436"},{"taxonomy":"programas_tax","embeddable":true,"href":"https:\/\/www.medellin.gov.co\/es\/wp-json\/wp\/v2\/programas_tax?post=515436"}],"curies":[{"name":"wp","href":"https:\/\/api.w.org\/{rel}","templated":true}]}}