{"id":515836,"date":"2026-04-13T03:27:50","date_gmt":"2026-04-13T08:27:50","guid":{"rendered":"https:\/\/www.medellin.gov.co\/es\/?p=515836"},"modified":"2026-04-13T10:29:56","modified_gmt":"2026-04-13T15:29:56","slug":"medellin-comparte-su-modelo-de-desarrollo-orientado-al-transporte-y-deja-huella-en-la-planeacion-de-panama","status":"publish","type":"post","link":"https:\/\/www.medellin.gov.co\/es\/sala-de-prensa\/noticias\/medellin-comparte-su-modelo-de-desarrollo-orientado-al-transporte-y-deja-huella-en-la-planeacion-de-panama\/","title":{"rendered":"Medell\u00edn comparte su modelo de Desarrollo Orientado al Transporte y deja huella en la planeaci\u00f3n de Panam\u00e1"},"content":{"rendered":"<blockquote><p>Durante dos d\u00edas de agenda t\u00e9cnica y recorridos de campo, <a href=\"https:\/\/www.instagram.com\/alcaldiademed\/?hl=es-la\">Medell\u00edn<\/a> present\u00f3 su modelo de <a href=\"https:\/\/negocios.metrodemedellin.gov.co\/noticias\/dot-conectamos-personas-y-transformamos-territorios\" target=\"_blank\" rel=\"noopener\">Desarrollo Orientado al Transporte (DOT)<\/a> y lo explic\u00f3 con planos, cifras, instrumentos y memoria institucional. La delegaci\u00f3n de la <a href=\"https:\/\/www.jica.go.jp\/spanish\/\" target=\"_blank\" rel=\"noopener\">Agencia de Cooperaci\u00f3n Internacional del Jap\u00f3n (JICA)<\/a>, el <a href=\"https:\/\/www.miviot.gob.pa\/\" target=\"_blank\" rel=\"noopener\">Ministerio de Vivienda y Ordenamiento Territorial<\/a> y el <a href=\"https:\/\/elmetrodepanama.com\/\" target=\"_blank\" rel=\"noopener\">Metro de Panam\u00e1<\/a> encontr\u00f3 en la ciudad algo m\u00e1s que estaciones y cables: un sistema donde la planeaci\u00f3n urbana, la movilidad y la gesti\u00f3n del suelo conversan entre s\u00ed y responden a una misma visi\u00f3n de ciudad.<\/p><\/blockquote>\n<p>En los di\u00e1logos abiertos, Nippon Koei, directora del equipo de expertos de JICA Panam\u00e1, puso el acento en lo intangible: <em>\u201cTodos los funcionarios hablan de su trabajo pensando en la gente, en el inter\u00e9s p\u00fablico. Eso no es com\u00fan. Es evidente que aqu\u00ed existe una cultura de colaboraci\u00f3n y servicio\u201d.<\/em> Reconoci\u00f3 que no es un modelo sencillo, por su complejidad normativa y t\u00e9cnica, por lo que expres\u00f3 admiraci\u00f3n por la manera en que Medell\u00edn ha logrado estructurarlo y sostenerlo con coherencia institucional.<\/p>\n\n\t\t<style type=\"text\/css\">\n\t\t\t#gallery-1 {\n\t\t\t\tmargin: auto;\n\t\t\t}\n\t\t\t#gallery-1 .gallery-item {\n\t\t\t\tfloat: left;\n\t\t\t\tmargin-top: 10px;\n\t\t\t\ttext-align: center;\n\t\t\t\twidth: 50%;\n\t\t\t}\n\t\t\t#gallery-1 img {\n\t\t\t\tborder: 2px solid #cfcfcf;\n\t\t\t}\n\t\t\t#gallery-1 .gallery-caption {\n\t\t\t\tmargin-left: 0;\n\t\t\t}\n\t\t\t\/* see gallery_shortcode() in wp-includes\/media.php *\/\n\t\t<\/style>\n\t\t<div id='gallery-1' class='gallery galleryid-515836 gallery-columns-2 gallery-size-large'><dl class='gallery-item'>\n\t\t\t<dt class='gallery-icon landscape'>\n\t\t\t\t<a href='https:\/\/www.medellin.gov.co\/es\/sala-de-prensa\/noticias\/medellin-comparte-su-modelo-de-desarrollo-orientado-al-transporte-y-deja-huella-en-la-planeacion-de-panama\/visita_delegacionpanama_transporte-10\/'><img width=\"1024\" height=\"577\" src=\"https:\/\/www.medellin.gov.co\/es\/wp-content\/uploads\/2026\/04\/visita_delegacionPanama_transporte-10-1024x577.jpg\" class=\"attachment-large size-large\" alt=\"\" loading=\"lazy\" srcset=\"https:\/\/www.medellin.gov.co\/es\/wp-content\/uploads\/2026\/04\/visita_delegacionPanama_transporte-10-1024x577.jpg 1024w, https:\/\/www.medellin.gov.co\/es\/wp-content\/uploads\/2026\/04\/visita_delegacionPanama_transporte-10-300x169.jpg 300w, https:\/\/www.medellin.gov.co\/es\/wp-content\/uploads\/2026\/04\/visita_delegacionPanama_transporte-10-150x84.jpg 150w, https:\/\/www.medellin.gov.co\/es\/wp-content\/uploads\/2026\/04\/visita_delegacionPanama_transporte-10-768x433.jpg 768w, https:\/\/www.medellin.gov.co\/es\/wp-content\/uploads\/2026\/04\/visita_delegacionPanama_transporte-10.jpg 1280w\" sizes=\"(max-width: 1024px) 100vw, 1024px\" \/><\/a>\n\t\t\t<\/dt><\/dl><dl class='gallery-item'>\n\t\t\t<dt class='gallery-icon landscape'>\n\t\t\t\t<a href='https:\/\/www.medellin.gov.co\/es\/sala-de-prensa\/noticias\/medellin-comparte-su-modelo-de-desarrollo-orientado-al-transporte-y-deja-huella-en-la-planeacion-de-panama\/visita_delegacionpanama_transporte-2\/'><img width=\"1024\" height=\"577\" src=\"https:\/\/www.medellin.gov.co\/es\/wp-content\/uploads\/2026\/04\/visita_delegacionPanama_transporte-2-1024x577.jpg\" class=\"attachment-large size-large\" alt=\"\" loading=\"lazy\" srcset=\"https:\/\/www.medellin.gov.co\/es\/wp-content\/uploads\/2026\/04\/visita_delegacionPanama_transporte-2-1024x577.jpg 1024w, https:\/\/www.medellin.gov.co\/es\/wp-content\/uploads\/2026\/04\/visita_delegacionPanama_transporte-2-300x169.jpg 300w, https:\/\/www.medellin.gov.co\/es\/wp-content\/uploads\/2026\/04\/visita_delegacionPanama_transporte-2-150x84.jpg 150w, https:\/\/www.medellin.gov.co\/es\/wp-content\/uploads\/2026\/04\/visita_delegacionPanama_transporte-2-768x433.jpg 768w, https:\/\/www.medellin.gov.co\/es\/wp-content\/uploads\/2026\/04\/visita_delegacionPanama_transporte-2.jpg 1280w\" sizes=\"(max-width: 1024px) 100vw, 1024px\" \/><\/a>\n\t\t\t<\/dt><\/dl><br style=\"clear: both\" \/>\n\t\t<\/div>\n\n<h6>Delegaciones de la Agencia de Cooperaci\u00f3n Internacional del Jap\u00f3n (JICA), el Ministerio de Vivienda y Ordenamiento Territorial y el Metro de Panam\u00e1<\/h6>\n<p>Desde el ordenamiento territorial paname\u00f1o, la subdirectora nacional Gianina Rodr\u00edguez comparti\u00f3 una confesi\u00f3n que atraves\u00f3 la sala con honestidad. Al asumir la direcci\u00f3n descubri\u00f3 la dispersi\u00f3n normativa: decenas de instrumentos, planes locales y normativos superpuestos, incluso la posibilidad de que un privado proponga normas tomadas de otros territorios. <em>\u201cLevantar esa bit\u00e1cora para entender cu\u00e1ntos instrumentos tenemos ha sido un trabajo casi artesanal\u201d, <\/em>se\u00f1al\u00f3. Para ella, la experiencia de Medell\u00edn es una referencia concreta de <em>\u201cc\u00f3mo los instrumentos pueden ordenar el crecimiento y no correr detr\u00e1s de \u00e9l. Son fundamentales si queremos territorios m\u00e1s sostenibles y planificados\u201d.<\/em><\/p>\n<div id=\"attachment_515864\" style=\"width: 1285px\" class=\"wp-caption alignnone\"><a href=\"https:\/\/www.medellin.gov.co\/es\/wp-content\/uploads\/2026\/04\/visita_delegacionPanama_transporte-4.jpg\" target=\"_blank\" rel=\"noopener\"><img aria-describedby=\"caption-attachment-515864\" loading=\"lazy\" class=\"wp-image-515864 size-full\" title=\"Delegaciones de la Agencia de Cooperaci\u00f3n Internacional del Jap\u00f3n (JICA), el Ministerio de Vivienda y Ordenamiento Territorial y el Metro de Panam\u00e1\" src=\"https:\/\/www.medellin.gov.co\/es\/wp-content\/uploads\/2026\/04\/visita_delegacionPanama_transporte-4.jpg\" alt=\"Delegaciones de la Agencia de Cooperaci\u00f3n Internacional del Jap\u00f3n (JICA), el Ministerio de Vivienda y Ordenamiento Territorial y el Metro de Panam\u00e1\" width=\"1275\" height=\"850\" srcset=\"https:\/\/www.medellin.gov.co\/es\/wp-content\/uploads\/2026\/04\/visita_delegacionPanama_transporte-4.jpg 1275w, https:\/\/www.medellin.gov.co\/es\/wp-content\/uploads\/2026\/04\/visita_delegacionPanama_transporte-4-300x200.jpg 300w, https:\/\/www.medellin.gov.co\/es\/wp-content\/uploads\/2026\/04\/visita_delegacionPanama_transporte-4-1024x683.jpg 1024w, https:\/\/www.medellin.gov.co\/es\/wp-content\/uploads\/2026\/04\/visita_delegacionPanama_transporte-4-150x100.jpg 150w, https:\/\/www.medellin.gov.co\/es\/wp-content\/uploads\/2026\/04\/visita_delegacionPanama_transporte-4-768x512.jpg 768w\" sizes=\"(max-width: 1275px) 100vw, 1275px\" \/><\/a><p id=\"caption-attachment-515864\" class=\"wp-caption-text\">Delegaciones de la Agencia de Cooperaci\u00f3n Internacional del Jap\u00f3n (JICA), el Ministerio de Vivienda y Ordenamiento Territorial y el Metro de Panam\u00e1<\/p><\/div>\n<p>La agenda, que incluy\u00f3 presentaciones institucionales y recorridos por estaciones estrat\u00e9gicas del <a href=\"https:\/\/www.metrodemedellin.gov.co\/\" target=\"_blank\" rel=\"noopener\">Metro de Medell\u00edn<\/a>, permiti\u00f3 profundizar en mecanismos como la captura de plusval\u00edas, los derechos de construcci\u00f3n y la articulaci\u00f3n entre el <a href=\"https:\/\/www.medellin.gov.co\/pot\">Plan de Ordenamiento Territorial (POT)<\/a> y la infraestructura. Las preguntas fueron t\u00e9cnicas; las respuestas, minuciosas, casi pedag\u00f3gicas.<\/p>\n\n\t\t<style type=\"text\/css\">\n\t\t\t#gallery-2 {\n\t\t\t\tmargin: auto;\n\t\t\t}\n\t\t\t#gallery-2 .gallery-item {\n\t\t\t\tfloat: left;\n\t\t\t\tmargin-top: 10px;\n\t\t\t\ttext-align: center;\n\t\t\t\twidth: 50%;\n\t\t\t}\n\t\t\t#gallery-2 img {\n\t\t\t\tborder: 2px solid #cfcfcf;\n\t\t\t}\n\t\t\t#gallery-2 .gallery-caption {\n\t\t\t\tmargin-left: 0;\n\t\t\t}\n\t\t\t\/* see gallery_shortcode() in wp-includes\/media.php *\/\n\t\t<\/style>\n\t\t<div id='gallery-2' class='gallery galleryid-515836 gallery-columns-2 gallery-size-large'><dl class='gallery-item'>\n\t\t\t<dt class='gallery-icon landscape'>\n\t\t\t\t<a href='https:\/\/www.medellin.gov.co\/es\/sala-de-prensa\/noticias\/medellin-comparte-su-modelo-de-desarrollo-orientado-al-transporte-y-deja-huella-en-la-planeacion-de-panama\/visita_delegacionpanama_transporte-9\/'><img width=\"1024\" height=\"683\" src=\"https:\/\/www.medellin.gov.co\/es\/wp-content\/uploads\/2026\/04\/visita_delegacionPanama_transporte-9-1024x683.jpg\" class=\"attachment-large size-large\" alt=\"\" loading=\"lazy\" srcset=\"https:\/\/www.medellin.gov.co\/es\/wp-content\/uploads\/2026\/04\/visita_delegacionPanama_transporte-9-1024x683.jpg 1024w, https:\/\/www.medellin.gov.co\/es\/wp-content\/uploads\/2026\/04\/visita_delegacionPanama_transporte-9-300x200.jpg 300w, https:\/\/www.medellin.gov.co\/es\/wp-content\/uploads\/2026\/04\/visita_delegacionPanama_transporte-9-150x100.jpg 150w, https:\/\/www.medellin.gov.co\/es\/wp-content\/uploads\/2026\/04\/visita_delegacionPanama_transporte-9-768x512.jpg 768w, https:\/\/www.medellin.gov.co\/es\/wp-content\/uploads\/2026\/04\/visita_delegacionPanama_transporte-9.jpg 1275w\" sizes=\"(max-width: 1024px) 100vw, 1024px\" \/><\/a>\n\t\t\t<\/dt><\/dl><dl class='gallery-item'>\n\t\t\t<dt class='gallery-icon landscape'>\n\t\t\t\t<a href='https:\/\/www.medellin.gov.co\/es\/sala-de-prensa\/noticias\/medellin-comparte-su-modelo-de-desarrollo-orientado-al-transporte-y-deja-huella-en-la-planeacion-de-panama\/visita_delegacionpanama_transporte-8\/'><img width=\"1024\" height=\"683\" src=\"https:\/\/www.medellin.gov.co\/es\/wp-content\/uploads\/2026\/04\/visita_delegacionPanama_transporte-8-1024x683.jpg\" class=\"attachment-large size-large\" alt=\"\" loading=\"lazy\" srcset=\"https:\/\/www.medellin.gov.co\/es\/wp-content\/uploads\/2026\/04\/visita_delegacionPanama_transporte-8-1024x683.jpg 1024w, https:\/\/www.medellin.gov.co\/es\/wp-content\/uploads\/2026\/04\/visita_delegacionPanama_transporte-8-300x200.jpg 300w, https:\/\/www.medellin.gov.co\/es\/wp-content\/uploads\/2026\/04\/visita_delegacionPanama_transporte-8-150x100.jpg 150w, https:\/\/www.medellin.gov.co\/es\/wp-content\/uploads\/2026\/04\/visita_delegacionPanama_transporte-8-768x512.jpg 768w, https:\/\/www.medellin.gov.co\/es\/wp-content\/uploads\/2026\/04\/visita_delegacionPanama_transporte-8.jpg 1275w\" sizes=\"(max-width: 1024px) 100vw, 1024px\" \/><\/a>\n\t\t\t<\/dt><\/dl><br style=\"clear: both\" \/>\n\t\t<\/div>\n\n<p>Desde el <a href=\"https:\/\/www.medellin.gov.co\/es\/departamento-administrativo-de-planeacion\/\">Departamento Administrativo de Planeaci\u00f3n<\/a>, Jenny Sierra Nore\u00f1a, asesora de la Subdirecci\u00f3n de Planeaci\u00f3n Territorial y Estrat\u00e9gica de Ciudad, ofreci\u00f3 una mirada institucional que equilibr\u00f3 orgullo y apertura: <em>\u201cEstos intercambios son valiosos porque nos permiten explicar lo que hacemos, escuchar otras realidades y validar nuestro proceso. Cuando contrastamos nuestra experiencia con la de otros pa\u00edses, entendemos mejor nuestras fortalezas y tambi\u00e9n nuestros retos. El DOT no es una f\u00f3rmula r\u00edgida; es una construcci\u00f3n colectiva que se ajusta en el tiempo, pero siempre bajo el principio del inter\u00e9s general\u201d<\/em>.<\/p>\n<div id=\"attachment_515869\" style=\"width: 1285px\" class=\"wp-caption alignnone\"><a href=\"https:\/\/www.medellin.gov.co\/es\/wp-content\/uploads\/2026\/04\/visita_delegacionPanama_transporte-7.jpg\" target=\"_blank\" rel=\"noopener\"><img aria-describedby=\"caption-attachment-515869\" loading=\"lazy\" class=\"wp-image-515869 size-full\" title=\"Medell\u00edn comparte su modelo de Desarrollo Orientado al Transporte\" src=\"https:\/\/www.medellin.gov.co\/es\/wp-content\/uploads\/2026\/04\/visita_delegacionPanama_transporte-7.jpg\" alt=\"Medell\u00edn comparte su modelo de Desarrollo Orientado al Transporte\" width=\"1275\" height=\"850\" srcset=\"https:\/\/www.medellin.gov.co\/es\/wp-content\/uploads\/2026\/04\/visita_delegacionPanama_transporte-7.jpg 1275w, https:\/\/www.medellin.gov.co\/es\/wp-content\/uploads\/2026\/04\/visita_delegacionPanama_transporte-7-300x200.jpg 300w, https:\/\/www.medellin.gov.co\/es\/wp-content\/uploads\/2026\/04\/visita_delegacionPanama_transporte-7-1024x683.jpg 1024w, https:\/\/www.medellin.gov.co\/es\/wp-content\/uploads\/2026\/04\/visita_delegacionPanama_transporte-7-150x100.jpg 150w, https:\/\/www.medellin.gov.co\/es\/wp-content\/uploads\/2026\/04\/visita_delegacionPanama_transporte-7-768x512.jpg 768w\" sizes=\"(max-width: 1275px) 100vw, 1275px\" \/><\/a><p id=\"caption-attachment-515869\" class=\"wp-caption-text\">Medell\u00edn comparte su modelo de Desarrollo Orientado al Transporte<\/p><\/div>\n<p>Su intervenci\u00f3n dej\u00f3 una sensaci\u00f3n compartida: ense\u00f1ar tambi\u00e9n es aprender. Cada pregunta de la delegaci\u00f3n oblig\u00f3 a revisar fundamentos, a explicar decisiones hist\u00f3ricas, a hacer expl\u00edcito lo que en Medell\u00edn ya es parte del ADN institucional. Y en ese ejercicio, la ciudad volvi\u00f3 a confirmar que la planeaci\u00f3n no es solo t\u00e9cnica; es una cultura p\u00fablica que se cultiva durante a\u00f1os.<\/p>\n<p>El cierre lo puso Elizabeth Wolfschoon, directora general de <a href=\"https:\/\/www.mef.gob.pa\/2024\/10\/gobierno-refuerza-la-estabilidad-y-sostenibilidad-de-las-finanzas-publicas\/\" target=\"_blank\" rel=\"noopener\">Valorizaci\u00f3n del Gobierno de Panam\u00e1<\/a>. Su frase resumi\u00f3 el tono del encuentro y arranc\u00f3 una sonrisa c\u00f3mplice en la sala: <em>\u201cNo hay que descubrir que el agua moja; ustedes <\/em>(Medell\u00edn)<em> tienen la experiencia que nosotros a\u00fan no\u201d.<\/em><\/p>\n<blockquote><p>Te puede interesar:\u00a0<a href=\"https:\/\/www.medellin.gov.co\/es\/sala-de-prensa\/noticias\/medellin-y-japon-aliados-para-promover-el-desarrollo-urbano-alrededor-del-transporte-publico\/\">Medell\u00edn y Jap\u00f3n, aliados para promover el desarrollo urbano alrededor del transporte p\u00fablico<\/a><\/p><\/blockquote>\n<div id=\"attachment_515867\" style=\"width: 1285px\" class=\"wp-caption alignnone\"><a href=\"https:\/\/www.medellin.gov.co\/es\/wp-content\/uploads\/2026\/04\/visita_delegacionPanama_transporte-6.jpg\" target=\"_blank\" rel=\"noopener\"><img aria-describedby=\"caption-attachment-515867\" loading=\"lazy\" class=\"wp-image-515867 size-full\" title=\"Medell\u00edn comparte su modelo de Desarrollo Orientado al Transporte\" src=\"https:\/\/www.medellin.gov.co\/es\/wp-content\/uploads\/2026\/04\/visita_delegacionPanama_transporte-6.jpg\" alt=\"Medell\u00edn comparte su modelo de Desarrollo Orientado al Transporte\" width=\"1275\" height=\"850\" srcset=\"https:\/\/www.medellin.gov.co\/es\/wp-content\/uploads\/2026\/04\/visita_delegacionPanama_transporte-6.jpg 1275w, https:\/\/www.medellin.gov.co\/es\/wp-content\/uploads\/2026\/04\/visita_delegacionPanama_transporte-6-300x200.jpg 300w, https:\/\/www.medellin.gov.co\/es\/wp-content\/uploads\/2026\/04\/visita_delegacionPanama_transporte-6-1024x683.jpg 1024w, https:\/\/www.medellin.gov.co\/es\/wp-content\/uploads\/2026\/04\/visita_delegacionPanama_transporte-6-150x100.jpg 150w, https:\/\/www.medellin.gov.co\/es\/wp-content\/uploads\/2026\/04\/visita_delegacionPanama_transporte-6-768x512.jpg 768w\" sizes=\"(max-width: 1275px) 100vw, 1275px\" \/><\/a><p id=\"caption-attachment-515867\" class=\"wp-caption-text\">Medell\u00edn comparte su modelo de Desarrollo Orientado al Transporte<\/p><\/div>\n<p>M\u00e1s que una visita protocolaria, el intercambio fue un reconocimiento mutuo. Medell\u00edn reafirm\u00f3 su liderazgo en planeaci\u00f3n orientada al transporte y su disposici\u00f3n a compartir conocimiento. Y Panam\u00e1 se llev\u00f3 algo m\u00e1s que apuntes y fotograf\u00edas: la certeza de que planificar antes de que llegue la demanda no es una utop\u00eda, sino una decisi\u00f3n pol\u00edtica y t\u00e9cnica sostenida en el tiempo.<\/p>\n","protected":false},"excerpt":{"rendered":"<p>Durante dos d\u00edas de agenda t\u00e9cnica y recorridos de campo, Medell\u00edn present\u00f3 su modelo de Desarrollo Orientado al Transporte (DOT) y lo explic\u00f3 con planos, cifras, instrumentos y memoria institucional. La delegaci\u00f3n de la Agencia &#8230;<\/p>\n","protected":false},"author":17,"featured_media":515857,"comment_status":"open","ping_status":"open","sticky":false,"template":"","format":"standard","meta":[],"categories":[29,531],"tags":[453,434,455],"formato_nota":[],"programas_tax":[],"acf":[],"_links":{"self":[{"href":"https:\/\/www.medellin.gov.co\/es\/wp-json\/wp\/v2\/posts\/515836"}],"collection":[{"href":"https:\/\/www.medellin.gov.co\/es\/wp-json\/wp\/v2\/posts"}],"about":[{"href":"https:\/\/www.medellin.gov.co\/es\/wp-json\/wp\/v2\/types\/post"}],"author":[{"embeddable":true,"href":"https:\/\/www.medellin.gov.co\/es\/wp-json\/wp\/v2\/users\/17"}],"replies":[{"embeddable":true,"href":"https:\/\/www.medellin.gov.co\/es\/wp-json\/wp\/v2\/comments?post=515836"}],"version-history":[{"count":2,"href":"https:\/\/www.medellin.gov.co\/es\/wp-json\/wp\/v2\/posts\/515836\/revisions"}],"predecessor-version":[{"id":515878,"href":"https:\/\/www.medellin.gov.co\/es\/wp-json\/wp\/v2\/posts\/515836\/revisions\/515878"}],"wp:featuredmedia":[{"embeddable":true,"href":"https:\/\/www.medellin.gov.co\/es\/wp-json\/wp\/v2\/media\/515857"}],"wp:attachment":[{"href":"https:\/\/www.medellin.gov.co\/es\/wp-json\/wp\/v2\/media?parent=515836"}],"wp:term":[{"taxonomy":"category","embeddable":true,"href":"https:\/\/www.medellin.gov.co\/es\/wp-json\/wp\/v2\/categories?post=515836"},{"taxonomy":"post_tag","embeddable":true,"href":"https:\/\/www.medellin.gov.co\/es\/wp-json\/wp\/v2\/tags?post=515836"},{"taxonomy":"formato_nota","embeddable":true,"href":"https:\/\/www.medellin.gov.co\/es\/wp-json\/wp\/v2\/formato_nota?post=515836"},{"taxonomy":"programas_tax","embeddable":true,"href":"https:\/\/www.medellin.gov.co\/es\/wp-json\/wp\/v2\/programas_tax?post=515836"}],"curies":[{"name":"wp","href":"https:\/\/api.w.org\/{rel}","templated":true}]}}