{"id":515980,"date":"2026-04-09T14:22:04","date_gmt":"2026-04-09T19:22:04","guid":{"rendered":"https:\/\/www.medellin.gov.co\/es\/?p=515980"},"modified":"2026-04-09T14:22:04","modified_gmt":"2026-04-09T19:22:04","slug":"las-cuadrillas-de-la-alcaldia-de-la-gente-han-intervenido-y-mejorado-mas-de-750-puntos-de-espacio-publico-en-medellin","status":"publish","type":"post","link":"https:\/\/www.medellin.gov.co\/es\/sala-de-prensa\/noticias\/las-cuadrillas-de-la-alcaldia-de-la-gente-han-intervenido-y-mejorado-mas-de-750-puntos-de-espacio-publico-en-medellin\/","title":{"rendered":"Las Cuadrillas de la Alcald\u00eda de la Gente han intervenido y mejorado m\u00e1s de 750 puntos de espacio p\u00fablico en Medell\u00edn"},"content":{"rendered":"<ul>\n<li>Por medio de esta estrategia, se han ejecutado labores de mantenimiento, recuperaci\u00f3n y atenci\u00f3n de contingencias en diferentes sectores de la ciudad, incluidos andenes, v\u00edas y elementos de protecci\u00f3n peatonal.<\/li>\n<li>La iniciativa fortalece la respuesta oportuna a las necesidades de la ciudadan\u00eda en el territorio y tambi\u00e9n ha generado cerca de 700 empleos.<\/li>\n<\/ul>\n<p>Desde su puesta en marcha, las Cuadrillas de la Alcald\u00eda de la Gente ha n avanzado de manera significativa en la recuperaci\u00f3n del espacio p\u00fablico en <a href=\"https:\/\/www.instagram.com\/alcaldiademed\/?hl=es-la\" target=\"_blank\" rel=\"noopener\">Medell\u00edn<\/a>. A trav\u00e9s de esta estrategia se han desarrollado acciones de mantenimiento, recuperaci\u00f3n y atenci\u00f3n de contingencias que fortalecen la infraestructura urbana un trabajo continuo que mejora la respuesta oportuna frente a las necesidades de la ciudadan\u00eda en el territorio.<\/p>\n<p>La iniciativa ha permitido atender m\u00e1s de 75 0 puntos en las 16 comunas y un corregimiento de la ciudad; cumplir labores de mantenimiento en 10.800 metros de andenes ejecutar m\u00e1s de 300 metros en obras de estabilizaci\u00f3n intervenir 1.000 metros cuadrados de v\u00edas y hacer mantenimiento en 10.000 metros de barandas, pasamanos y elementos de protecci\u00f3n peatonal con trabajos de mantenimiento.<\/p>\n<p><a href=\"https:\/\/www.medellin.gov.co\/es\/wp-content\/uploads\/2026\/04\/Imagen-de-obrero-pintando-puente-peatonal.jpg\" target=\"_blank\" rel=\"noopener\"><img loading=\"lazy\" class=\"alignnone wp-image-515932 size-full\" title=\"obrero pintando puente peatonal\" src=\"https:\/\/www.medellin.gov.co\/es\/wp-content\/uploads\/2026\/04\/Imagen-de-obrero-pintando-puente-peatonal.jpg\" alt=\"Imagen de obrero pintando puente peatonal\" width=\"1013\" height=\"760\" srcset=\"https:\/\/www.medellin.gov.co\/es\/wp-content\/uploads\/2026\/04\/Imagen-de-obrero-pintando-puente-peatonal.jpg 1013w, https:\/\/www.medellin.gov.co\/es\/wp-content\/uploads\/2026\/04\/Imagen-de-obrero-pintando-puente-peatonal-300x225.jpg 300w, https:\/\/www.medellin.gov.co\/es\/wp-content\/uploads\/2026\/04\/Imagen-de-obrero-pintando-puente-peatonal-150x113.jpg 150w, https:\/\/www.medellin.gov.co\/es\/wp-content\/uploads\/2026\/04\/Imagen-de-obrero-pintando-puente-peatonal-768x576.jpg 768w\" sizes=\"(max-width: 1013px) 100vw, 1013px\" \/><\/a><\/p>\n<p>\u201c<em>Las Cuadrillas de la Alcald\u00eda de la Gente son una respuesta a grandes y peque\u00f1as necesidades de intervenci\u00f3n en el espacio p\u00fablico. Pero, m\u00e1s all\u00e1 de las cifras, lo m\u00e1s importante es lo que representan: calles m\u00e1s seguras, barrios m\u00e1s dignos y una alcald\u00eda que est\u00e1 presente donde la gente la necesita. Este es un trabajo que no se detiene y que seguimos fortaleciendo con inversi\u00f3n, gesti\u00f3n y, sobre todo, con el compromiso de llegar a cada rinc\u00f3n de Medell\u00edn<\/em>\u201d, expres\u00f3 el secretario de Infraestructura F\u00edsica, Jaime Andr\u00e9s Naranjo Medina.<\/p>\n<p>Esta iniciativa ha impulsado la generaci\u00f3n de cerca de 700 empleos, lo que beneficia la econom\u00eda local y dinamiza los territorios, al tiempo que promueve acciones para mejorar las condiciones de movilidad, seguridad y accesibilidad en el espacio p\u00fablico.<\/p>\n<p>La Administraci\u00f3n Distrital proyecta fortalecer esta estrategia con una inversi\u00f3n cercana a los $38.000 millones, bajo el compromiso con la recuperaci\u00f3n, el mantenimiento y la sostenibilidad del espacio p\u00fablico en Medell\u00edn.<\/p>\n","protected":false},"excerpt":{"rendered":"<p>Por medio de esta estrategia, se han ejecutado labores de mantenimiento, recuperaci\u00f3n y atenci\u00f3n de contingencias en diferentes sectores de la ciudad, incluidos andenes, v\u00edas y elementos de protecci\u00f3n peatonal. La iniciativa fortalece la respuesta &#8230;<\/p>\n","protected":false},"author":21,"featured_media":515931,"comment_status":"open","ping_status":"open","sticky":false,"template":"","format":"standard","meta":[],"categories":[11],"tags":[440,442],"formato_nota":[],"programas_tax":[],"acf":[],"_links":{"self":[{"href":"https:\/\/www.medellin.gov.co\/es\/wp-json\/wp\/v2\/posts\/515980"}],"collection":[{"href":"https:\/\/www.medellin.gov.co\/es\/wp-json\/wp\/v2\/posts"}],"about":[{"href":"https:\/\/www.medellin.gov.co\/es\/wp-json\/wp\/v2\/types\/post"}],"author":[{"embeddable":true,"href":"https:\/\/www.medellin.gov.co\/es\/wp-json\/wp\/v2\/users\/21"}],"replies":[{"embeddable":true,"href":"https:\/\/www.medellin.gov.co\/es\/wp-json\/wp\/v2\/comments?post=515980"}],"version-history":[{"count":1,"href":"https:\/\/www.medellin.gov.co\/es\/wp-json\/wp\/v2\/posts\/515980\/revisions"}],"predecessor-version":[{"id":516021,"href":"https:\/\/www.medellin.gov.co\/es\/wp-json\/wp\/v2\/posts\/515980\/revisions\/516021"}],"wp:featuredmedia":[{"embeddable":true,"href":"https:\/\/www.medellin.gov.co\/es\/wp-json\/wp\/v2\/media\/515931"}],"wp:attachment":[{"href":"https:\/\/www.medellin.gov.co\/es\/wp-json\/wp\/v2\/media?parent=515980"}],"wp:term":[{"taxonomy":"category","embeddable":true,"href":"https:\/\/www.medellin.gov.co\/es\/wp-json\/wp\/v2\/categories?post=515980"},{"taxonomy":"post_tag","embeddable":true,"href":"https:\/\/www.medellin.gov.co\/es\/wp-json\/wp\/v2\/tags?post=515980"},{"taxonomy":"formato_nota","embeddable":true,"href":"https:\/\/www.medellin.gov.co\/es\/wp-json\/wp\/v2\/formato_nota?post=515980"},{"taxonomy":"programas_tax","embeddable":true,"href":"https:\/\/www.medellin.gov.co\/es\/wp-json\/wp\/v2\/programas_tax?post=515980"}],"curies":[{"name":"wp","href":"https:\/\/api.w.org\/{rel}","templated":true}]}}