{"id":51658,"date":"2021-09-16T00:00:00","date_gmt":"2021-09-16T05:00:00","guid":{"rendered":"https:\/\/www.medellin.gov.co\/es\/saladeprensa\/noticias\/robots-y-drones-se-toman-la-i-u-pascual-bravo-en-una-feria-para-amantes-de-la-tecnologia-y-la-cuarta-revolucion-industrial\/"},"modified":"2022-03-27T21:49:01","modified_gmt":"2022-03-28T02:49:01","slug":"robots-y-drones-se-toman-la-i-u-pascual-bravo-en-una-feria-para-amantes-de-la-tecnologia-y-la-cuarta-revolucion-industrial","status":"publish","type":"post","link":"https:\/\/www.medellin.gov.co\/es\/sala-de-prensa\/noticias\/robots-y-drones-se-toman-la-i-u-pascual-bravo-en-una-feria-para-amantes-de-la-tecnologia-y-la-cuarta-revolucion-industrial\/","title":{"rendered":"Robots y drones se toman la I. U. Pascual Bravo, en una feria para amantes de la tecnolog\u00eda y la Cuarta Revoluci\u00f3n Industrial"},"content":{"rendered":"<p><span style=\"vertical-align: inherit;\"><span style=\"vertical-align: inherit;\"><\/p>\n<div class=\"wrap contenido\">\n<div class=\"noticia\">\n<div class=\"imagen\">\n<div class=\"divContImageNoticia input_plantilla input_background\" data-input=\"fotografia\" ruta=\"\/galerias\/Imagenes\/Galer\u00eda d\u00eda a d\u00eda 2021\/500_400\/20210917-Robots-y-drones-1.jpg\" fotografo=\"Foto Alcald\u00eda de Medelll\u00edn\" descripcion=\"Robots y drones se toman la I. U. Pascual Bravo, en una feria para amantes de la tecnolog\u00eda y la Cuarta Revoluci\u00f3n Industrial. \" style=\"background-image:url('\/irj\/go\/km\/docs\/galerias\/Imagenes\/Galer\u00eda d\u00eda a d\u00eda 2021\/500_400\/20210917-Robots-y-drones-1.jpg')\"><\/div>\n<p class=\"pMetaDesc\">Foto: Robots y drones se toman la I. U. Pascual Bravo, en una feria para amantes de la tecnolog\u00eda y la Cuarta Revoluci\u00f3n Industrial. <\/p>\n<p class=\"pMetaFotografo\">Fot\u00f3grafo: Foto Alcald\u00eda de Medelll\u00edn<\/p>\n<\/div>\n<p class=\"fecha\"><span class=\"input_plantilla input_text\" data-input=\"fecha\">2021-09-17<\/span><\/p>\n<p><span itemprop=\"name\" class=\"input_plantilla input_text\" data-input=\"titulo\">Robots y drones se toman la I. U. Pascual Bravo, en una feria para amantes de la tecnolog\u00eda y la Cuarta Revoluci\u00f3n Industrial<\/span><\/p>\n<h5 class=\"input_plantilla input_text\" data-input=\"autor\">Por Elizabeth Yepes Cano<\/h5>\n<div class=\"cuerpo input_plantilla input_area\" data-input=\"contenido\">\n<p>.: La instituci\u00f3n es pionera en el desarrollo de drones para la medici\u00f3n de calidad del aire y del agua, como el Dron Cartagena y el Dron Acu\u00e1tico.<\/p>\n<p>.: La Facultad de Ingenier\u00eda del Pascual Bravo cuenta con las tecnolog\u00edas en Sistemas Mecatr\u00f3nicos y en Electr\u00f3nica, que consolidan a Medell\u00edn como Valle del Software.<\/p>\n<p>.: Las inscripciones para estos y otros programas estar\u00e1n abiertas hasta el 13 de noviembre<strong>.<\/strong><\/p>\n<p><a href=\"\/irj\/go\/km\/docs\/galerias\/Audios\/Audios d\u00eda a d\u00eda 2021 - 3\/20210917-Robots-y-drones-01.mp3\" class=\"aContEnlace liMp3\" download=\"\" data-mce-href=\"\/irj\/go\/km\/docs\/galerias\/Audios\/Audios d\u00eda a d\u00eda 2021 - 3\/20210917-Robots-y-drones-01.mp3\"><span>Palabras de Heber L\u00f3pez Osorio, decano de la Facultad de Ingenier\u00eda. <\/span><span><\/span><span>2049 Kb<\/span><\/a><\/p>\n<p>Con <em>Expotecnol\u00f3gica 2021<\/em>, la Instituci\u00f3n Universitaria Pascual Bravo busca potenciar la Cuarta Revoluci\u00f3n Industrial y llevar informaci\u00f3n de inter\u00e9s a investigadores, estudiantes, profesionales, aficionados y todos los p\u00fablicos amantes de la tecnolog\u00eda. As\u00ed mismo, ratifica que las instituciones de educaci\u00f3n superior, adscritas a la Alcald\u00eda de Medell\u00edn, le apuestan a convertir a Medell\u00edn en un <em>Valle del Software<\/em>.<\/p>\n<p>Hoy, entre las 8:00 a. m. y las 8:00 p. m., se llevar\u00e1 a cabo este evento coordinado por la Facultad de Ingenier\u00eda, donde se presentar\u00e1n los m\u00e1s recientes avances en robots y drones. &nbsp;<\/p>\n<p><em>\u201cLa Instituci\u00f3n Universitaria Pascual Bravo se suma al trabajo que viene realizando la Administraci\u00f3n Municipal en la consolidaci\u00f3n de Medell\u00edn como Valle del Software y como centro para la Cuarta Revoluci\u00f3n Industrial. Muestra de ello es la feria que realizaremos de drones y robots\u201d<\/em>, destac\u00f3 el decano de la Facultad de Ingenier\u00eda, Heber L\u00f3pez Osorio.<\/p>\n<p>De 8:00 a. m. a 12:30 p.m., en la biblioteca institucional, se realizar\u00e1 el noveno concurso de rob\u00f3tica donde los participantes de los 18 equipos construir\u00e1n su propio robot de acuerdo con las reglas del evento y competir\u00e1n en tres categor\u00edas: Concurso de Robot Sumo, Robot Seguidor de L\u00ednea y el Retofuego.<\/p>\n<p>De 2:00 p. m. a 8:00 p. m., en el coliseo, tambi\u00e9n se realizar\u00e1 el concurso de minidrones que reunir\u00e1 a 12 de los mejores pilotos de Colombia para medir sus capacidades en un ambiente de compa\u00f1erismo y sana competencia. &nbsp;<\/p>\n<p><a data-mce-href=\"https:\/\/www.medellin.gov.co\/irj\/go\/km\/docs\/galerias\/Imagenes\/Galer%C3%ADa%20d%C3%ADa%20a%20d%C3%ADa%202021\/20210917-Robots-y-drones-2.jpg\" href=\"https:\/\/www.medellin.gov.co\/irj\/go\/km\/docs\/galerias\/Imagenes\/Galer%C3%ADa%20d%C3%ADa%20a%20d%C3%ADa%202021\/20210917-Robots-y-drones-2.jpg\" target=\"_blank\" rel=\"noopener\"><img src=\"https:\/\/www.medellin.gov.co\/irj\/go\/km\/docs\/galerias\/Imagenes\/Galer%C3%ADa%20d%C3%ADa%20a%20d%C3%ADa%202021\/1000_450\/20210917-Robots-y-drones-2.jpg\" width=\"100%\" alt=\"\" data-mce-src=\"https:\/\/www.medellin.gov.co\/irj\/go\/km\/docs\/galerias\/Imagenes\/Galer%C3%ADa%20d%C3%ADa%20a%20d%C3%ADa%202021\/1000_450\/20210917-Robots-y-drones-2.jpg\"><\/a><\/p>\n<p>Las competencias ser\u00e1n presenciales. Por temas de aforo, el acceso est\u00e1 restringido solo para las personas que se registraron para participar.<\/p>\n<p>Estas actividades le muestran a la ciudad y al pa\u00eds lo que hace la I. U. Pascual Bravo en materia de apropiaci\u00f3n tecnol\u00f3gica enfocada al mundo de los drones y su impacto en la Cuarta Revoluci\u00f3n Industrial. &nbsp;<\/p>\n<p><em>\u201cTenemos programas como tecnolog\u00eda en Sistemas Mecatr\u00f3nicos y tecnolog\u00eda en Electr\u00f3nica que vienen fortaleci\u00e9ndose en el desarrollo de drones utilitarios, como los drones que hicimos para la medici\u00f3n de calidad del aire o agua, y venimos en una evoluci\u00f3n creciente en este sentido aport\u00e1ndole a las necesidades de la regi\u00f3n y el pa\u00eds\u201d,<\/em> concluy\u00f3 el Decano de la Facultad de Ingenier\u00eda.<\/p>\n<p>Estudiantes, docentes e investigadores construyen las capacidades para hablar de una apropiaci\u00f3n tecnol\u00f3gica en este sentido.<\/p>\n<\/div>\n<div class=\"compartir\">Compartir en:<a title=\"\" href=\"http:\/\/www.facebook.com\/share.php?u=\" class=\"btCompartirFacebook btCompartir\" target=\"_blank\" rel=\"noopener\"><\/a><a title=\"\" href=\"http:\/\/twitter.com\/home?status=Haz%20clic%20para%20ver%20esta%20noticia%20en%20\" class=\"btCompartirTwitter btCompartir\"><\/a><a title=\"\" href=\"whatsapp:\/\/send?text=Haz%20clic%20para%20ver%20esta%20noticia%20en%20\" class=\"btCompartirWa btCompartir\"><\/a><\/div>\n<\/div>\n<p><script>try{comprobarImagen();fixBtnRedes();hitsMedellin();}catch(e){}<\/script><\/div>\n<p><\/span><\/span><\/p>\n","protected":false},"excerpt":{"rendered":"<p>Foto: Robots y drones se toman la I. U. Pascual Bravo, en una feria para amantes de la tecnolog\u00eda y la Cuarta Revoluci\u00f3n Industrial. Fot\u00f3grafo: Foto Alcald\u00eda de Medelll\u00edn 2021-09-17 Robots y drones se toman &#8230;<\/p>\n","protected":false},"author":1,"featured_media":56589,"comment_status":"open","ping_status":"open","sticky":false,"template":"","format":"standard","meta":[],"categories":[19],"tags":[431,428,426],"formato_nota":[],"programas_tax":[],"acf":[],"_links":{"self":[{"href":"https:\/\/www.medellin.gov.co\/es\/wp-json\/wp\/v2\/posts\/51658"}],"collection":[{"href":"https:\/\/www.medellin.gov.co\/es\/wp-json\/wp\/v2\/posts"}],"about":[{"href":"https:\/\/www.medellin.gov.co\/es\/wp-json\/wp\/v2\/types\/post"}],"author":[{"embeddable":true,"href":"https:\/\/www.medellin.gov.co\/es\/wp-json\/wp\/v2\/users\/1"}],"replies":[{"embeddable":true,"href":"https:\/\/www.medellin.gov.co\/es\/wp-json\/wp\/v2\/comments?post=51658"}],"version-history":[{"count":1,"href":"https:\/\/www.medellin.gov.co\/es\/wp-json\/wp\/v2\/posts\/51658\/revisions"}],"predecessor-version":[{"id":53430,"href":"https:\/\/www.medellin.gov.co\/es\/wp-json\/wp\/v2\/posts\/51658\/revisions\/53430"}],"wp:featuredmedia":[{"embeddable":true,"href":"https:\/\/www.medellin.gov.co\/es\/wp-json\/wp\/v2\/media\/56589"}],"wp:attachment":[{"href":"https:\/\/www.medellin.gov.co\/es\/wp-json\/wp\/v2\/media?parent=51658"}],"wp:term":[{"taxonomy":"category","embeddable":true,"href":"https:\/\/www.medellin.gov.co\/es\/wp-json\/wp\/v2\/categories?post=51658"},{"taxonomy":"post_tag","embeddable":true,"href":"https:\/\/www.medellin.gov.co\/es\/wp-json\/wp\/v2\/tags?post=51658"},{"taxonomy":"formato_nota","embeddable":true,"href":"https:\/\/www.medellin.gov.co\/es\/wp-json\/wp\/v2\/formato_nota?post=51658"},{"taxonomy":"programas_tax","embeddable":true,"href":"https:\/\/www.medellin.gov.co\/es\/wp-json\/wp\/v2\/programas_tax?post=51658"}],"curies":[{"name":"wp","href":"https:\/\/api.w.org\/{rel}","templated":true}]}}