{"id":51660,"date":"2021-09-17T00:00:00","date_gmt":"2021-09-17T05:00:00","guid":{"rendered":"https:\/\/www.medellin.gov.co\/es\/saladeprensa\/noticias\/con-alias-bola-ya-son-44-cabecillas-capturados-en-medellin-gracias-a-las-acciones-articuladas-de-las-autoridades\/"},"modified":"2022-03-27T21:49:02","modified_gmt":"2022-03-28T02:49:02","slug":"con-alias-bola-ya-son-44-cabecillas-capturados-en-medellin-gracias-a-las-acciones-articuladas-de-las-autoridades","status":"publish","type":"post","link":"https:\/\/www.medellin.gov.co\/es\/sala-de-prensa\/noticias\/con-alias-bola-ya-son-44-cabecillas-capturados-en-medellin-gracias-a-las-acciones-articuladas-de-las-autoridades\/","title":{"rendered":"Con alias \u201cBola\u201d, ya son 44 cabecillas capturados en Medell\u00edn gracias a las acciones articuladas de las autoridades"},"content":{"rendered":"<p><span style=\"vertical-align: inherit;\"><span style=\"vertical-align: inherit;\"><\/p>\n<div class=\"wrap contenido\">\n<div class=\"noticia\">\n<div class=\"imagen\">\n<div class=\"divContImageNoticia input_plantilla input_background\" data-input=\"fotografia\" ruta=\"\/galerias\/Imagenes\/Galer\u00eda d\u00eda a d\u00eda 2021\/500_400\/20210917-Capturas-1.jpg\" fotografo=\"Foto Alcald\u00eda de Medell\u00edn\" descripcion=\"Con alias \u201cBola\u201d, ya son 44 cabecillas capturados en Medell\u00edn gracias a las acciones articuladas de las autoridades.\" style=\"background-image:url('\/irj\/go\/km\/docs\/galerias\/Imagenes\/Galer\u00eda d\u00eda a d\u00eda 2021\/500_400\/20210917-Capturas-1.jpg')\"><\/div>\n<p class=\"pMetaDesc\">Foto: Con alias \u201cBola\u201d, ya son 44 cabecillas capturados en Medell\u00edn gracias a las acciones articuladas de las autoridades.<\/p>\n<p class=\"pMetaFotografo\">Fot\u00f3grafo: Foto Alcald\u00eda de Medell\u00edn<\/p>\n<\/div>\n<p class=\"fecha\"><span class=\"input_plantilla input_text\" data-input=\"fecha\">2021-09-17<\/span><\/p>\n<p><span itemprop=\"name\" class=\"input_plantilla input_text\" data-input=\"titulo\">Con alias \u201cBola\u201d, ya son 44 cabecillas capturados en Medell\u00edn gracias a las acciones articuladas de las autoridades<\/span><\/p>\n<h5 class=\"input_plantilla input_text\" data-input=\"autor\">Por Stephen Arboleda<\/h5>\n<div class=\"cuerpo input_plantilla input_area\" data-input=\"contenido\">\n<p>.: Alias \u201cBola\u201d, capturado en Guatap\u00e9, es se\u00f1alado cabecilla del Grupo Delincuencial de \u201cLos Chivos\u201d, con injerencia en Altavista y por quien se ofrec\u00eda recompensa de hasta $50 millones.<\/p>\n<p>.: En una operaci\u00f3n desarrollada en La Iguan\u00e1 fue capturado alias \u201cMinim\u00ed\u201d o \u201cChiqui\u201d, coordinador del Grupo Delincuencial de \u201cRobledo\u201d.<\/p>\n<p><a href=\"\/irj\/go\/km\/docs\/galerias\/Audios\/Audios d\u00eda a d\u00eda 2021 - 3\/20210917-Capturas-01.mp3\" class=\"aContEnlace liMp3\" download=\"\" data-mce-href=\"\/irj\/go\/km\/docs\/galerias\/Audios\/Audios d\u00eda a d\u00eda 2021 - 3\/20210917-Capturas-01.mp3\"><span>Palabras de Daniel Quintero Calle, alcalde de Medell\u00edn.<\/span><span><\/span><span>4998 Kb<\/span><\/a><\/p>\n<p>El alcalde Daniel Quintero Calle destac\u00f3 las recientes acciones de la Polic\u00eda Metropolitana que permitieron la captura, en el municipio de Guatap\u00e9, del se\u00f1alado cabecilla del Grupo Delincuencial Com\u00fan Organizado de \u201cLos Chivos\u201d, alias \u201cBola\u201d, con injerencia en el corregimiento de Altavista y sectores aleda\u00f1os. Este grupo es acusado de m\u00faltiples cr\u00edmenes, entre ellos la instrumentalizaci\u00f3n de menores de edad, la extorsi\u00f3n y una alianza criminal con la organizaci\u00f3n de \u201cEl Mesa\u201d, de Bello.<\/p>\n<p>De acuerdo con la Polic\u00eda Metropolitana, este hombre de 31 a\u00f1os lideraba actividades il\u00edcitas, incluidos pr\u00e9stamos \u201cgota a gota\u201d. En la actualidad sostendr\u00eda coordinaciones delictivas con alias \u201cTom\u201d y alias \u201cCan\u00edbal\u201d, este \u00faltimo disidente del frente 36 de las FARC, ambos hoy capturados.<\/p>\n<p>\u201c<em>Con este golpe permitimos seguir en el proceso de desmantelaci\u00f3n del grupo criminal \u201cLos Chivos\u201d y vamos a seguir avanzando con resultados como estos. Esto ha permitido una reducci\u00f3n de los homicidios en Altavista del 60 % desde que iniciamos nuestra administraci\u00f3n y vamos a continuar con esa acci\u00f3n muy importante<\/em>\u201d, se\u00f1al\u00f3 el Alcalde.<\/p>\n<p><a href=\"\/irj\/go\/km\/docs\/galerias\/Imagenes\/Galer%C3%ADa%20d%C3%ADa%20a%20d%C3%ADa%202021\/20210917-Capturas-2.jpeg\" title=\"Con alias \u201cBola\u201d, ya son 44 cabecillas capturados en Medell\u00edn gracias a las acciones articuladas de las autoridades\" target=\"_blank\" rel=\"noopener\" data-mce-href=\"\/irj\/go\/km\/docs\/galerias\/Imagenes\/Galer%C3%ADa%20d%C3%ADa%20a%20d%C3%ADa%202021\/20210917-Capturas-2.jpeg\"><img src=\"\/irj\/go\/km\/docs\/galerias\/Imagenes\/Galer%C3%ADa%20d%C3%ADa%20a%20d%C3%ADa%202021\/1000_450\/20210917-Capturas-2.jpg\" alt=\"Con alias \u201cBola\u201d, ya son 44 cabecillas capturados en Medell\u00edn gracias a las acciones articuladas de las autoridades\" width=\"100%\" data-mce-src=\"\/irj\/go\/km\/docs\/galerias\/Imagenes\/Galer%C3%ADa%20d%C3%ADa%20a%20d%C3%ADa%202021\/1000_450\/20210917-Capturas-2.jpg\"><\/a><\/p>\n<p>Alias \u201cBola\u201d, quien adem\u00e1s es reincidente, capturado en 2016 y quien recobr\u00f3 la libertad en 2019, ten\u00eda alianzas ilegales con el Grupo Delincuencial Organizado \u201cEl Mesa\u201d para actividades de instalaci\u00f3n de laboratorios de producci\u00f3n de drogas en sus zonas de injerencia, con un cobro de $4 millones mensuales, aproximadamente. Adem\u00e1s, realizaba el cobro de extorsiones de $90.000 semanales, por veh\u00edculo, a la empresa de transporte p\u00fablico de esta zona.<\/p>\n<p>Tambi\u00e9n fue capturado un coordinador del Grupo Delincuencial Organizado de \u201cRobledo\u201d, conocido con el alias de \u201cMinim\u00ed\u201d o \u201cChiqui\u201d, quien, de acuerdo con las investigaciones, manejaba las finanzas de esta organizaci\u00f3n criminal. Esta acci\u00f3n se realiz\u00f3 en el barrio La Iguan\u00e1.<\/p>\n<p>El sujeto tendr\u00eda una trayectoria como sicario desde hace 6 a\u00f1os, aproximadamente. Adem\u00e1s, con su identificaci\u00f3n se esclarece un asesinato, ocurrido el pasado 15 de abril.<\/p>\n<p>\u201c<em>Con esta captura logramos avanzar en el esclarecimiento de varios homicidios en la ciudad, entre ellos el de Rigoberto Arango Martinez, un homicidio que ocurri\u00f3 a principios de este a\u00f1o. Hemos logrado duplicar el n\u00famero de esclarecimientos que tiene la ciudad, lo que significa que cada vez es m\u00e1s dif\u00edcil cometer delitos en Medell\u00edn, porque estamos usando tecnolog\u00eda y haciendo un esfuerzo permanente de articulaci\u00f3n<\/em>\u201d, expres\u00f3 el mandatario local.<\/p>\n<p>De 2020 a la fecha han sido capturados 44 cabecillas, en el marco de una estrategia coordinada y articulada que solo este a\u00f1o ha presentado ante la justicia 14 de estos cabecillas, 62 coordinadores y 288 integrantes del crimen organizado.<\/p>\n<p>Como parte de estas acciones se mantienen las recompensas entre $20 millones y $50 millones por l\u00edderes y miembros relevantes de grupos criminales. Esta estrategia ha permitido 98 capturas desde que se puso en marcha.<\/p>\n<\/div>\n<div class=\"compartir\">Compartir en:<a title=\"\" href=\"http:\/\/www.facebook.com\/share.php?u=\" class=\"btCompartirFacebook btCompartir\" target=\"_blank\" rel=\"noopener\"><\/a><a title=\"\" href=\"http:\/\/twitter.com\/home?status=Haz%20clic%20para%20ver%20esta%20noticia%20en%20\" class=\"btCompartirTwitter btCompartir\"><\/a><a title=\"\" href=\"whatsapp:\/\/send?text=Haz%20clic%20para%20ver%20esta%20noticia%20en%20\" class=\"btCompartirWa btCompartir\"><\/a><\/div>\n<\/div>\n<p><script>try{comprobarImagen();fixBtnRedes();hitsMedellin();}catch(e){}<\/script><\/div>\n<p><\/span><\/span><\/p>\n","protected":false},"excerpt":{"rendered":"<p>Foto: Con alias \u201cBola\u201d, ya son 44 cabecillas capturados en Medell\u00edn gracias a las acciones articuladas de las autoridades. Fot\u00f3grafo: Foto Alcald\u00eda de Medell\u00edn 2021-09-17 Con alias \u201cBola\u201d, ya son 44 cabecillas capturados en Medell\u00edn &#8230;<\/p>\n","protected":false},"author":1,"featured_media":56590,"comment_status":"open","ping_status":"open","sticky":false,"template":"","format":"standard","meta":[],"categories":[21],"tags":[453,455],"formato_nota":[],"programas_tax":[],"acf":[],"_links":{"self":[{"href":"https:\/\/www.medellin.gov.co\/es\/wp-json\/wp\/v2\/posts\/51660"}],"collection":[{"href":"https:\/\/www.medellin.gov.co\/es\/wp-json\/wp\/v2\/posts"}],"about":[{"href":"https:\/\/www.medellin.gov.co\/es\/wp-json\/wp\/v2\/types\/post"}],"author":[{"embeddable":true,"href":"https:\/\/www.medellin.gov.co\/es\/wp-json\/wp\/v2\/users\/1"}],"replies":[{"embeddable":true,"href":"https:\/\/www.medellin.gov.co\/es\/wp-json\/wp\/v2\/comments?post=51660"}],"version-history":[{"count":1,"href":"https:\/\/www.medellin.gov.co\/es\/wp-json\/wp\/v2\/posts\/51660\/revisions"}],"predecessor-version":[{"id":53431,"href":"https:\/\/www.medellin.gov.co\/es\/wp-json\/wp\/v2\/posts\/51660\/revisions\/53431"}],"wp:featuredmedia":[{"embeddable":true,"href":"https:\/\/www.medellin.gov.co\/es\/wp-json\/wp\/v2\/media\/56590"}],"wp:attachment":[{"href":"https:\/\/www.medellin.gov.co\/es\/wp-json\/wp\/v2\/media?parent=51660"}],"wp:term":[{"taxonomy":"category","embeddable":true,"href":"https:\/\/www.medellin.gov.co\/es\/wp-json\/wp\/v2\/categories?post=51660"},{"taxonomy":"post_tag","embeddable":true,"href":"https:\/\/www.medellin.gov.co\/es\/wp-json\/wp\/v2\/tags?post=51660"},{"taxonomy":"formato_nota","embeddable":true,"href":"https:\/\/www.medellin.gov.co\/es\/wp-json\/wp\/v2\/formato_nota?post=51660"},{"taxonomy":"programas_tax","embeddable":true,"href":"https:\/\/www.medellin.gov.co\/es\/wp-json\/wp\/v2\/programas_tax?post=51660"}],"curies":[{"name":"wp","href":"https:\/\/api.w.org\/{rel}","templated":true}]}}