{"id":51813,"date":"2021-09-29T00:00:00","date_gmt":"2021-09-29T05:00:00","guid":{"rendered":"https:\/\/www.medellin.gov.co\/es\/saladeprensa\/noticias\/este-lunes-4-de-octubre-comienza-el-pico-y-placa-para-motocicletas\/"},"modified":"2022-03-27T21:50:22","modified_gmt":"2022-03-28T02:50:22","slug":"este-lunes-4-de-octubre-comienza-el-pico-y-placa-para-motocicletas","status":"publish","type":"post","link":"https:\/\/www.medellin.gov.co\/es\/sala-de-prensa\/noticias\/este-lunes-4-de-octubre-comienza-el-pico-y-placa-para-motocicletas\/","title":{"rendered":"Este lunes 4 de octubre comienza el pico y placa para motocicletas"},"content":{"rendered":"<p><span style=\"vertical-align: inherit;\"><span style=\"vertical-align: inherit;\"><\/p>\n<div class=\"wrap contenido\">\n<div class=\"noticia\">\n<div class=\"imagen\">\n<div class=\"divContImageNoticia input_plantilla input_background\" data-input=\"fotografia\" ruta=\"\/galerias\/Imagenes\/Galer\u00eda d\u00eda a d\u00eda 2021\/500_400\/20210929-Pico-y-Placa-Motos-1.jpg\" fotografo=\"Foto Alcald\u00eda de Medell\u00edn\" descripcion=\"Este lunes 4 de octubre comienza el pico y placa para motocicletas.\" style=\"background-image:url('\/irj\/go\/km\/docs\/galerias\/Imagenes\/Galer\u00eda d\u00eda a d\u00eda 2021\/500_400\/20210929-Pico-y-Placa-Motos-1.jpg')\"><\/div>\n<p class=\"pMetaDesc\">Foto: Este lunes 4 de octubre comienza el pico y placa para motocicletas.<\/p>\n<p class=\"pMetaFotografo\">Fot\u00f3grafo: Foto Alcald\u00eda de Medell\u00edn<\/p>\n<\/div>\n<p class=\"fecha\"><span class=\"input_plantilla input_text\" data-input=\"fecha\">2021-09-29<\/span><\/p>\n<p><span itemprop=\"name\" class=\"input_plantilla input_text\" data-input=\"titulo\">Este lunes 4 de octubre comienza el pico y placa para motocicletas<\/span><\/p>\n<h5 class=\"input_plantilla input_text\" data-input=\"autor\">Informaci\u00f3n para periodistas Por Cristian Adarve Arboleda<\/h5>\n<div class=\"cuerpo input_plantilla input_area\" data-input=\"contenido\">\n<p>.: La medida aplica para motos de dos y cuatro tiempos y rige en todos los municipios del Valle de Aburr\u00e1.<\/p>\n<p>.: Durante dos semanas habr\u00e1 un periodo pedag\u00f3gico y el 19 de octubre iniciar\u00e1 la fase sancionatoria.<\/p>\n<p>.: Las motocicletas destinadas a la entrega de domicilios y a la mensajer\u00eda estar\u00e1n exentas, con previa inscripci\u00f3n a trav\u00e9s de la p\u00e1gina web de la Alcald\u00eda de Medell\u00edn.<\/p>\n<p><a href=\"\/irj\/go\/km\/docs\/galerias\/Audios\/Audios d\u00eda a d\u00eda 2021 - 3\/20210929-Pico-y-Placa-Motos-01.mp3\" class=\"aContEnlace liMp3\" download=\"\" data-mce-href=\"\/irj\/go\/km\/docs\/galerias\/Audios\/Audios d\u00eda a d\u00eda 2021 - 3\/20210929-Pico-y-Placa-Motos-01.mp3\"><span>Palabras de Carlos Mario Mej\u00eda, secretario de Movilidad.<\/span><span><\/span><span>1344 Kb<\/span><\/a><\/p>\n<p>El pr\u00f3ximo lunes, 4 de octubre de 2021, en Medell\u00edn y los otros nueve municipios del Valle de Aburr\u00e1 comenzar\u00e1 a regir el pico y placa para motocicletas. En esta ocasi\u00f3n, la medida aplicar\u00e1 para motos de dos y cuatro tiempos.<\/p>\n<p>As\u00ed como se socializ\u00f3 para carros, para este tipo de veh\u00edculos tambi\u00e9n habr\u00e1 dos semanas pedag\u00f3gicas, es decir que, si un conductor es sorprendido infringiendo la medida durante este periodo podr\u00e1 recibir un comparendo pedag\u00f3gico. El 19 de octubre iniciar\u00e1 la fase sancionatoria.<\/p>\n<p><a data-mce-href=\"\/irj\/go\/km\/docs\/galerias\/Imagenes\/Galer%C3%ADa%20d%C3%ADa%20a%20d%C3%ADa%202021\/20210929-Pico-y-Placa-Motos-2.jpeg\" href=\"\/irj\/go\/km\/docs\/galerias\/Imagenes\/Galer%C3%ADa%20d%C3%ADa%20a%20d%C3%ADa%202021\/20210929-Pico-y-Placa-Motos-2.jpeg\" title=\"Este lunes 4 de octubre comienza el pico y placa para motocicletas\" target=\"_blank\" rel=\"noopener\"><img src=\"\/irj\/go\/km\/docs\/galerias\/Imagenes\/Galer%C3%ADa%20d%C3%ADa%20a%20d%C3%ADa%202021\/20210929-Pico-y-Placa-Motos-2.jpeg\" alt=\"Este lunes 4 de octubre comienza el pico y placa para motocicletas\" width=\"100%\" data-mce-src=\"\/irj\/go\/km\/docs\/galerias\/Imagenes\/Galer%C3%ADa%20d%C3%ADa%20a%20d%C3%ADa%202021\/20210929-Pico-y-Placa-Motos-2.jpeg\"><\/a><br data-mce-bogus=\"1\"><\/p>\n<p>\u201c<em>El pico y placa para motocicletas tambi\u00e9n ser\u00e1 de un d\u00edgito al d\u00eda, es decir que cada veh\u00edculo tendr\u00e1 restricci\u00f3n cada dos semanas. Aplicar\u00e1 de lunes a viernes entre las 5:00 a. m. y las 8:00 p. m. Es importante recordar que la rotaci\u00f3n para las motos se determina de acuerdo con el primer d\u00edgito de la placa<\/em>\u201d, dijo el secretario de Movilidad, Carlos Mario Mej\u00eda.<\/p>\n<p>Entre las exenciones se encuentran las motocicletas destinadas a la entrega de domicilios y mensajer\u00eda, las cuales deben solicitar inscripci\u00f3n en la p\u00e1gina web de la Alcald\u00eda de Medell\u00edn, a trav\u00e9s del bot\u00f3n \u201csolicitud exenci\u00f3n pico y placa\u201d o haciendo clic en el siguiente enlace directo: <a href=\"https:\/\/forms.gle\/RLKZNDNtW2bBUcXi8\" data-mce-href=\"https:\/\/forms.gle\/RLKZNDNtW2bBUcXi8\">https:\/\/forms.gle\/RLKZNDNtW2bBUcXi8<\/a>. Las personas deber\u00e1n llenar el formulario y adjuntar los documentos requeridos.<\/p>\n<p>Las v\u00edas exentas de pico y placa son: Autopista Sur, Avenida Regional, Avenida Paralela), Avenida Las Palmas, Avenida 33 desde el r\u00edo hasta su conexi\u00f3n con Las Palmas, laterales de la quebrada La Iguan\u00e1 (entre carreras 63 y 80) y la calzada norte (sentido oriente \u2013 occidente) del Puente Horacio Toro entre los lazos que permiten hacer el retorno al sur.<\/p>\n<p>El incumplimiento de la medida de pico y placa genera una sanci\u00f3n de $447.555 y la inmovilizaci\u00f3n del veh\u00edculo.<\/p>\n<\/div>\n<div class=\"compartir\">Compartir en:<a title=\"\" href=\"http:\/\/www.facebook.com\/share.php?u=\" class=\"btCompartirFacebook btCompartir\" target=\"_blank\" rel=\"noopener\"><\/a><a title=\"\" href=\"http:\/\/twitter.com\/home?status=Haz%20clic%20para%20ver%20esta%20noticia%20en%20\" class=\"btCompartirTwitter btCompartir\"><\/a><a title=\"\" href=\"whatsapp:\/\/send?text=Haz%20clic%20para%20ver%20esta%20noticia%20en%20\" class=\"btCompartirWa btCompartir\"><\/a><\/div>\n<\/div>\n<p><script>try{comprobarImagen();fixBtnRedes();hitsMedellin();}catch(e){}<\/script><\/div>\n<p><\/span><\/span><\/p>\n","protected":false},"excerpt":{"rendered":"<p>Foto: Este lunes 4 de octubre comienza el pico y placa para motocicletas. Fot\u00f3grafo: Foto Alcald\u00eda de Medell\u00edn 2021-09-29 Este lunes 4 de octubre comienza el pico y placa para motocicletas Informaci\u00f3n para periodistas Por &#8230;<\/p>\n","protected":false},"author":1,"featured_media":56666,"comment_status":"open","ping_status":"open","sticky":false,"template":"","format":"standard","meta":[],"categories":[2,14],"tags":[437,447,448],"formato_nota":[],"programas_tax":[],"acf":[],"_links":{"self":[{"href":"https:\/\/www.medellin.gov.co\/es\/wp-json\/wp\/v2\/posts\/51813"}],"collection":[{"href":"https:\/\/www.medellin.gov.co\/es\/wp-json\/wp\/v2\/posts"}],"about":[{"href":"https:\/\/www.medellin.gov.co\/es\/wp-json\/wp\/v2\/types\/post"}],"author":[{"embeddable":true,"href":"https:\/\/www.medellin.gov.co\/es\/wp-json\/wp\/v2\/users\/1"}],"replies":[{"embeddable":true,"href":"https:\/\/www.medellin.gov.co\/es\/wp-json\/wp\/v2\/comments?post=51813"}],"version-history":[{"count":1,"href":"https:\/\/www.medellin.gov.co\/es\/wp-json\/wp\/v2\/posts\/51813\/revisions"}],"predecessor-version":[{"id":53507,"href":"https:\/\/www.medellin.gov.co\/es\/wp-json\/wp\/v2\/posts\/51813\/revisions\/53507"}],"wp:featuredmedia":[{"embeddable":true,"href":"https:\/\/www.medellin.gov.co\/es\/wp-json\/wp\/v2\/media\/56666"}],"wp:attachment":[{"href":"https:\/\/www.medellin.gov.co\/es\/wp-json\/wp\/v2\/media?parent=51813"}],"wp:term":[{"taxonomy":"category","embeddable":true,"href":"https:\/\/www.medellin.gov.co\/es\/wp-json\/wp\/v2\/categories?post=51813"},{"taxonomy":"post_tag","embeddable":true,"href":"https:\/\/www.medellin.gov.co\/es\/wp-json\/wp\/v2\/tags?post=51813"},{"taxonomy":"formato_nota","embeddable":true,"href":"https:\/\/www.medellin.gov.co\/es\/wp-json\/wp\/v2\/formato_nota?post=51813"},{"taxonomy":"programas_tax","embeddable":true,"href":"https:\/\/www.medellin.gov.co\/es\/wp-json\/wp\/v2\/programas_tax?post=51813"}],"curies":[{"name":"wp","href":"https:\/\/api.w.org\/{rel}","templated":true}]}}